{"id":12959,"date":"2026-04-07T11:18:22","date_gmt":"2026-04-07T14:18:22","guid":{"rendered":"https:\/\/opinionpublica.com.ar\/index\/?p=12959"},"modified":"2026-04-07T11:18:22","modified_gmt":"2026-04-07T14:18:22","slug":"tierra-del-fuego-entre-las-provincias-quebradas-que-recibiran-fondos-nacionales-para-evitar-un-conflicto-social","status":"publish","type":"post","link":"https:\/\/opinionpublica.com.ar\/index\/tierra-del-fuego-entre-las-provincias-quebradas-que-recibiran-fondos-nacionales-para-evitar-un-conflicto-social\/","title":{"rendered":"TIERRA DEL FUEGO, ENTRE LAS PROVINCIAS QUEBRADAS QUE RECIBIRAN FONDOS NACIONALES PARA EVITAR UN CONFLICTO SOCIAL"},"content":{"rendered":"<h3>TIERRA DEL FUEGO, ENTRE LAS PROVINCIAS QUEBRADAS QUE RECIBIRAN FONDOS NACIONALES PARA EVITAR UN CONFLICTO SOCIAL<\/h3>\n<p><a href=\"https:\/\/opinionpublica.com.ar\/index\/wp-content\/uploads\/2024\/06\/ushuaia-turismo-argentina-e1551133953153.jpg\"><img fetchpriority=\"high\" decoding=\"async\" class=\"alignnone size-full wp-image-4217\" src=\"https:\/\/opinionpublica.com.ar\/index\/wp-content\/uploads\/2024\/06\/ushuaia-turismo-argentina-e1551133953153.jpg\" alt=\"\" width=\"1440\" height=\"600\" srcset=\"https:\/\/opinionpublica.com.ar\/index\/wp-content\/uploads\/2024\/06\/ushuaia-turismo-argentina-e1551133953153.jpg 1440w, https:\/\/opinionpublica.com.ar\/index\/wp-content\/uploads\/2024\/06\/ushuaia-turismo-argentina-e1551133953153-300x125.jpg 300w, https:\/\/opinionpublica.com.ar\/index\/wp-content\/uploads\/2024\/06\/ushuaia-turismo-argentina-e1551133953153-1024x427.jpg 1024w, https:\/\/opinionpublica.com.ar\/index\/wp-content\/uploads\/2024\/06\/ushuaia-turismo-argentina-e1551133953153-768x320.jpg 768w\" sizes=\"(max-width: 1440px) 100vw, 1440px\" \/><\/a><\/p>\n<p>El gobierno de Javier Milei publicar\u00e1 un decreto que otorga un adelanto de coparticipaci\u00f3n por un total de $400.000 millones a unas doce provincias, entre las que se encuentra Tierra del Fuego. Esta medida responde al temor oficial ante un posible conflicto social en distritos con severas dificultades para afrontar el pago de salarios estatales. La situaci\u00f3n econ\u00f3mica de la provincia es cr\u00edtica y la ayuda nacional es necesaria para evitar un colapso total.<\/p>\n","protected":false},"excerpt":{"rendered":"<p>TIERRA DEL FUEGO, ENTRE LAS PROVINCIAS QUEBRADAS QUE RECIBIRAN FONDOS NACIONALES PARA EVITAR UN CONFLICTO SOCIAL El gobierno<\/p>\n","protected":false},"author":5,"featured_media":4217,"comment_status":"open","ping_status":"open","sticky":false,"template":"","format":"standard","meta":{"footnotes":""},"categories":[2],"tags":[],"class_list":["post-12959","post","type-post","status-publish","format-standard","has-post-thumbnail","hentry","category-tierra-del-fuego"],"featured_image_urls":{"full":["https:\/\/opinionpublica.com.ar\/index\/wp-content\/uploads\/2024\/06\/ushuaia-turismo-argentina-e1551133953153.jpg",1440,600,false],"thumbnail":["https:\/\/opinionpublica.com.ar\/index\/wp-content\/uploads\/2024\/06\/ushuaia-turismo-argentina-e1551133953153-150x150.jpg",150,150,true],"medium":["https:\/\/opinionpublica.com.ar\/index\/wp-content\/uploads\/2024\/06\/ushuaia-turismo-argentina-e1551133953153-300x125.jpg",300,125,true],"medium_large":["https:\/\/opinionpublica.com.ar\/index\/wp-content\/uploads\/2024\/06\/ushuaia-turismo-argentina-e1551133953153-768x320.jpg",640,267,true],"large":["https:\/\/opinionpublica.com.ar\/index\/wp-content\/uploads\/2024\/06\/ushuaia-turismo-argentina-e1551133953153-1024x427.jpg",640,267,true],"1536x1536":["https:\/\/opinionpublica.com.ar\/index\/wp-content\/uploads\/2024\/06\/ushuaia-turismo-argentina-e1551133953153.jpg",1440,600,false],"2048x2048":["https:\/\/opinionpublica.com.ar\/index\/wp-content\/uploads\/2024\/06\/ushuaia-turismo-argentina-e1551133953153.jpg",1440,600,false],"morenews-large":["https:\/\/opinionpublica.com.ar\/index\/wp-content\/uploads\/2024\/06\/ushuaia-turismo-argentina-e1551133953153-825x575.jpg",825,575,true],"morenews-medium":["https:\/\/opinionpublica.com.ar\/index\/wp-content\/uploads\/2024\/06\/ushuaia-turismo-argentina-e1551133953153-590x410.jpg",590,410,true]},"author_info":{"display_name":"Hal","author_link":"https:\/\/opinionpublica.com.ar\/index\/author\/hal\/"},"category_info":"<a href=\"https:\/\/opinionpublica.com.ar\/index\/category\/tierra-del-fuego\/\" rel=\"category tag\">Tierra del Fuego<\/a>","tag_info":"Tierra del Fuego","comment_count":"0","_links":{"self":[{"href":"https:\/\/opinionpublica.com.ar\/index\/wp-json\/wp\/v2\/posts\/12959","targetHints":{"allow":["GET"]}}],"collection":[{"href":"https:\/\/opinionpublica.com.ar\/index\/wp-json\/wp\/v2\/posts"}],"about":[{"href":"https:\/\/opinionpublica.com.ar\/index\/wp-json\/wp\/v2\/types\/post"}],"author":[{"embeddable":true,"href":"https:\/\/opinionpublica.com.ar\/index\/wp-json\/wp\/v2\/users\/5"}],"replies":[{"embeddable":true,"href":"https:\/\/opinionpublica.com.ar\/index\/wp-json\/wp\/v2\/comments?post=12959"}],"version-history":[{"count":1,"href":"https:\/\/opinionpublica.com.ar\/index\/wp-json\/wp\/v2\/posts\/12959\/revisions"}],"predecessor-version":[{"id":12960,"href":"https:\/\/opinionpublica.com.ar\/index\/wp-json\/wp\/v2\/posts\/12959\/revisions\/12960"}],"wp:featuredmedia":[{"embeddable":true,"href":"https:\/\/opinionpublica.com.ar\/index\/wp-json\/wp\/v2\/media\/4217"}],"wp:attachment":[{"href":"https:\/\/opinionpublica.com.ar\/index\/wp-json\/wp\/v2\/media?parent=12959"}],"wp:term":[{"taxonomy":"category","embeddable":true,"href":"https:\/\/opinionpublica.com.ar\/index\/wp-json\/wp\/v2\/categories?post=12959"},{"taxonomy":"post_tag","embeddable":true,"href":"https:\/\/opinionpublica.com.ar\/index\/wp-json\/wp\/v2\/tags?post=12959"}],"curies":[{"name":"wp","href":"https:\/\/api.w.org\/{rel}","templated":true}]}}