{"id":1296,"date":"2024-03-30T12:23:55","date_gmt":"2024-03-30T15:23:55","guid":{"rendered":"https:\/\/opinionpublica.com.ar\/index\/?p=1296"},"modified":"2024-03-30T12:23:55","modified_gmt":"2024-03-30T15:23:55","slug":"gobernador-melella-no-recibira-a-laura-richardson-jefa-del-comando-sur","status":"publish","type":"post","link":"https:\/\/opinionpublica.com.ar\/index\/gobernador-melella-no-recibira-a-laura-richardson-jefa-del-comando-sur\/","title":{"rendered":"Gobernador Melella no recibir\u00e1 a Laura Richardson jefa del Comando Sur"},"content":{"rendered":"<p>El gobernador descart\u00f3 que Laura Richardson est\u00e9 en el acto del 2, pero s\u00ed el jueves 4. Confirm\u00f3 haber recibido un pedido de la embajada de los EE.UU. para que se reuniera con la jefa del SouthCom, pero dijo que no la recibir\u00e1.<\/p>\n<p><a href=\"https:\/\/opinionpublica.com.ar\/index\/wp-content\/uploads\/2024\/03\/laura-richarson.jpg\"><img fetchpriority=\"high\" decoding=\"async\" class=\"alignnone  wp-image-1297\" src=\"https:\/\/opinionpublica.com.ar\/index\/wp-content\/uploads\/2024\/03\/laura-richarson.jpg\" alt=\"\" width=\"417\" height=\"275\" \/><\/a><\/p>\n<p>Durante las pasadas 48 horas, corri\u00f3 la versi\u00f3n en Tierra del Fuego que la\u00a0generala estadounidense de cuatro estrellas y jefa del Comando Sur de los EE.UU., Laura Richardson; podr\u00eda arribar a Ushuaia este 2 de abril para estar presente en el acto central de la provincia, por el\u00a042 aniversario de la Guerra de Malvinas, donde se conmemorar\u00e1 -justamente-; el\u00a0D\u00eda de los Veteranos y de los Ca\u00eddos en la Guerra de Malvinas.<\/p>\n<p>Pero esa posibilidad qued\u00f3 relegada esta tarde, cuando en comunicaci\u00f3n con\u00a0Agenda Malvinas, el\u00a0gobernador de la provincia, Gustavo Melella; descart\u00f3 que la militar norteamericana se hiciera presente el martes 2, aunque estim\u00f3 que s\u00ed podr\u00eda llegar a la capital fueguina el jueves 4.<\/p>\n<p>A\u00fan as\u00ed,\u00a0Melella\u00a0desech\u00f3 reunirse con\u00a0Laura Richardson. Tajante, ante la pregunta de este medio, si hab\u00eda recibido un pedido formal de la embajada de los EE.UU. en la Argentina para que se reuniera con la jefa del Comando Sur, el mandatario respondi\u00f3:\u00a0\u201cSi. Pero no la voy a recibir\u201d.<\/p>\n<p>En enero del a\u00f1o pasado, el gobernador fueguino cruz\u00f3 a la jefa del Comando Sur, despu\u00e9s que la militar norteamericana asegurara que Am\u00e9rica Latina es importante para su Pa\u00eds, por\u00a0\u201ctodos sus ricos recursos y elementos de tierras poco comunes\u201d,\u00a0como ser\u00a0\u201cel tri\u00e1ngulo del litio\u201d,\u00a0que hay entre Argentina, Bolivia, Chile.<\/p>\n<p>En esa oportunidad,\u00a0Melella\u00a0le advirti\u00f3 que los pa\u00edses latinoamericanos no necesitan un tutelaje de las pol\u00edticas y recursos naturales. Y dijo que\u00a0Richardson\u00a0era\u00a0\u201cuna atrevida\u201d.<\/p>\n<p>En tono did\u00e1ctico, el mandatario le dijo que\u00a0\u201cLos recursos naturales son de cada provincia. El litio es de Argentina, el gas, el petr\u00f3leo, la pesca. El recurso natural que sea, si est\u00e1 en nuestra regi\u00f3n, es nuestro. Y eso tiene que ver con la soberan\u00eda\u201d.<\/p>\n<p>\u201cAm\u00e9rica no necesita de Estados Unidos para cuidar eso. Los recursos naturales tienen que ver con el poder, con el desarrollo, con el futuro. Ellos se creen cada vez m\u00e1s los due\u00f1os. No necesitamos que nos tutelen\u201d;\u00a0le\u00a0contest\u00f3\u00a0Melella\u00a0frente al silencio del gobierno nacional de\u00a0Alberto Fern\u00e1ndez\u00a0y gran parte del arco pol\u00edtico argentino.<\/p>\n<p>Frenar la presencia de China y Rusia<\/p>\n<p>La presencia de\u00a0Laura Richardson\u00a0en el Pa\u00eds, prevista para la pr\u00f3xima semana tiene en carpeta -adem\u00e1s de cerrar el acuerdo por la venta de los antiguos\u00a0caza interceptores F-16-; una visita a Neuqu\u00e9n y otra a Ushuaia, aunque la agenda final a\u00fan no fue confirmada oficialmente.<\/p>\n<p>De todos modos, se trata de dos puntos sensibles. En Neuqu\u00e9n, la Argentina y China instalaron una estaci\u00f3n de observaci\u00f3n espacial bajo la tutela de China y la Comisi\u00f3n Nacional de Actividades Espaciales (Conae), estaci\u00f3n que Estados Unidos siempre observ\u00f3 con desconfianza.<\/p>\n<p>Y por otro lado, en Tierra del Fuego,\u00a0Richardson\u00a0quiere impedir a cualquier costo, que China construya un puerto. Asunto bastante verde, frente al desarrollado proyecto presentado por el\u00a0grupo Mirgor\u00a0al norte de R\u00edo Grande, sobre el litoral atl\u00e1ntico fueguino.<\/p>\n<p>Aunque las versiones que corren en estos \u00faltimos d\u00edas, es que se reunir\u00eda con el\u00a0jefe de la Base Naval Austral\u00a0con asiento en Ushuaia,\u00a0para analizar el proyecto de Polo Log\u00edstico Ant\u00e1rtico de la Armada, y de esa manera plantear un desarrollo conjunto que les otorgue el control monop\u00f3lico de la relaci\u00f3n estrat\u00e9gica, cient\u00edfica y militar entre el punto m\u00e1s austral del continente suramericano y la Ant\u00e1rtida.<\/p>\n","protected":false},"excerpt":{"rendered":"<p>El gobernador descart\u00f3 que Laura Richardson est\u00e9 en el acto del 2, pero s\u00ed el jueves 4. Confirm\u00f3<\/p>\n","protected":false},"author":8,"featured_media":1297,"comment_status":"open","ping_status":"open","sticky":false,"template":"","format":"standard","meta":{"footnotes":""},"categories":[2],"tags":[134,441,45,442,132,5],"class_list":["post-1296","post","type-post","status-publish","format-standard","has-post-thumbnail","hentry","category-tierra-del-fuego","tag-gustavo-melella","tag-laura-richardson","tag-malvinas","tag-recursos","tag-soberania","tag-tierra-del-fuego"],"featured_image_urls":{"full":["https:\/\/opinionpublica.com.ar\/index\/wp-content\/uploads\/2024\/03\/laura-richarson.jpg",276,182,false],"thumbnail":["https:\/\/opinionpublica.com.ar\/index\/wp-content\/uploads\/2024\/03\/laura-richarson-150x150.jpg",150,150,true],"medium":["https:\/\/opinionpublica.com.ar\/index\/wp-content\/uploads\/2024\/03\/laura-richarson.jpg",276,182,false],"medium_large":["https:\/\/opinionpublica.com.ar\/index\/wp-content\/uploads\/2024\/03\/laura-richarson.jpg",276,182,false],"large":["https:\/\/opinionpublica.com.ar\/index\/wp-content\/uploads\/2024\/03\/laura-richarson.jpg",276,182,false],"1536x1536":["https:\/\/opinionpublica.com.ar\/index\/wp-content\/uploads\/2024\/03\/laura-richarson.jpg",276,182,false],"2048x2048":["https:\/\/opinionpublica.com.ar\/index\/wp-content\/uploads\/2024\/03\/laura-richarson.jpg",276,182,false],"morenews-large":["https:\/\/opinionpublica.com.ar\/index\/wp-content\/uploads\/2024\/03\/laura-richarson.jpg",276,182,false],"morenews-medium":["https:\/\/opinionpublica.com.ar\/index\/wp-content\/uploads\/2024\/03\/laura-richarson.jpg",276,182,false]},"author_info":{"display_name":"RKing","author_link":"https:\/\/opinionpublica.com.ar\/index\/author\/rking\/"},"category_info":"<a href=\"https:\/\/opinionpublica.com.ar\/index\/category\/tierra-del-fuego\/\" rel=\"category tag\">Tierra del Fuego<\/a>","tag_info":"Tierra del Fuego","comment_count":"0","_links":{"self":[{"href":"https:\/\/opinionpublica.com.ar\/index\/wp-json\/wp\/v2\/posts\/1296","targetHints":{"allow":["GET"]}}],"collection":[{"href":"https:\/\/opinionpublica.com.ar\/index\/wp-json\/wp\/v2\/posts"}],"about":[{"href":"https:\/\/opinionpublica.com.ar\/index\/wp-json\/wp\/v2\/types\/post"}],"author":[{"embeddable":true,"href":"https:\/\/opinionpublica.com.ar\/index\/wp-json\/wp\/v2\/users\/8"}],"replies":[{"embeddable":true,"href":"https:\/\/opinionpublica.com.ar\/index\/wp-json\/wp\/v2\/comments?post=1296"}],"version-history":[{"count":1,"href":"https:\/\/opinionpublica.com.ar\/index\/wp-json\/wp\/v2\/posts\/1296\/revisions"}],"predecessor-version":[{"id":1298,"href":"https:\/\/opinionpublica.com.ar\/index\/wp-json\/wp\/v2\/posts\/1296\/revisions\/1298"}],"wp:featuredmedia":[{"embeddable":true,"href":"https:\/\/opinionpublica.com.ar\/index\/wp-json\/wp\/v2\/media\/1297"}],"wp:attachment":[{"href":"https:\/\/opinionpublica.com.ar\/index\/wp-json\/wp\/v2\/media?parent=1296"}],"wp:term":[{"taxonomy":"category","embeddable":true,"href":"https:\/\/opinionpublica.com.ar\/index\/wp-json\/wp\/v2\/categories?post=1296"},{"taxonomy":"post_tag","embeddable":true,"href":"https:\/\/opinionpublica.com.ar\/index\/wp-json\/wp\/v2\/tags?post=1296"}],"curies":[{"name":"wp","href":"https:\/\/api.w.org\/{rel}","templated":true}]}}