{"id":12963,"date":"2026-04-07T11:26:04","date_gmt":"2026-04-07T14:26:04","guid":{"rendered":"https:\/\/opinionpublica.com.ar\/index\/?p=12963"},"modified":"2026-04-07T11:26:04","modified_gmt":"2026-04-07T14:26:04","slug":"tierra-del-fuego-oficializa-un-esquema-de-aumentos-escalonados-para-el-precio-del-gas-envasado","status":"publish","type":"post","link":"https:\/\/opinionpublica.com.ar\/index\/tierra-del-fuego-oficializa-un-esquema-de-aumentos-escalonados-para-el-precio-del-gas-envasado\/","title":{"rendered":"TIERRA DEL FUEGO OFICIALIZA UN ESQUEMA DE AUMENTOS ESCALONADOS PARA EL PRECIO DEL GAS ENVASADO"},"content":{"rendered":"<h3>TIERRA DEL FUEGO OFICIALIZA UN ESQUEMA DE AUMENTOS ESCALONADOS PARA EL PRECIO DEL GAS ENVASADO<\/h3>\n<p><a href=\"https:\/\/opinionpublica.com.ar\/index\/wp-content\/uploads\/2024\/04\/gas-tarifas.jpg\"><img fetchpriority=\"high\" decoding=\"async\" class=\"alignnone size-full wp-image-1448\" src=\"https:\/\/opinionpublica.com.ar\/index\/wp-content\/uploads\/2024\/04\/gas-tarifas.jpg\" alt=\"\" width=\"970\" height=\"550\" srcset=\"https:\/\/opinionpublica.com.ar\/index\/wp-content\/uploads\/2024\/04\/gas-tarifas.jpg 970w, https:\/\/opinionpublica.com.ar\/index\/wp-content\/uploads\/2024\/04\/gas-tarifas-300x170.jpg 300w, https:\/\/opinionpublica.com.ar\/index\/wp-content\/uploads\/2024\/04\/gas-tarifas-768x435.jpg 768w\" sizes=\"(max-width: 970px) 100vw, 970px\" \/><\/a><\/p>\n<p>El Ministerio de Econom\u00eda de la provincia formaliz\u00f3 un nuevo esquema de precios para el Gas Licuado de Petr\u00f3leo (GLP) envasado y a granel destinado a usuarios residenciales. La normativa establece un cronograma de actualizaci\u00f3n progresiva que entrar\u00eda en vigencia a partir del corriente mes de abril. Esto significar\u00e1 un aumento en el costo de vida para los habitantes de la provincia, que ya se ven afectados por la inflaci\u00f3n y la recesi\u00f3n econ\u00f3mica.<\/p>\n","protected":false},"excerpt":{"rendered":"<p>TIERRA DEL FUEGO OFICIALIZA UN ESQUEMA DE AUMENTOS ESCALONADOS PARA EL PRECIO DEL GAS ENVASADO El Ministerio de<\/p>\n","protected":false},"author":5,"featured_media":1448,"comment_status":"open","ping_status":"open","sticky":false,"template":"","format":"standard","meta":{"footnotes":""},"categories":[2],"tags":[],"class_list":["post-12963","post","type-post","status-publish","format-standard","has-post-thumbnail","hentry","category-tierra-del-fuego"],"featured_image_urls":{"full":["https:\/\/opinionpublica.com.ar\/index\/wp-content\/uploads\/2024\/04\/gas-tarifas.jpg",970,550,false],"thumbnail":["https:\/\/opinionpublica.com.ar\/index\/wp-content\/uploads\/2024\/04\/gas-tarifas-150x150.jpg",150,150,true],"medium":["https:\/\/opinionpublica.com.ar\/index\/wp-content\/uploads\/2024\/04\/gas-tarifas-300x170.jpg",300,170,true],"medium_large":["https:\/\/opinionpublica.com.ar\/index\/wp-content\/uploads\/2024\/04\/gas-tarifas-768x435.jpg",640,363,true],"large":["https:\/\/opinionpublica.com.ar\/index\/wp-content\/uploads\/2024\/04\/gas-tarifas.jpg",640,363,false],"1536x1536":["https:\/\/opinionpublica.com.ar\/index\/wp-content\/uploads\/2024\/04\/gas-tarifas.jpg",970,550,false],"2048x2048":["https:\/\/opinionpublica.com.ar\/index\/wp-content\/uploads\/2024\/04\/gas-tarifas.jpg",970,550,false],"morenews-large":["https:\/\/opinionpublica.com.ar\/index\/wp-content\/uploads\/2024\/04\/gas-tarifas-825x550.jpg",825,550,true],"morenews-medium":["https:\/\/opinionpublica.com.ar\/index\/wp-content\/uploads\/2024\/04\/gas-tarifas-590x410.jpg",590,410,true]},"author_info":{"display_name":"Hal","author_link":"https:\/\/opinionpublica.com.ar\/index\/author\/hal\/"},"category_info":"<a href=\"https:\/\/opinionpublica.com.ar\/index\/category\/tierra-del-fuego\/\" rel=\"category tag\">Tierra del Fuego<\/a>","tag_info":"Tierra del Fuego","comment_count":"0","_links":{"self":[{"href":"https:\/\/opinionpublica.com.ar\/index\/wp-json\/wp\/v2\/posts\/12963","targetHints":{"allow":["GET"]}}],"collection":[{"href":"https:\/\/opinionpublica.com.ar\/index\/wp-json\/wp\/v2\/posts"}],"about":[{"href":"https:\/\/opinionpublica.com.ar\/index\/wp-json\/wp\/v2\/types\/post"}],"author":[{"embeddable":true,"href":"https:\/\/opinionpublica.com.ar\/index\/wp-json\/wp\/v2\/users\/5"}],"replies":[{"embeddable":true,"href":"https:\/\/opinionpublica.com.ar\/index\/wp-json\/wp\/v2\/comments?post=12963"}],"version-history":[{"count":1,"href":"https:\/\/opinionpublica.com.ar\/index\/wp-json\/wp\/v2\/posts\/12963\/revisions"}],"predecessor-version":[{"id":12964,"href":"https:\/\/opinionpublica.com.ar\/index\/wp-json\/wp\/v2\/posts\/12963\/revisions\/12964"}],"wp:featuredmedia":[{"embeddable":true,"href":"https:\/\/opinionpublica.com.ar\/index\/wp-json\/wp\/v2\/media\/1448"}],"wp:attachment":[{"href":"https:\/\/opinionpublica.com.ar\/index\/wp-json\/wp\/v2\/media?parent=12963"}],"wp:term":[{"taxonomy":"category","embeddable":true,"href":"https:\/\/opinionpublica.com.ar\/index\/wp-json\/wp\/v2\/categories?post=12963"},{"taxonomy":"post_tag","embeddable":true,"href":"https:\/\/opinionpublica.com.ar\/index\/wp-json\/wp\/v2\/tags?post=12963"}],"curies":[{"name":"wp","href":"https:\/\/api.w.org\/{rel}","templated":true}]}}