{"id":13011,"date":"2026-04-10T08:39:27","date_gmt":"2026-04-10T11:39:27","guid":{"rendered":"https:\/\/opinionpublica.com.ar\/index\/?p=13011"},"modified":"2026-04-10T08:39:27","modified_gmt":"2026-04-10T11:39:27","slug":"oficialismo-busca-modificar-la-ley-de-glaciares","status":"publish","type":"post","link":"https:\/\/opinionpublica.com.ar\/index\/oficialismo-busca-modificar-la-ley-de-glaciares\/","title":{"rendered":"OFICIALISMO BUSCA MODIFICAR LA LEY DE GLACIARES"},"content":{"rendered":"<h3>OFICIALISMO BUSCA MODIFICAR LA LEY DE GLACIARES<\/h3>\n<p>FUENTE: Actualidad TDF<\/p>\n<p><a href=\"https:\/\/opinionpublica.com.ar\/index\/wp-content\/uploads\/2024\/09\/d3b3799d6611d677944f5f86a500beb3_XL-parque-nacional-los-glaciares.jpg\"><img fetchpriority=\"high\" decoding=\"async\" class=\"alignnone size-full wp-image-5994\" src=\"https:\/\/opinionpublica.com.ar\/index\/wp-content\/uploads\/2024\/09\/d3b3799d6611d677944f5f86a500beb3_XL-parque-nacional-los-glaciares.jpg\" alt=\"\" width=\"1200\" height=\"800\" srcset=\"https:\/\/opinionpublica.com.ar\/index\/wp-content\/uploads\/2024\/09\/d3b3799d6611d677944f5f86a500beb3_XL-parque-nacional-los-glaciares.jpg 1200w, https:\/\/opinionpublica.com.ar\/index\/wp-content\/uploads\/2024\/09\/d3b3799d6611d677944f5f86a500beb3_XL-parque-nacional-los-glaciares-300x200.jpg 300w, https:\/\/opinionpublica.com.ar\/index\/wp-content\/uploads\/2024\/09\/d3b3799d6611d677944f5f86a500beb3_XL-parque-nacional-los-glaciares-1024x683.jpg 1024w, https:\/\/opinionpublica.com.ar\/index\/wp-content\/uploads\/2024\/09\/d3b3799d6611d677944f5f86a500beb3_XL-parque-nacional-los-glaciares-768x512.jpg 768w\" sizes=\"(max-width: 1200px) 100vw, 1200px\" \/><\/a><\/p>\n<p>El oficialismo intentar\u00e1 modificar la Ley de Glaciares en la C\u00e1mara de Diputados, con el apoyo de varios partidos pol\u00edticos.<\/p>\n<p>Esto sucede en un momento en que el oficialismo est\u00e1 bajo escrutinio debido al esc\u00e1ndalo patrimonial de Manuel Adorni.<\/p>\n<p>La sesi\u00f3n se llevar\u00e1 a cabo el mi\u00e9rcoles a partir de las 15 horas, y se espera que el oficialismo tenga los votos necesarios para aprobar los cambios pro miner\u00eda a la ley.<\/p>\n","protected":false},"excerpt":{"rendered":"<p>OFICIALISMO BUSCA MODIFICAR LA LEY DE GLACIARES FUENTE: Actualidad TDF El oficialismo intentar\u00e1 modificar la Ley de Glaciares<\/p>\n","protected":false},"author":5,"featured_media":5994,"comment_status":"open","ping_status":"open","sticky":false,"template":"","format":"standard","meta":{"footnotes":""},"categories":[3],"tags":[],"class_list":["post-13011","post","type-post","status-publish","format-standard","has-post-thumbnail","hentry","category-nacionales"],"featured_image_urls":{"full":["https:\/\/opinionpublica.com.ar\/index\/wp-content\/uploads\/2024\/09\/d3b3799d6611d677944f5f86a500beb3_XL-parque-nacional-los-glaciares.jpg",1200,800,false],"thumbnail":["https:\/\/opinionpublica.com.ar\/index\/wp-content\/uploads\/2024\/09\/d3b3799d6611d677944f5f86a500beb3_XL-parque-nacional-los-glaciares-150x150.jpg",150,150,true],"medium":["https:\/\/opinionpublica.com.ar\/index\/wp-content\/uploads\/2024\/09\/d3b3799d6611d677944f5f86a500beb3_XL-parque-nacional-los-glaciares-300x200.jpg",300,200,true],"medium_large":["https:\/\/opinionpublica.com.ar\/index\/wp-content\/uploads\/2024\/09\/d3b3799d6611d677944f5f86a500beb3_XL-parque-nacional-los-glaciares-768x512.jpg",640,427,true],"large":["https:\/\/opinionpublica.com.ar\/index\/wp-content\/uploads\/2024\/09\/d3b3799d6611d677944f5f86a500beb3_XL-parque-nacional-los-glaciares-1024x683.jpg",640,427,true],"1536x1536":["https:\/\/opinionpublica.com.ar\/index\/wp-content\/uploads\/2024\/09\/d3b3799d6611d677944f5f86a500beb3_XL-parque-nacional-los-glaciares.jpg",1200,800,false],"2048x2048":["https:\/\/opinionpublica.com.ar\/index\/wp-content\/uploads\/2024\/09\/d3b3799d6611d677944f5f86a500beb3_XL-parque-nacional-los-glaciares.jpg",1200,800,false],"morenews-large":["https:\/\/opinionpublica.com.ar\/index\/wp-content\/uploads\/2024\/09\/d3b3799d6611d677944f5f86a500beb3_XL-parque-nacional-los-glaciares-825x575.jpg",825,575,true],"morenews-medium":["https:\/\/opinionpublica.com.ar\/index\/wp-content\/uploads\/2024\/09\/d3b3799d6611d677944f5f86a500beb3_XL-parque-nacional-los-glaciares-590x410.jpg",590,410,true]},"author_info":{"display_name":"Hal","author_link":"https:\/\/opinionpublica.com.ar\/index\/author\/hal\/"},"category_info":"<a href=\"https:\/\/opinionpublica.com.ar\/index\/category\/nacionales\/\" rel=\"category tag\">Nacionales<\/a>","tag_info":"Nacionales","comment_count":"0","_links":{"self":[{"href":"https:\/\/opinionpublica.com.ar\/index\/wp-json\/wp\/v2\/posts\/13011","targetHints":{"allow":["GET"]}}],"collection":[{"href":"https:\/\/opinionpublica.com.ar\/index\/wp-json\/wp\/v2\/posts"}],"about":[{"href":"https:\/\/opinionpublica.com.ar\/index\/wp-json\/wp\/v2\/types\/post"}],"author":[{"embeddable":true,"href":"https:\/\/opinionpublica.com.ar\/index\/wp-json\/wp\/v2\/users\/5"}],"replies":[{"embeddable":true,"href":"https:\/\/opinionpublica.com.ar\/index\/wp-json\/wp\/v2\/comments?post=13011"}],"version-history":[{"count":1,"href":"https:\/\/opinionpublica.com.ar\/index\/wp-json\/wp\/v2\/posts\/13011\/revisions"}],"predecessor-version":[{"id":13012,"href":"https:\/\/opinionpublica.com.ar\/index\/wp-json\/wp\/v2\/posts\/13011\/revisions\/13012"}],"wp:featuredmedia":[{"embeddable":true,"href":"https:\/\/opinionpublica.com.ar\/index\/wp-json\/wp\/v2\/media\/5994"}],"wp:attachment":[{"href":"https:\/\/opinionpublica.com.ar\/index\/wp-json\/wp\/v2\/media?parent=13011"}],"wp:term":[{"taxonomy":"category","embeddable":true,"href":"https:\/\/opinionpublica.com.ar\/index\/wp-json\/wp\/v2\/categories?post=13011"},{"taxonomy":"post_tag","embeddable":true,"href":"https:\/\/opinionpublica.com.ar\/index\/wp-json\/wp\/v2\/tags?post=13011"}],"curies":[{"name":"wp","href":"https:\/\/api.w.org\/{rel}","templated":true}]}}