{"id":13015,"date":"2026-04-10T08:40:41","date_gmt":"2026-04-10T11:40:41","guid":{"rendered":"https:\/\/opinionpublica.com.ar\/index\/?p=13015"},"modified":"2026-04-10T08:40:41","modified_gmt":"2026-04-10T11:40:41","slug":"di-giglio-aclaro-que-no-se-haran-recortes-salariales-y-ni-de-derechos-a-los-trabajadores-de-la-salud","status":"publish","type":"post","link":"https:\/\/opinionpublica.com.ar\/index\/di-giglio-aclaro-que-no-se-haran-recortes-salariales-y-ni-de-derechos-a-los-trabajadores-de-la-salud\/","title":{"rendered":"DI GIGLIO ACLAR\u00d3 QUE NO SE HAR\u00c1N RECORTES SALARIALES Y NI DE DERECHOS A LOS TRABAJADORES DE LA SALUD"},"content":{"rendered":"<h3>DI GIGLIO ACLAR\u00d3 QUE NO SE HAR\u00c1N RECORTES SALARIALES Y NI DE DERECHOS A LOS TRABAJADORES DE LA SALUD<\/h3>\n<p><a href=\"https:\/\/opinionpublica.com.ar\/index\/wp-content\/uploads\/2026\/04\/Imagen-de-WhatsApp-2024-10-01-a-las-11.22.47_e7228d04-e1727792852836.jpg\"><img fetchpriority=\"high\" decoding=\"async\" class=\"alignnone size-full wp-image-13017\" src=\"https:\/\/opinionpublica.com.ar\/index\/wp-content\/uploads\/2026\/04\/Imagen-de-WhatsApp-2024-10-01-a-las-11.22.47_e7228d04-e1727792852836.jpg\" alt=\"\" width=\"919\" height=\"849\" srcset=\"https:\/\/opinionpublica.com.ar\/index\/wp-content\/uploads\/2026\/04\/Imagen-de-WhatsApp-2024-10-01-a-las-11.22.47_e7228d04-e1727792852836.jpg 919w, https:\/\/opinionpublica.com.ar\/index\/wp-content\/uploads\/2026\/04\/Imagen-de-WhatsApp-2024-10-01-a-las-11.22.47_e7228d04-e1727792852836-300x277.jpg 300w, https:\/\/opinionpublica.com.ar\/index\/wp-content\/uploads\/2026\/04\/Imagen-de-WhatsApp-2024-10-01-a-las-11.22.47_e7228d04-e1727792852836-768x710.jpg 768w\" sizes=\"(max-width: 919px) 100vw, 919px\" \/><\/a><\/p>\n<p>La ministra de Salud de la provincia, Judit Di Giglio, rechaz\u00f3 versiones que indicaban eliminaci\u00f3n total de la dedicaci\u00f3n exclusiva los profesionales del sistema p\u00fablico fueguino.<\/p>\n<p>Asegur\u00f3 que se trata de afirmaciones \u00abque no son reales\u00bb.<\/p>\n<p>Sin embargo, la situaci\u00f3n del sistema de salud en la provincia sigue siendo precaria y no se ve una mejora significativa.<\/p>\n","protected":false},"excerpt":{"rendered":"<p>DI GIGLIO ACLAR\u00d3 QUE NO SE HAR\u00c1N RECORTES SALARIALES Y NI DE DERECHOS A LOS TRABAJADORES DE LA<\/p>\n","protected":false},"author":5,"featured_media":13017,"comment_status":"open","ping_status":"open","sticky":false,"template":"","format":"standard","meta":{"footnotes":""},"categories":[2],"tags":[],"class_list":["post-13015","post","type-post","status-publish","format-standard","has-post-thumbnail","hentry","category-tierra-del-fuego"],"featured_image_urls":{"full":["https:\/\/opinionpublica.com.ar\/index\/wp-content\/uploads\/2026\/04\/Imagen-de-WhatsApp-2024-10-01-a-las-11.22.47_e7228d04-e1727792852836.jpg",919,849,false],"thumbnail":["https:\/\/opinionpublica.com.ar\/index\/wp-content\/uploads\/2026\/04\/Imagen-de-WhatsApp-2024-10-01-a-las-11.22.47_e7228d04-e1727792852836-150x150.jpg",150,150,true],"medium":["https:\/\/opinionpublica.com.ar\/index\/wp-content\/uploads\/2026\/04\/Imagen-de-WhatsApp-2024-10-01-a-las-11.22.47_e7228d04-e1727792852836-300x277.jpg",300,277,true],"medium_large":["https:\/\/opinionpublica.com.ar\/index\/wp-content\/uploads\/2026\/04\/Imagen-de-WhatsApp-2024-10-01-a-las-11.22.47_e7228d04-e1727792852836-768x710.jpg",640,592,true],"large":["https:\/\/opinionpublica.com.ar\/index\/wp-content\/uploads\/2026\/04\/Imagen-de-WhatsApp-2024-10-01-a-las-11.22.47_e7228d04-e1727792852836.jpg",640,591,false],"1536x1536":["https:\/\/opinionpublica.com.ar\/index\/wp-content\/uploads\/2026\/04\/Imagen-de-WhatsApp-2024-10-01-a-las-11.22.47_e7228d04-e1727792852836.jpg",919,849,false],"2048x2048":["https:\/\/opinionpublica.com.ar\/index\/wp-content\/uploads\/2026\/04\/Imagen-de-WhatsApp-2024-10-01-a-las-11.22.47_e7228d04-e1727792852836.jpg",919,849,false],"morenews-large":["https:\/\/opinionpublica.com.ar\/index\/wp-content\/uploads\/2026\/04\/Imagen-de-WhatsApp-2024-10-01-a-las-11.22.47_e7228d04-e1727792852836-825x575.jpg",825,575,true],"morenews-medium":["https:\/\/opinionpublica.com.ar\/index\/wp-content\/uploads\/2026\/04\/Imagen-de-WhatsApp-2024-10-01-a-las-11.22.47_e7228d04-e1727792852836-590x410.jpg",590,410,true]},"author_info":{"display_name":"Hal","author_link":"https:\/\/opinionpublica.com.ar\/index\/author\/hal\/"},"category_info":"<a href=\"https:\/\/opinionpublica.com.ar\/index\/category\/tierra-del-fuego\/\" rel=\"category tag\">Tierra del Fuego<\/a>","tag_info":"Tierra del Fuego","comment_count":"0","_links":{"self":[{"href":"https:\/\/opinionpublica.com.ar\/index\/wp-json\/wp\/v2\/posts\/13015","targetHints":{"allow":["GET"]}}],"collection":[{"href":"https:\/\/opinionpublica.com.ar\/index\/wp-json\/wp\/v2\/posts"}],"about":[{"href":"https:\/\/opinionpublica.com.ar\/index\/wp-json\/wp\/v2\/types\/post"}],"author":[{"embeddable":true,"href":"https:\/\/opinionpublica.com.ar\/index\/wp-json\/wp\/v2\/users\/5"}],"replies":[{"embeddable":true,"href":"https:\/\/opinionpublica.com.ar\/index\/wp-json\/wp\/v2\/comments?post=13015"}],"version-history":[{"count":2,"href":"https:\/\/opinionpublica.com.ar\/index\/wp-json\/wp\/v2\/posts\/13015\/revisions"}],"predecessor-version":[{"id":13018,"href":"https:\/\/opinionpublica.com.ar\/index\/wp-json\/wp\/v2\/posts\/13015\/revisions\/13018"}],"wp:featuredmedia":[{"embeddable":true,"href":"https:\/\/opinionpublica.com.ar\/index\/wp-json\/wp\/v2\/media\/13017"}],"wp:attachment":[{"href":"https:\/\/opinionpublica.com.ar\/index\/wp-json\/wp\/v2\/media?parent=13015"}],"wp:term":[{"taxonomy":"category","embeddable":true,"href":"https:\/\/opinionpublica.com.ar\/index\/wp-json\/wp\/v2\/categories?post=13015"},{"taxonomy":"post_tag","embeddable":true,"href":"https:\/\/opinionpublica.com.ar\/index\/wp-json\/wp\/v2\/tags?post=13015"}],"curies":[{"name":"wp","href":"https:\/\/api.w.org\/{rel}","templated":true}]}}