{"id":13035,"date":"2026-04-10T08:37:58","date_gmt":"2026-04-10T11:37:58","guid":{"rendered":"https:\/\/opinionpublica.com.ar\/index\/?p=13035"},"modified":"2026-04-10T08:37:58","modified_gmt":"2026-04-10T11:37:58","slug":"lapadula-critica-a-dirigentes-libertarios","status":"publish","type":"post","link":"https:\/\/opinionpublica.com.ar\/index\/lapadula-critica-a-dirigentes-libertarios\/","title":{"rendered":"LAPADULA CRITICA A DIRIGENTES LIBERTARIOS"},"content":{"rendered":"<h3>LAPADULA CRITICA A DIRIGENTES LIBERTARIOS<\/h3>\n<p>FUENTE: Actualidad TDF<\/p>\n<p><a href=\"https:\/\/opinionpublica.com.ar\/index\/wp-content\/uploads\/2024\/07\/matias-lapadula-1.jpg\"><img fetchpriority=\"high\" decoding=\"async\" class=\"alignnone size-full wp-image-4583\" src=\"https:\/\/opinionpublica.com.ar\/index\/wp-content\/uploads\/2024\/07\/matias-lapadula-1.jpg\" alt=\"\" width=\"880\" height=\"512\" srcset=\"https:\/\/opinionpublica.com.ar\/index\/wp-content\/uploads\/2024\/07\/matias-lapadula-1.jpg 880w, https:\/\/opinionpublica.com.ar\/index\/wp-content\/uploads\/2024\/07\/matias-lapadula-1-300x175.jpg 300w, https:\/\/opinionpublica.com.ar\/index\/wp-content\/uploads\/2024\/07\/matias-lapadula-1-768x447.jpg 768w\" sizes=\"(max-width: 880px) 100vw, 880px\" \/><\/a><\/p>\n<p>El legislador provincial Mat\u00edas Lapadula critic\u00f3 duramente a los dirigentes libertarios que cuestionaron las declaraciones del intendente de R\u00edo Grande, Mart\u00edn Perez.<\/p>\n<p>Lapadula afirm\u00f3 que aquellos que niegan la ca\u00edda de recursos est\u00e1n mintiendo o no se han informado adecuadamente sobre la situaci\u00f3n real de la Argentina.<\/p>\n<p>Tambi\u00e9n destac\u00f3 que hay dirigentes que hablan mucho en redes sociales pero no entienden nada de lo que est\u00e1 pasando en el pa\u00eds, lo que considera grav\u00edsimo cuando se supone que representan a Tierra del Fuego.<\/p>\n","protected":false},"excerpt":{"rendered":"<p>LAPADULA CRITICA A DIRIGENTES LIBERTARIOS FUENTE: Actualidad TDF El legislador provincial Mat\u00edas Lapadula critic\u00f3 duramente a los dirigentes<\/p>\n","protected":false},"author":5,"featured_media":4583,"comment_status":"open","ping_status":"open","sticky":false,"template":"","format":"standard","meta":{"footnotes":""},"categories":[27,2],"tags":[],"class_list":["post-13035","post","type-post","status-publish","format-standard","has-post-thumbnail","hentry","category-politica","category-tierra-del-fuego"],"featured_image_urls":{"full":["https:\/\/opinionpublica.com.ar\/index\/wp-content\/uploads\/2024\/07\/matias-lapadula-1.jpg",880,512,false],"thumbnail":["https:\/\/opinionpublica.com.ar\/index\/wp-content\/uploads\/2024\/07\/matias-lapadula-1-150x150.jpg",150,150,true],"medium":["https:\/\/opinionpublica.com.ar\/index\/wp-content\/uploads\/2024\/07\/matias-lapadula-1-300x175.jpg",300,175,true],"medium_large":["https:\/\/opinionpublica.com.ar\/index\/wp-content\/uploads\/2024\/07\/matias-lapadula-1-768x447.jpg",640,373,true],"large":["https:\/\/opinionpublica.com.ar\/index\/wp-content\/uploads\/2024\/07\/matias-lapadula-1.jpg",640,372,false],"1536x1536":["https:\/\/opinionpublica.com.ar\/index\/wp-content\/uploads\/2024\/07\/matias-lapadula-1.jpg",880,512,false],"2048x2048":["https:\/\/opinionpublica.com.ar\/index\/wp-content\/uploads\/2024\/07\/matias-lapadula-1.jpg",880,512,false],"morenews-large":["https:\/\/opinionpublica.com.ar\/index\/wp-content\/uploads\/2024\/07\/matias-lapadula-1-825x512.jpg",825,512,true],"morenews-medium":["https:\/\/opinionpublica.com.ar\/index\/wp-content\/uploads\/2024\/07\/matias-lapadula-1-590x410.jpg",590,410,true]},"author_info":{"display_name":"Hal","author_link":"https:\/\/opinionpublica.com.ar\/index\/author\/hal\/"},"category_info":"<a href=\"https:\/\/opinionpublica.com.ar\/index\/category\/politica\/\" rel=\"category tag\">Politica<\/a> <a href=\"https:\/\/opinionpublica.com.ar\/index\/category\/tierra-del-fuego\/\" rel=\"category tag\">Tierra del Fuego<\/a>","tag_info":"Tierra del Fuego","comment_count":"0","_links":{"self":[{"href":"https:\/\/opinionpublica.com.ar\/index\/wp-json\/wp\/v2\/posts\/13035","targetHints":{"allow":["GET"]}}],"collection":[{"href":"https:\/\/opinionpublica.com.ar\/index\/wp-json\/wp\/v2\/posts"}],"about":[{"href":"https:\/\/opinionpublica.com.ar\/index\/wp-json\/wp\/v2\/types\/post"}],"author":[{"embeddable":true,"href":"https:\/\/opinionpublica.com.ar\/index\/wp-json\/wp\/v2\/users\/5"}],"replies":[{"embeddable":true,"href":"https:\/\/opinionpublica.com.ar\/index\/wp-json\/wp\/v2\/comments?post=13035"}],"version-history":[{"count":1,"href":"https:\/\/opinionpublica.com.ar\/index\/wp-json\/wp\/v2\/posts\/13035\/revisions"}],"predecessor-version":[{"id":13036,"href":"https:\/\/opinionpublica.com.ar\/index\/wp-json\/wp\/v2\/posts\/13035\/revisions\/13036"}],"wp:featuredmedia":[{"embeddable":true,"href":"https:\/\/opinionpublica.com.ar\/index\/wp-json\/wp\/v2\/media\/4583"}],"wp:attachment":[{"href":"https:\/\/opinionpublica.com.ar\/index\/wp-json\/wp\/v2\/media?parent=13035"}],"wp:term":[{"taxonomy":"category","embeddable":true,"href":"https:\/\/opinionpublica.com.ar\/index\/wp-json\/wp\/v2\/categories?post=13035"},{"taxonomy":"post_tag","embeddable":true,"href":"https:\/\/opinionpublica.com.ar\/index\/wp-json\/wp\/v2\/tags?post=13035"}],"curies":[{"name":"wp","href":"https:\/\/api.w.org\/{rel}","templated":true}]}}