{"id":13228,"date":"2026-04-27T10:14:10","date_gmt":"2026-04-27T13:14:10","guid":{"rendered":"https:\/\/opinionpublica.com.ar\/index\/?p=13228"},"modified":"2026-04-27T10:14:10","modified_gmt":"2026-04-27T13:14:10","slug":"deuda-de-coparticipacion-superior-a-5-000-millones","status":"publish","type":"post","link":"https:\/\/opinionpublica.com.ar\/index\/deuda-de-coparticipacion-superior-a-5-000-millones\/","title":{"rendered":"DEUDA DE COPARTICIPACI\u00d3N SUPERIOR A 5.000 MILLONES"},"content":{"rendered":"<h3>DEUDA DE COPARTICIPACI\u00d3N SUPERIOR A 5.000 MILLONES<br \/>\n<a href=\"https:\/\/opinionpublica.com.ar\/index\/wp-content\/uploads\/2024\/05\/martin-perez-2.jpg\"><img fetchpriority=\"high\" decoding=\"async\" class=\"alignnone size-full wp-image-3309\" src=\"https:\/\/opinionpublica.com.ar\/index\/wp-content\/uploads\/2024\/05\/martin-perez-2.jpg\" alt=\"\" width=\"1200\" height=\"675\" srcset=\"https:\/\/opinionpublica.com.ar\/index\/wp-content\/uploads\/2024\/05\/martin-perez-2.jpg 1200w, https:\/\/opinionpublica.com.ar\/index\/wp-content\/uploads\/2024\/05\/martin-perez-2-300x169.jpg 300w, https:\/\/opinionpublica.com.ar\/index\/wp-content\/uploads\/2024\/05\/martin-perez-2-1024x576.jpg 1024w, https:\/\/opinionpublica.com.ar\/index\/wp-content\/uploads\/2024\/05\/martin-perez-2-768x432.jpg 768w\" sizes=\"(max-width: 1200px) 100vw, 1200px\" \/><\/a><\/h3>\n<p>La deuda por la coparticipaci\u00f3n de fondos provinciales ha superado los 35 d\u00edas de atraso, lo que genera una deuda de m\u00e1s de 5.000 millones de pesos.<\/p>\n<p>El intendente Mart\u00edn P\u00e9rez inform\u00f3 que la demora en el env\u00edo de fondos ha aumentado significativamente, lo que afecta a los municipios de la provincia.<\/p>\n<p>La situaci\u00f3n es cr\u00edtica y requiere una soluci\u00f3n urgente para evitar que la deuda siga creciendo.<\/p>\n<p>La coparticipaci\u00f3n de fondos es fundamental para el funcionamiento de los municipios, y el atraso en su pago puede tener graves consecuencias para la prestaci\u00f3n de servicios p\u00fablicos.<\/p>\n","protected":false},"excerpt":{"rendered":"<p>DEUDA DE COPARTICIPACI\u00d3N SUPERIOR A 5.000 MILLONES La deuda por la coparticipaci\u00f3n de fondos provinciales ha superado los<\/p>\n","protected":false},"author":5,"featured_media":3309,"comment_status":"open","ping_status":"open","sticky":false,"template":"","format":"standard","meta":{"footnotes":""},"categories":[25],"tags":[],"class_list":["post-13228","post","type-post","status-publish","format-standard","has-post-thumbnail","hentry","category-rio-grande"],"featured_image_urls":{"full":["https:\/\/opinionpublica.com.ar\/index\/wp-content\/uploads\/2024\/05\/martin-perez-2.jpg",1200,675,false],"thumbnail":["https:\/\/opinionpublica.com.ar\/index\/wp-content\/uploads\/2024\/05\/martin-perez-2-150x150.jpg",150,150,true],"medium":["https:\/\/opinionpublica.com.ar\/index\/wp-content\/uploads\/2024\/05\/martin-perez-2-300x169.jpg",300,169,true],"medium_large":["https:\/\/opinionpublica.com.ar\/index\/wp-content\/uploads\/2024\/05\/martin-perez-2-768x432.jpg",640,360,true],"large":["https:\/\/opinionpublica.com.ar\/index\/wp-content\/uploads\/2024\/05\/martin-perez-2-1024x576.jpg",640,360,true],"1536x1536":["https:\/\/opinionpublica.com.ar\/index\/wp-content\/uploads\/2024\/05\/martin-perez-2.jpg",1200,675,false],"2048x2048":["https:\/\/opinionpublica.com.ar\/index\/wp-content\/uploads\/2024\/05\/martin-perez-2.jpg",1200,675,false],"morenews-large":["https:\/\/opinionpublica.com.ar\/index\/wp-content\/uploads\/2024\/05\/martin-perez-2-825x575.jpg",825,575,true],"morenews-medium":["https:\/\/opinionpublica.com.ar\/index\/wp-content\/uploads\/2024\/05\/martin-perez-2-590x410.jpg",590,410,true]},"author_info":{"display_name":"Hal","author_link":"https:\/\/opinionpublica.com.ar\/index\/author\/hal\/"},"category_info":"<a href=\"https:\/\/opinionpublica.com.ar\/index\/category\/rio-grande\/\" rel=\"category tag\">Rio Grande<\/a>","tag_info":"Rio Grande","comment_count":"0","_links":{"self":[{"href":"https:\/\/opinionpublica.com.ar\/index\/wp-json\/wp\/v2\/posts\/13228","targetHints":{"allow":["GET"]}}],"collection":[{"href":"https:\/\/opinionpublica.com.ar\/index\/wp-json\/wp\/v2\/posts"}],"about":[{"href":"https:\/\/opinionpublica.com.ar\/index\/wp-json\/wp\/v2\/types\/post"}],"author":[{"embeddable":true,"href":"https:\/\/opinionpublica.com.ar\/index\/wp-json\/wp\/v2\/users\/5"}],"replies":[{"embeddable":true,"href":"https:\/\/opinionpublica.com.ar\/index\/wp-json\/wp\/v2\/comments?post=13228"}],"version-history":[{"count":1,"href":"https:\/\/opinionpublica.com.ar\/index\/wp-json\/wp\/v2\/posts\/13228\/revisions"}],"predecessor-version":[{"id":13229,"href":"https:\/\/opinionpublica.com.ar\/index\/wp-json\/wp\/v2\/posts\/13228\/revisions\/13229"}],"wp:featuredmedia":[{"embeddable":true,"href":"https:\/\/opinionpublica.com.ar\/index\/wp-json\/wp\/v2\/media\/3309"}],"wp:attachment":[{"href":"https:\/\/opinionpublica.com.ar\/index\/wp-json\/wp\/v2\/media?parent=13228"}],"wp:term":[{"taxonomy":"category","embeddable":true,"href":"https:\/\/opinionpublica.com.ar\/index\/wp-json\/wp\/v2\/categories?post=13228"},{"taxonomy":"post_tag","embeddable":true,"href":"https:\/\/opinionpublica.com.ar\/index\/wp-json\/wp\/v2\/tags?post=13228"}],"curies":[{"name":"wp","href":"https:\/\/api.w.org\/{rel}","templated":true}]}}