{"id":13230,"date":"2026-04-27T10:23:24","date_gmt":"2026-04-27T13:23:24","guid":{"rendered":"https:\/\/opinionpublica.com.ar\/index\/?p=13230"},"modified":"2026-04-27T10:23:24","modified_gmt":"2026-04-27T13:23:24","slug":"ultimas-noticias-deportivas","status":"publish","type":"post","link":"https:\/\/opinionpublica.com.ar\/index\/ultimas-noticias-deportivas\/","title":{"rendered":"ULTIMAS NOTICIAS DEPORTIVAS"},"content":{"rendered":"<h3>ULTIMAS NOTICIAS DEPORTIVAS<\/h3>\n<p><a href=\"https:\/\/opinionpublica.com.ar\/index\/wp-content\/uploads\/2026\/04\/El-deporte-mas-practicado-a-nivel-mundial.jpg\"><img fetchpriority=\"high\" decoding=\"async\" class=\"alignnone size-full wp-image-13233\" src=\"https:\/\/opinionpublica.com.ar\/index\/wp-content\/uploads\/2026\/04\/El-deporte-mas-practicado-a-nivel-mundial.jpg\" alt=\"\" width=\"1600\" height=\"914\" srcset=\"https:\/\/opinionpublica.com.ar\/index\/wp-content\/uploads\/2026\/04\/El-deporte-mas-practicado-a-nivel-mundial.jpg 1600w, https:\/\/opinionpublica.com.ar\/index\/wp-content\/uploads\/2026\/04\/El-deporte-mas-practicado-a-nivel-mundial-300x171.jpg 300w, https:\/\/opinionpublica.com.ar\/index\/wp-content\/uploads\/2026\/04\/El-deporte-mas-practicado-a-nivel-mundial-1024x585.jpg 1024w, https:\/\/opinionpublica.com.ar\/index\/wp-content\/uploads\/2026\/04\/El-deporte-mas-practicado-a-nivel-mundial-768x439.jpg 768w, https:\/\/opinionpublica.com.ar\/index\/wp-content\/uploads\/2026\/04\/El-deporte-mas-practicado-a-nivel-mundial-1536x877.jpg 1536w\" sizes=\"(max-width: 1600px) 100vw, 1600px\" \/><\/a><\/p>\n<p>Enzo Fern\u00e1ndez sigue destac\u00e1ndose en el f\u00fatbol ingl\u00e9s, esta vez con un gol importante para Chelsea en su victoria ante Leeds por la FA Cup.<\/p>\n<p>Mientras tanto, en el mundo del automovilismo, Franco Colapinto se prepara para una exhibici\u00f3n en Palermo, con un box que replica la estructura de la F\u00f3rmula 1.<\/p>\n<p>En el f\u00fatbol argentino, River Plate vivi\u00f3 un momento hist\u00f3rico con el debut de Lucas Silva, quien ingres\u00f3 en la historia del club a pesar de solo haber jugado 12 segundos.<\/p>\n<p>Estos son solo algunos de los eventos que han sacudido el mundo deportivo en las \u00faltimas horas.<\/p>\n<p>La pasi\u00f3n y la emoci\u00f3n siguen siendo las principales caracter\u00edsticas de estos deportes, y los fan\u00e1ticos siguen atentos a cada movimiento de sus equipos y jugadores favoritos.<\/p>\n<p>Con la FA Cup en marcha y la temporada de F\u00f3rmula 1 en pleno apogeo, no falta acci\u00f3n en el mundo deportivo.<\/p>\n<p>Adem\u00e1s, la escena local sigue siendo emocionante, con jugadores j\u00f3venes como Lucas Silva haciendo su debut y dejando su huella en la historia de sus clubes.<\/p>\n","protected":false},"excerpt":{"rendered":"<p>ULTIMAS NOTICIAS DEPORTIVAS Enzo Fern\u00e1ndez sigue destac\u00e1ndose en el f\u00fatbol ingl\u00e9s, esta vez con un gol importante para<\/p>\n","protected":false},"author":5,"featured_media":13233,"comment_status":"open","ping_status":"open","sticky":false,"template":"","format":"standard","meta":{"footnotes":""},"categories":[28],"tags":[],"class_list":["post-13230","post","type-post","status-publish","format-standard","has-post-thumbnail","hentry","category-deportes"],"featured_image_urls":{"full":["https:\/\/opinionpublica.com.ar\/index\/wp-content\/uploads\/2026\/04\/El-deporte-mas-practicado-a-nivel-mundial.jpg",1600,914,false],"thumbnail":["https:\/\/opinionpublica.com.ar\/index\/wp-content\/uploads\/2026\/04\/El-deporte-mas-practicado-a-nivel-mundial-150x150.jpg",150,150,true],"medium":["https:\/\/opinionpublica.com.ar\/index\/wp-content\/uploads\/2026\/04\/El-deporte-mas-practicado-a-nivel-mundial-300x171.jpg",300,171,true],"medium_large":["https:\/\/opinionpublica.com.ar\/index\/wp-content\/uploads\/2026\/04\/El-deporte-mas-practicado-a-nivel-mundial-768x439.jpg",640,366,true],"large":["https:\/\/opinionpublica.com.ar\/index\/wp-content\/uploads\/2026\/04\/El-deporte-mas-practicado-a-nivel-mundial-1024x585.jpg",640,366,true],"1536x1536":["https:\/\/opinionpublica.com.ar\/index\/wp-content\/uploads\/2026\/04\/El-deporte-mas-practicado-a-nivel-mundial-1536x877.jpg",1536,877,true],"2048x2048":["https:\/\/opinionpublica.com.ar\/index\/wp-content\/uploads\/2026\/04\/El-deporte-mas-practicado-a-nivel-mundial.jpg",1600,914,false],"morenews-large":["https:\/\/opinionpublica.com.ar\/index\/wp-content\/uploads\/2026\/04\/El-deporte-mas-practicado-a-nivel-mundial-825x575.jpg",825,575,true],"morenews-medium":["https:\/\/opinionpublica.com.ar\/index\/wp-content\/uploads\/2026\/04\/El-deporte-mas-practicado-a-nivel-mundial-590x410.jpg",590,410,true]},"author_info":{"display_name":"Hal","author_link":"https:\/\/opinionpublica.com.ar\/index\/author\/hal\/"},"category_info":"<a href=\"https:\/\/opinionpublica.com.ar\/index\/category\/deportes\/\" rel=\"category tag\">Deportes<\/a>","tag_info":"Deportes","comment_count":"0","_links":{"self":[{"href":"https:\/\/opinionpublica.com.ar\/index\/wp-json\/wp\/v2\/posts\/13230","targetHints":{"allow":["GET"]}}],"collection":[{"href":"https:\/\/opinionpublica.com.ar\/index\/wp-json\/wp\/v2\/posts"}],"about":[{"href":"https:\/\/opinionpublica.com.ar\/index\/wp-json\/wp\/v2\/types\/post"}],"author":[{"embeddable":true,"href":"https:\/\/opinionpublica.com.ar\/index\/wp-json\/wp\/v2\/users\/5"}],"replies":[{"embeddable":true,"href":"https:\/\/opinionpublica.com.ar\/index\/wp-json\/wp\/v2\/comments?post=13230"}],"version-history":[{"count":1,"href":"https:\/\/opinionpublica.com.ar\/index\/wp-json\/wp\/v2\/posts\/13230\/revisions"}],"predecessor-version":[{"id":13234,"href":"https:\/\/opinionpublica.com.ar\/index\/wp-json\/wp\/v2\/posts\/13230\/revisions\/13234"}],"wp:featuredmedia":[{"embeddable":true,"href":"https:\/\/opinionpublica.com.ar\/index\/wp-json\/wp\/v2\/media\/13233"}],"wp:attachment":[{"href":"https:\/\/opinionpublica.com.ar\/index\/wp-json\/wp\/v2\/media?parent=13230"}],"wp:term":[{"taxonomy":"category","embeddable":true,"href":"https:\/\/opinionpublica.com.ar\/index\/wp-json\/wp\/v2\/categories?post=13230"},{"taxonomy":"post_tag","embeddable":true,"href":"https:\/\/opinionpublica.com.ar\/index\/wp-json\/wp\/v2\/tags?post=13230"}],"curies":[{"name":"wp","href":"https:\/\/api.w.org\/{rel}","templated":true}]}}