{"id":13237,"date":"2026-04-27T10:33:59","date_gmt":"2026-04-27T13:33:59","guid":{"rendered":"https:\/\/opinionpublica.com.ar\/index\/?p=13237"},"modified":"2026-04-27T10:33:59","modified_gmt":"2026-04-27T13:33:59","slug":"judiciales-de-paro-por-48-horas-y-movilizacion-al-stj","status":"publish","type":"post","link":"https:\/\/opinionpublica.com.ar\/index\/judiciales-de-paro-por-48-horas-y-movilizacion-al-stj\/","title":{"rendered":"JUDICIALES DE PARO POR 48 HORAS Y MOVILIZACI\u00d3N AL STJ"},"content":{"rendered":"<h3>JUDICIALES DE PARO POR 48 HORAS Y MOVILIZACI\u00d3N AL STJ<\/h3>\n<p><a href=\"https:\/\/opinionpublica.com.ar\/index\/wp-content\/uploads\/2024\/08\/poder-judicial-tierra-del-fuego-1.jpg\"><img fetchpriority=\"high\" decoding=\"async\" class=\"alignnone size-full wp-image-5118\" src=\"https:\/\/opinionpublica.com.ar\/index\/wp-content\/uploads\/2024\/08\/poder-judicial-tierra-del-fuego-1.jpg\" alt=\"\" width=\"1024\" height=\"682\" srcset=\"https:\/\/opinionpublica.com.ar\/index\/wp-content\/uploads\/2024\/08\/poder-judicial-tierra-del-fuego-1.jpg 1024w, https:\/\/opinionpublica.com.ar\/index\/wp-content\/uploads\/2024\/08\/poder-judicial-tierra-del-fuego-1-300x200.jpg 300w, https:\/\/opinionpublica.com.ar\/index\/wp-content\/uploads\/2024\/08\/poder-judicial-tierra-del-fuego-1-768x512.jpg 768w\" sizes=\"(max-width: 1024px) 100vw, 1024px\" \/><\/a><\/p>\n<p>El gremio de la Uni\u00f3n de Judiciales decret\u00f3 un paro de 48 horas para el martes 28 y mi\u00e9rcoles 29 pr\u00f3ximos. Los trabajadores judiciales tambi\u00e9n planifican una movilizaci\u00f3n al edificio del Superior Tribunal de Justicia el martes.<\/p>\n<p>El paro es una medida de protesta para exigir mejoras en las condiciones laborales y salariales. Otro gremio, SEJUP, tambi\u00e9n resolvi\u00f3 un paro por 48 horas para las mismas jornadas, despu\u00e9s de haber realizado una medida de protesta anterior.<\/p>\n","protected":false},"excerpt":{"rendered":"<p>JUDICIALES DE PARO POR 48 HORAS Y MOVILIZACI\u00d3N AL STJ El gremio de la Uni\u00f3n de Judiciales decret\u00f3<\/p>\n","protected":false},"author":5,"featured_media":5118,"comment_status":"open","ping_status":"open","sticky":false,"template":"","format":"standard","meta":{"footnotes":""},"categories":[2],"tags":[],"class_list":["post-13237","post","type-post","status-publish","format-standard","has-post-thumbnail","hentry","category-tierra-del-fuego"],"featured_image_urls":{"full":["https:\/\/opinionpublica.com.ar\/index\/wp-content\/uploads\/2024\/08\/poder-judicial-tierra-del-fuego-1.jpg",1024,682,false],"thumbnail":["https:\/\/opinionpublica.com.ar\/index\/wp-content\/uploads\/2024\/08\/poder-judicial-tierra-del-fuego-1-150x150.jpg",150,150,true],"medium":["https:\/\/opinionpublica.com.ar\/index\/wp-content\/uploads\/2024\/08\/poder-judicial-tierra-del-fuego-1-300x200.jpg",300,200,true],"medium_large":["https:\/\/opinionpublica.com.ar\/index\/wp-content\/uploads\/2024\/08\/poder-judicial-tierra-del-fuego-1-768x512.jpg",640,427,true],"large":["https:\/\/opinionpublica.com.ar\/index\/wp-content\/uploads\/2024\/08\/poder-judicial-tierra-del-fuego-1.jpg",640,426,false],"1536x1536":["https:\/\/opinionpublica.com.ar\/index\/wp-content\/uploads\/2024\/08\/poder-judicial-tierra-del-fuego-1.jpg",1024,682,false],"2048x2048":["https:\/\/opinionpublica.com.ar\/index\/wp-content\/uploads\/2024\/08\/poder-judicial-tierra-del-fuego-1.jpg",1024,682,false],"morenews-large":["https:\/\/opinionpublica.com.ar\/index\/wp-content\/uploads\/2024\/08\/poder-judicial-tierra-del-fuego-1-825x575.jpg",825,575,true],"morenews-medium":["https:\/\/opinionpublica.com.ar\/index\/wp-content\/uploads\/2024\/08\/poder-judicial-tierra-del-fuego-1-590x410.jpg",590,410,true]},"author_info":{"display_name":"Hal","author_link":"https:\/\/opinionpublica.com.ar\/index\/author\/hal\/"},"category_info":"<a href=\"https:\/\/opinionpublica.com.ar\/index\/category\/tierra-del-fuego\/\" rel=\"category tag\">Tierra del Fuego<\/a>","tag_info":"Tierra del Fuego","comment_count":"0","_links":{"self":[{"href":"https:\/\/opinionpublica.com.ar\/index\/wp-json\/wp\/v2\/posts\/13237","targetHints":{"allow":["GET"]}}],"collection":[{"href":"https:\/\/opinionpublica.com.ar\/index\/wp-json\/wp\/v2\/posts"}],"about":[{"href":"https:\/\/opinionpublica.com.ar\/index\/wp-json\/wp\/v2\/types\/post"}],"author":[{"embeddable":true,"href":"https:\/\/opinionpublica.com.ar\/index\/wp-json\/wp\/v2\/users\/5"}],"replies":[{"embeddable":true,"href":"https:\/\/opinionpublica.com.ar\/index\/wp-json\/wp\/v2\/comments?post=13237"}],"version-history":[{"count":1,"href":"https:\/\/opinionpublica.com.ar\/index\/wp-json\/wp\/v2\/posts\/13237\/revisions"}],"predecessor-version":[{"id":13238,"href":"https:\/\/opinionpublica.com.ar\/index\/wp-json\/wp\/v2\/posts\/13237\/revisions\/13238"}],"wp:featuredmedia":[{"embeddable":true,"href":"https:\/\/opinionpublica.com.ar\/index\/wp-json\/wp\/v2\/media\/5118"}],"wp:attachment":[{"href":"https:\/\/opinionpublica.com.ar\/index\/wp-json\/wp\/v2\/media?parent=13237"}],"wp:term":[{"taxonomy":"category","embeddable":true,"href":"https:\/\/opinionpublica.com.ar\/index\/wp-json\/wp\/v2\/categories?post=13237"},{"taxonomy":"post_tag","embeddable":true,"href":"https:\/\/opinionpublica.com.ar\/index\/wp-json\/wp\/v2\/tags?post=13237"}],"curies":[{"name":"wp","href":"https:\/\/api.w.org\/{rel}","templated":true}]}}