{"id":13240,"date":"2026-04-27T10:51:49","date_gmt":"2026-04-27T13:51:49","guid":{"rendered":"https:\/\/opinionpublica.com.ar\/index\/?p=13240"},"modified":"2026-04-27T10:51:49","modified_gmt":"2026-04-27T13:51:49","slug":"convenio-con-osef-para-mejorar-la-salud","status":"publish","type":"post","link":"https:\/\/opinionpublica.com.ar\/index\/convenio-con-osef-para-mejorar-la-salud\/","title":{"rendered":"CONVENIO CON OSEF PARA MEJORAR LA SALUD"},"content":{"rendered":"<h3>CONVENIO CON OSEF PARA MEJORAR LA SALUD<\/h3>\n<p><a href=\"https:\/\/opinionpublica.com.ar\/index\/wp-content\/uploads\/2024\/03\/OSEF-RG-2-1200x480-1.jpg\"><img fetchpriority=\"high\" decoding=\"async\" class=\"alignnone size-full wp-image-985\" src=\"https:\/\/opinionpublica.com.ar\/index\/wp-content\/uploads\/2024\/03\/OSEF-RG-2-1200x480-1.jpg\" alt=\"\" width=\"1200\" height=\"480\" srcset=\"https:\/\/opinionpublica.com.ar\/index\/wp-content\/uploads\/2024\/03\/OSEF-RG-2-1200x480-1.jpg 1200w, https:\/\/opinionpublica.com.ar\/index\/wp-content\/uploads\/2024\/03\/OSEF-RG-2-1200x480-1-300x120.jpg 300w, https:\/\/opinionpublica.com.ar\/index\/wp-content\/uploads\/2024\/03\/OSEF-RG-2-1200x480-1-1024x410.jpg 1024w, https:\/\/opinionpublica.com.ar\/index\/wp-content\/uploads\/2024\/03\/OSEF-RG-2-1200x480-1-768x307.jpg 768w\" sizes=\"(max-width: 1200px) 100vw, 1200px\" \/><\/a><\/p>\n<p>El intendente Mart\u00edn P\u00e9rez expres\u00f3 la necesidad de establecer un convenio con la Obra Social del Estado Fueguino (Osef) para mejorar la atenci\u00f3n de salud en la provincia.<\/p>\n<p>El municipio invierte m\u00e1s de 10.000 millones de pesos anuales en el sistema de salud, y un convenio con Osef permitir\u00eda optimizar los recursos y mejorar la calidad de la atenci\u00f3n.<\/p>\n<p>La falta de un convenio vigente con Osef es un obst\u00e1culo para que los afiliados puedan acceder a los servicios de salud de manera efectiva.<\/p>\n<p>Un convenio permitir\u00eda agilizar los tr\u00e1mites y mejorar la calidad de la atenci\u00f3n, lo que beneficiar\u00eda a los afiliados y a la comunidad en general.<\/p>\n","protected":false},"excerpt":{"rendered":"<p>CONVENIO CON OSEF PARA MEJORAR LA SALUD El intendente Mart\u00edn P\u00e9rez expres\u00f3 la necesidad de establecer un convenio<\/p>\n","protected":false},"author":5,"featured_media":985,"comment_status":"open","ping_status":"open","sticky":false,"template":"","format":"standard","meta":{"footnotes":""},"categories":[25],"tags":[],"class_list":["post-13240","post","type-post","status-publish","format-standard","has-post-thumbnail","hentry","category-rio-grande"],"featured_image_urls":{"full":["https:\/\/opinionpublica.com.ar\/index\/wp-content\/uploads\/2024\/03\/OSEF-RG-2-1200x480-1.jpg",1200,480,false],"thumbnail":["https:\/\/opinionpublica.com.ar\/index\/wp-content\/uploads\/2024\/03\/OSEF-RG-2-1200x480-1-150x150.jpg",150,150,true],"medium":["https:\/\/opinionpublica.com.ar\/index\/wp-content\/uploads\/2024\/03\/OSEF-RG-2-1200x480-1-300x120.jpg",300,120,true],"medium_large":["https:\/\/opinionpublica.com.ar\/index\/wp-content\/uploads\/2024\/03\/OSEF-RG-2-1200x480-1-768x307.jpg",640,256,true],"large":["https:\/\/opinionpublica.com.ar\/index\/wp-content\/uploads\/2024\/03\/OSEF-RG-2-1200x480-1-1024x410.jpg",640,256,true],"1536x1536":["https:\/\/opinionpublica.com.ar\/index\/wp-content\/uploads\/2024\/03\/OSEF-RG-2-1200x480-1.jpg",1200,480,false],"2048x2048":["https:\/\/opinionpublica.com.ar\/index\/wp-content\/uploads\/2024\/03\/OSEF-RG-2-1200x480-1.jpg",1200,480,false],"morenews-large":["https:\/\/opinionpublica.com.ar\/index\/wp-content\/uploads\/2024\/03\/OSEF-RG-2-1200x480-1-825x480.jpg",825,480,true],"morenews-medium":["https:\/\/opinionpublica.com.ar\/index\/wp-content\/uploads\/2024\/03\/OSEF-RG-2-1200x480-1-590x410.jpg",590,410,true]},"author_info":{"display_name":"Hal","author_link":"https:\/\/opinionpublica.com.ar\/index\/author\/hal\/"},"category_info":"<a href=\"https:\/\/opinionpublica.com.ar\/index\/category\/rio-grande\/\" rel=\"category tag\">Rio Grande<\/a>","tag_info":"Rio Grande","comment_count":"0","_links":{"self":[{"href":"https:\/\/opinionpublica.com.ar\/index\/wp-json\/wp\/v2\/posts\/13240","targetHints":{"allow":["GET"]}}],"collection":[{"href":"https:\/\/opinionpublica.com.ar\/index\/wp-json\/wp\/v2\/posts"}],"about":[{"href":"https:\/\/opinionpublica.com.ar\/index\/wp-json\/wp\/v2\/types\/post"}],"author":[{"embeddable":true,"href":"https:\/\/opinionpublica.com.ar\/index\/wp-json\/wp\/v2\/users\/5"}],"replies":[{"embeddable":true,"href":"https:\/\/opinionpublica.com.ar\/index\/wp-json\/wp\/v2\/comments?post=13240"}],"version-history":[{"count":1,"href":"https:\/\/opinionpublica.com.ar\/index\/wp-json\/wp\/v2\/posts\/13240\/revisions"}],"predecessor-version":[{"id":13241,"href":"https:\/\/opinionpublica.com.ar\/index\/wp-json\/wp\/v2\/posts\/13240\/revisions\/13241"}],"wp:featuredmedia":[{"embeddable":true,"href":"https:\/\/opinionpublica.com.ar\/index\/wp-json\/wp\/v2\/media\/985"}],"wp:attachment":[{"href":"https:\/\/opinionpublica.com.ar\/index\/wp-json\/wp\/v2\/media?parent=13240"}],"wp:term":[{"taxonomy":"category","embeddable":true,"href":"https:\/\/opinionpublica.com.ar\/index\/wp-json\/wp\/v2\/categories?post=13240"},{"taxonomy":"post_tag","embeddable":true,"href":"https:\/\/opinionpublica.com.ar\/index\/wp-json\/wp\/v2\/tags?post=13240"}],"curies":[{"name":"wp","href":"https:\/\/api.w.org\/{rel}","templated":true}]}}