{"id":13244,"date":"2026-04-27T11:09:34","date_gmt":"2026-04-27T14:09:34","guid":{"rendered":"https:\/\/opinionpublica.com.ar\/index\/?p=13244"},"modified":"2026-04-27T11:09:34","modified_gmt":"2026-04-27T14:09:34","slug":"avanzan-trabajos-en-la-calefaccion-del-jardin-27-de-margen-sur","status":"publish","type":"post","link":"https:\/\/opinionpublica.com.ar\/index\/avanzan-trabajos-en-la-calefaccion-del-jardin-27-de-margen-sur\/","title":{"rendered":"AVANZAN TRABAJOS EN LA CALEFACCI\u00d3N DEL JARD\u00cdN 27 DE MARGEN SUR"},"content":{"rendered":"<h3>AVANZAN TRABAJOS EN LA CALEFACCI\u00d3N DEL JARD\u00cdN 27 DE MARGEN SUR<\/h3>\n<p><a href=\"https:\/\/opinionpublica.com.ar\/index\/wp-content\/uploads\/2026\/04\/20250911093946_932d5f739a5c2917febbd8cfe779ecbfe36a9f19.jpg\"><img fetchpriority=\"high\" decoding=\"async\" class=\"alignnone size-full wp-image-13247\" src=\"https:\/\/opinionpublica.com.ar\/index\/wp-content\/uploads\/2026\/04\/20250911093946_932d5f739a5c2917febbd8cfe779ecbfe36a9f19.jpg\" alt=\"\" width=\"880\" height=\"506\" srcset=\"https:\/\/opinionpublica.com.ar\/index\/wp-content\/uploads\/2026\/04\/20250911093946_932d5f739a5c2917febbd8cfe779ecbfe36a9f19.jpg 880w, https:\/\/opinionpublica.com.ar\/index\/wp-content\/uploads\/2026\/04\/20250911093946_932d5f739a5c2917febbd8cfe779ecbfe36a9f19-300x173.jpg 300w, https:\/\/opinionpublica.com.ar\/index\/wp-content\/uploads\/2026\/04\/20250911093946_932d5f739a5c2917febbd8cfe779ecbfe36a9f19-768x442.jpg 768w\" sizes=\"(max-width: 880px) 100vw, 880px\" \/><\/a><\/p>\n<p>La obra de reacondicionamiento y mantenimiento del sistema de calefacci\u00f3n en el Jard\u00edn de Infantes 27 de la margen sur de R\u00edo Grande presenta un importante nivel de avance y entra en su etapa final.<\/p>\n<p>El proyecto tiene como objetivo principal garantizar condiciones t\u00e9rmicas adecuadas para que los ni\u00f1os puedan asistir a clases sin problemas. Los trabajos clave ya est\u00e1n ejecutados y solo quedan algunas tareas pendientes para su finalizaci\u00f3n definitiva.<\/p>\n<p>La recuperaci\u00f3n de las clases en el jard\u00edn es una prioridad para la comunidad educativa de la zona.<\/p>\n","protected":false},"excerpt":{"rendered":"<p>AVANZAN TRABAJOS EN LA CALEFACCI\u00d3N DEL JARD\u00cdN 27 DE MARGEN SUR La obra de reacondicionamiento y mantenimiento del<\/p>\n","protected":false},"author":5,"featured_media":13247,"comment_status":"open","ping_status":"open","sticky":false,"template":"","format":"standard","meta":{"footnotes":""},"categories":[25],"tags":[],"class_list":["post-13244","post","type-post","status-publish","format-standard","has-post-thumbnail","hentry","category-rio-grande"],"featured_image_urls":{"full":["https:\/\/opinionpublica.com.ar\/index\/wp-content\/uploads\/2026\/04\/20250911093946_932d5f739a5c2917febbd8cfe779ecbfe36a9f19.jpg",880,506,false],"thumbnail":["https:\/\/opinionpublica.com.ar\/index\/wp-content\/uploads\/2026\/04\/20250911093946_932d5f739a5c2917febbd8cfe779ecbfe36a9f19-150x150.jpg",150,150,true],"medium":["https:\/\/opinionpublica.com.ar\/index\/wp-content\/uploads\/2026\/04\/20250911093946_932d5f739a5c2917febbd8cfe779ecbfe36a9f19-300x173.jpg",300,173,true],"medium_large":["https:\/\/opinionpublica.com.ar\/index\/wp-content\/uploads\/2026\/04\/20250911093946_932d5f739a5c2917febbd8cfe779ecbfe36a9f19-768x442.jpg",640,368,true],"large":["https:\/\/opinionpublica.com.ar\/index\/wp-content\/uploads\/2026\/04\/20250911093946_932d5f739a5c2917febbd8cfe779ecbfe36a9f19.jpg",640,368,false],"1536x1536":["https:\/\/opinionpublica.com.ar\/index\/wp-content\/uploads\/2026\/04\/20250911093946_932d5f739a5c2917febbd8cfe779ecbfe36a9f19.jpg",880,506,false],"2048x2048":["https:\/\/opinionpublica.com.ar\/index\/wp-content\/uploads\/2026\/04\/20250911093946_932d5f739a5c2917febbd8cfe779ecbfe36a9f19.jpg",880,506,false],"morenews-large":["https:\/\/opinionpublica.com.ar\/index\/wp-content\/uploads\/2026\/04\/20250911093946_932d5f739a5c2917febbd8cfe779ecbfe36a9f19-825x506.jpg",825,506,true],"morenews-medium":["https:\/\/opinionpublica.com.ar\/index\/wp-content\/uploads\/2026\/04\/20250911093946_932d5f739a5c2917febbd8cfe779ecbfe36a9f19-590x410.jpg",590,410,true]},"author_info":{"display_name":"Hal","author_link":"https:\/\/opinionpublica.com.ar\/index\/author\/hal\/"},"category_info":"<a href=\"https:\/\/opinionpublica.com.ar\/index\/category\/rio-grande\/\" rel=\"category tag\">Rio Grande<\/a>","tag_info":"Rio Grande","comment_count":"0","_links":{"self":[{"href":"https:\/\/opinionpublica.com.ar\/index\/wp-json\/wp\/v2\/posts\/13244","targetHints":{"allow":["GET"]}}],"collection":[{"href":"https:\/\/opinionpublica.com.ar\/index\/wp-json\/wp\/v2\/posts"}],"about":[{"href":"https:\/\/opinionpublica.com.ar\/index\/wp-json\/wp\/v2\/types\/post"}],"author":[{"embeddable":true,"href":"https:\/\/opinionpublica.com.ar\/index\/wp-json\/wp\/v2\/users\/5"}],"replies":[{"embeddable":true,"href":"https:\/\/opinionpublica.com.ar\/index\/wp-json\/wp\/v2\/comments?post=13244"}],"version-history":[{"count":3,"href":"https:\/\/opinionpublica.com.ar\/index\/wp-json\/wp\/v2\/posts\/13244\/revisions"}],"predecessor-version":[{"id":13248,"href":"https:\/\/opinionpublica.com.ar\/index\/wp-json\/wp\/v2\/posts\/13244\/revisions\/13248"}],"wp:featuredmedia":[{"embeddable":true,"href":"https:\/\/opinionpublica.com.ar\/index\/wp-json\/wp\/v2\/media\/13247"}],"wp:attachment":[{"href":"https:\/\/opinionpublica.com.ar\/index\/wp-json\/wp\/v2\/media?parent=13244"}],"wp:term":[{"taxonomy":"category","embeddable":true,"href":"https:\/\/opinionpublica.com.ar\/index\/wp-json\/wp\/v2\/categories?post=13244"},{"taxonomy":"post_tag","embeddable":true,"href":"https:\/\/opinionpublica.com.ar\/index\/wp-json\/wp\/v2\/tags?post=13244"}],"curies":[{"name":"wp","href":"https:\/\/api.w.org\/{rel}","templated":true}]}}