{"id":13251,"date":"2026-04-27T15:45:29","date_gmt":"2026-04-27T18:45:29","guid":{"rendered":"https:\/\/opinionpublica.com.ar\/index\/?p=13251"},"modified":"2026-04-27T15:45:29","modified_gmt":"2026-04-27T18:45:29","slug":"el-tablero-se-sacude-outsiders-gestion-y-el-factor-tdf-que-podria-redefinir-el-2027","status":"publish","type":"post","link":"https:\/\/opinionpublica.com.ar\/index\/el-tablero-se-sacude-outsiders-gestion-y-el-factor-tdf-que-podria-redefinir-el-2027\/","title":{"rendered":"EL TABLERO SE SACUDE: OUTSIDERS, GESTI\u00d3N Y EL \u00abFACTOR TDF\u00bb QUE PODR\u00cdA REDEFINIR EL 2027"},"content":{"rendered":"<h3>EL TABLERO SE SACUDE: OUTSIDERS, GESTI\u00d3N Y EL \u00abFACTOR TDF\u00bb QUE PODR\u00cdA REDEFINIR EL 2027<\/h3>\n<p><strong>Por<\/strong> Redacci\u00f3n Pol\u00edtica<\/p>\n<p><a href=\"https:\/\/opinionpublica.com.ar\/index\/wp-content\/uploads\/2026\/04\/IMG-20260427-WA0104.jpg\"><img fetchpriority=\"high\" decoding=\"async\" class=\"alignnone size-full wp-image-13253\" src=\"https:\/\/opinionpublica.com.ar\/index\/wp-content\/uploads\/2026\/04\/IMG-20260427-WA0104.jpg\" alt=\"\" width=\"940\" height=\"788\" srcset=\"https:\/\/opinionpublica.com.ar\/index\/wp-content\/uploads\/2026\/04\/IMG-20260427-WA0104.jpg 940w, https:\/\/opinionpublica.com.ar\/index\/wp-content\/uploads\/2026\/04\/IMG-20260427-WA0104-300x251.jpg 300w, https:\/\/opinionpublica.com.ar\/index\/wp-content\/uploads\/2026\/04\/IMG-20260427-WA0104-768x644.jpg 768w\" sizes=\"(max-width: 940px) 100vw, 940px\" \/><\/a><\/p>\n<p>El escenario pol\u00edtico argentino, que hasta hace meses parec\u00eda estanco, ha entrado en una fase de ebullici\u00f3n prematura. Con la mirada puesta en 2027, el pa\u00eds asiste al surgimiento de nuevas figuras que amenazan con romper la polarizaci\u00f3n tradicional, mientras que en Tierra del Fuego, el \u00abfin del mundo\u00bb se convierte en el laboratorio principal de una reconfiguraci\u00f3n de fuerzas que mezcla desencanto econ\u00f3mico, recambios generacionales y liderazgos emergentes.<\/p>\n<p><strong>La Libertad Avanza: Entre la gesti\u00f3n y el desgaste<\/strong><\/p>\n<p>El oficialismo nacional atraviesa su momento m\u00e1s delicado. A pesar del discurso de \u00abd\u00e9ficit cero\u00bb, la econom\u00eda real no termina de arrancar para el ciudadano de a pie, y el impacto en las encuestas ya es una realidad insoslayable. Seg\u00fan el \u00faltimo informe de Opina Argentina (abril 2026), la imagen negativa del presidente Javier Milei ha escalado al 63%, un desplome que empieza a preocupar a los armadores territoriales.<\/p>\n<p>En este contexto de fragilidad, el nombre de Santiago Pauli surge con fuerza para la gobernaci\u00f3n de la provincia.<\/p>\n<p>El actual diputado nacional, que recientemente asumi\u00f3 la presidencia de la Comisi\u00f3n de Finanzas, busca capitalizar el voto libertario duro, aunque deber\u00e1 cargar con el lastre de una gesti\u00f3n nacional que ha golpeado con especial dureza a la industria fueguina.<\/p>\n<p><strong>El Peronismo: Kicillof se lanza y \u00abbendice\u00bb a Mart\u00edn P\u00e9rez<\/strong><\/p>\n<p>En la vereda opuesta, Axel Kicillof ha decidido tomar distancia definitiva de la estructura tradicional y se muestra lanzado en una campa\u00f1a presidencial de perfil propio.<\/p>\n<p>Este movimiento tiene una consecuencia directa en Tierra del Fuego: la p\u00e9rdida de peso espec\u00edfico de Walter Vuoto.<\/p>\n<p>El intendente de Ushuaia, cercado por el fin de sus posibilidades de reelecci\u00f3n local y sin el \u00abderrame\u00bb de una estructura centralizada, parece haber perdido la pulseada por la gobernaci\u00f3n.<\/p>\n<p>La \u00abv\u00eda libre\u00bb queda entonces para Mart\u00edn P\u00e9rez.<\/p>\n<p>El intendente de R\u00edo Grande aparece como el representante natural de un peronismo que busca renovarse para retener la provincia. El dato clave: Gustavo Melella, el actual gobernador, no ver\u00eda con malos ojos un \u00abretorno a las fuentes\u00bb, refugi\u00e1ndose en la intendencia de R\u00edo Grande para reconstruir poder desde el territorio que lo vio nacer pol\u00edticamente.<\/p>\n<p><strong>Dante Gebel y el Factor Ventura: La tercera v\u00eda que huele a \u00abAlternativa\u00bb<\/strong><\/p>\n<p>Sin dudas, la gran inc\u00f3gnita y el fen\u00f3meno que m\u00e1s ruido hace en los despachos oficiales es el de Dante Gebel.<\/p>\n<p>El comunicador y referente internacional, que seg\u00fan analistas como Ignacio Liendo \u00able sacar\u00eda votos a todos\u00bb, mantiene su candidatura en suspenso pero trabaja activamente en un armado t\u00e9cnico nacional.<\/p>\n<p>En este esquema, el rol de Gustavo Ventura es estrat\u00e9gico. Designado recientemente como Coordinador del espacio de Gebel para toda la Patagonia, Ventura se encuentra en una encrucijada entre su deseo personal y la necesidad del proyecto.<\/p>\n<p>Si bien su armado original apuntaba directamente a la Intendencia de Ushuaia, el pedido expreso de Gebel ser\u00eda que Ventura dispute la Gobernaci\u00f3n, esto es evaluado por Ventura quien como Gebel pidi\u00f3 hasta despu\u00e9s del mundial para analizarlo, mientras ya desembarca en R\u00edo Grande y Tolhuin provincializando su estructura.<\/p>\n<p>&nbsp;<\/p>\n","protected":false},"excerpt":{"rendered":"<p>EL TABLERO SE SACUDE: OUTSIDERS, GESTI\u00d3N Y EL \u00abFACTOR TDF\u00bb QUE PODR\u00cdA REDEFINIR EL 2027 Por Redacci\u00f3n Pol\u00edtica<\/p>\n","protected":false},"author":5,"featured_media":13253,"comment_status":"open","ping_status":"open","sticky":false,"template":"","format":"standard","meta":{"footnotes":""},"categories":[1096,27],"tags":[],"class_list":["post-13251","post","type-post","status-publish","format-standard","has-post-thumbnail","hentry","category-destacada","category-politica"],"featured_image_urls":{"full":["https:\/\/opinionpublica.com.ar\/index\/wp-content\/uploads\/2026\/04\/IMG-20260427-WA0104.jpg",940,788,false],"thumbnail":["https:\/\/opinionpublica.com.ar\/index\/wp-content\/uploads\/2026\/04\/IMG-20260427-WA0104-150x150.jpg",150,150,true],"medium":["https:\/\/opinionpublica.com.ar\/index\/wp-content\/uploads\/2026\/04\/IMG-20260427-WA0104-300x251.jpg",300,251,true],"medium_large":["https:\/\/opinionpublica.com.ar\/index\/wp-content\/uploads\/2026\/04\/IMG-20260427-WA0104-768x644.jpg",640,537,true],"large":["https:\/\/opinionpublica.com.ar\/index\/wp-content\/uploads\/2026\/04\/IMG-20260427-WA0104.jpg",640,537,false],"1536x1536":["https:\/\/opinionpublica.com.ar\/index\/wp-content\/uploads\/2026\/04\/IMG-20260427-WA0104.jpg",940,788,false],"2048x2048":["https:\/\/opinionpublica.com.ar\/index\/wp-content\/uploads\/2026\/04\/IMG-20260427-WA0104.jpg",940,788,false],"morenews-large":["https:\/\/opinionpublica.com.ar\/index\/wp-content\/uploads\/2026\/04\/IMG-20260427-WA0104-825x575.jpg",825,575,true],"morenews-medium":["https:\/\/opinionpublica.com.ar\/index\/wp-content\/uploads\/2026\/04\/IMG-20260427-WA0104-590x410.jpg",590,410,true]},"author_info":{"display_name":"Hal","author_link":"https:\/\/opinionpublica.com.ar\/index\/author\/hal\/"},"category_info":"<a href=\"https:\/\/opinionpublica.com.ar\/index\/category\/destacada\/\" rel=\"category tag\">Destacada<\/a> <a href=\"https:\/\/opinionpublica.com.ar\/index\/category\/politica\/\" rel=\"category tag\">Politica<\/a>","tag_info":"Politica","comment_count":"0","_links":{"self":[{"href":"https:\/\/opinionpublica.com.ar\/index\/wp-json\/wp\/v2\/posts\/13251","targetHints":{"allow":["GET"]}}],"collection":[{"href":"https:\/\/opinionpublica.com.ar\/index\/wp-json\/wp\/v2\/posts"}],"about":[{"href":"https:\/\/opinionpublica.com.ar\/index\/wp-json\/wp\/v2\/types\/post"}],"author":[{"embeddable":true,"href":"https:\/\/opinionpublica.com.ar\/index\/wp-json\/wp\/v2\/users\/5"}],"replies":[{"embeddable":true,"href":"https:\/\/opinionpublica.com.ar\/index\/wp-json\/wp\/v2\/comments?post=13251"}],"version-history":[{"count":2,"href":"https:\/\/opinionpublica.com.ar\/index\/wp-json\/wp\/v2\/posts\/13251\/revisions"}],"predecessor-version":[{"id":13254,"href":"https:\/\/opinionpublica.com.ar\/index\/wp-json\/wp\/v2\/posts\/13251\/revisions\/13254"}],"wp:featuredmedia":[{"embeddable":true,"href":"https:\/\/opinionpublica.com.ar\/index\/wp-json\/wp\/v2\/media\/13253"}],"wp:attachment":[{"href":"https:\/\/opinionpublica.com.ar\/index\/wp-json\/wp\/v2\/media?parent=13251"}],"wp:term":[{"taxonomy":"category","embeddable":true,"href":"https:\/\/opinionpublica.com.ar\/index\/wp-json\/wp\/v2\/categories?post=13251"},{"taxonomy":"post_tag","embeddable":true,"href":"https:\/\/opinionpublica.com.ar\/index\/wp-json\/wp\/v2\/tags?post=13251"}],"curies":[{"name":"wp","href":"https:\/\/api.w.org\/{rel}","templated":true}]}}