{"id":13257,"date":"2026-04-28T10:23:56","date_gmt":"2026-04-28T13:23:56","guid":{"rendered":"https:\/\/opinionpublica.com.ar\/index\/?p=13257"},"modified":"2026-04-28T10:23:56","modified_gmt":"2026-04-28T13:23:56","slug":"la-base-argentina-en-el-fin-del-mundo-que-fue-destruida-tras-la-guerra-de-malvinas","status":"publish","type":"post","link":"https:\/\/opinionpublica.com.ar\/index\/la-base-argentina-en-el-fin-del-mundo-que-fue-destruida-tras-la-guerra-de-malvinas\/","title":{"rendered":"La base argentina en el fin del mundo que fue destruida tras la Guerra de Malvinas"},"content":{"rendered":"<h3>La base argentina en el fin del mundo que fue destruida tras la Guerra de Malvinas<\/h3>\n<p>La Estaci\u00f3n Cient\u00edfica Corbeta Uruguay, en las islas Sandwich del Sur, fue destruida por el Reino Unido en 1982, en el episodio final y menos conocido de la contienda.<\/p>\n<p>&nbsp;<\/p>\n<p><strong>Por<\/strong> Yasmin Ali<\/p>\n<p><a href=\"https:\/\/opinionpublica.com.ar\/index\/wp-content\/uploads\/2026\/04\/3KARBTPW3RF5DJFWI72OI3WNBE.webp\"><img fetchpriority=\"high\" decoding=\"async\" class=\"size-full wp-image-13259 alignright\" src=\"https:\/\/opinionpublica.com.ar\/index\/wp-content\/uploads\/2026\/04\/3KARBTPW3RF5DJFWI72OI3WNBE.webp\" alt=\"\" width=\"950\" height=\"534\" srcset=\"https:\/\/opinionpublica.com.ar\/index\/wp-content\/uploads\/2026\/04\/3KARBTPW3RF5DJFWI72OI3WNBE.webp 950w, https:\/\/opinionpublica.com.ar\/index\/wp-content\/uploads\/2026\/04\/3KARBTPW3RF5DJFWI72OI3WNBE-300x169.webp 300w, https:\/\/opinionpublica.com.ar\/index\/wp-content\/uploads\/2026\/04\/3KARBTPW3RF5DJFWI72OI3WNBE-768x432.webp 768w\" sizes=\"(max-width: 950px) 100vw, 950px\" \/><\/a><\/p>\n<p>El 18 de marzo de 1977 se inaugur\u00f3 la Estaci\u00f3n Cient\u00edfica \u201cCorbeta Uruguay<\/p>\n<p>&nbsp;<\/p>\n<p>En el extremo m\u00e1s austral del mapa argentino, donde el oc\u00e9ano Atl\u00e1ntico se vuelve hostil y el viento corta la respiraci\u00f3n, existi\u00f3 durante a\u00f1os una base argentina que hoy pocos recuerdan. La Estaci\u00f3n Cient\u00edfica Corbeta Uruguay, ubicada en las islas Sandwich del Sur, fue mucho m\u00e1s que un conjunto de instalaciones en una isla volc\u00e1nica: represent\u00f3 una afirmaci\u00f3n silenciosa de soberan\u00eda, ciencia y presencia nacional en uno de los territorios m\u00e1s aislados del planeta.<\/p>\n<p>&nbsp;<\/p>\n<p>Su historia, sin embargo, termin\u00f3 de manera abrupta en 1982, cuando fuerzas brit\u00e1nicas la ocuparon y destruyeron tras la Guerra de Malvinas. Lo que ocurri\u00f3 all\u00ed fue la \u00faltima acci\u00f3n militar del conflicto, lejos de los focos medi\u00e1ticos y del relato m\u00e1s conocido de la guerra.<\/p>\n<p>&nbsp;<\/p>\n<p><strong>Una presencia argentina en un territorio extremo<\/strong><\/p>\n<p>La relaci\u00f3n de la Argentina con las Sandwich del Sur comenz\u00f3 mucho antes de 1982. El primer asentamiento se remonta a 1955, cuando se instal\u00f3 el Refugio Teniente Esquivel en la isla Thule, una iniciativa cient\u00edfica que debi\u00f3 abandonarse por la intensa actividad volc\u00e1nica de la zona.<\/p>\n<p>&nbsp;<\/p>\n<p><a href=\"https:\/\/opinionpublica.com.ar\/index\/wp-content\/uploads\/2026\/04\/RKN2G3LSSZCJRHOBPPR63X63WI.webp\"><img decoding=\"async\" class=\"alignnone size-full wp-image-13260\" src=\"https:\/\/opinionpublica.com.ar\/index\/wp-content\/uploads\/2026\/04\/RKN2G3LSSZCJRHOBPPR63X63WI.webp\" alt=\"\" width=\"950\" height=\"615\" srcset=\"https:\/\/opinionpublica.com.ar\/index\/wp-content\/uploads\/2026\/04\/RKN2G3LSSZCJRHOBPPR63X63WI.webp 950w, https:\/\/opinionpublica.com.ar\/index\/wp-content\/uploads\/2026\/04\/RKN2G3LSSZCJRHOBPPR63X63WI-300x194.webp 300w, https:\/\/opinionpublica.com.ar\/index\/wp-content\/uploads\/2026\/04\/RKN2G3LSSZCJRHOBPPR63X63WI-768x497.webp 768w\" sizes=\"(max-width: 950px) 100vw, 950px\" \/><\/a><\/p>\n<p>La Estaci\u00f3n Cient\u00edfica Corbeta Uruguay, en las islas Sandwich del Sur Foto: Instagram @cocoantar<\/p>\n<p>Dos d\u00e9cadas m\u00e1s tarde, en noviembre de 1976, la Armada Argentina retom\u00f3 la presencia en el archipi\u00e9lago con un proyecto m\u00e1s ambicioso: la creaci\u00f3n de la Base Corbeta Uruguay, inaugurada oficialmente en marzo de 1977. Ubicada estrat\u00e9gicamente en la isla Morrell, la base funcionaba de manera similar a las estaciones ant\u00e1rticas argentinas, con investigaciones cient\u00edficas, comunicaciones y tareas de observaci\u00f3n meteorol\u00f3gica.<\/p>\n<p>&nbsp;<\/p>\n<p>La dotaci\u00f3n era m\u00ednima: entre ocho y diez personas, que pasaban meses en condiciones extremas, aisladas del mundo, cumpliendo una misi\u00f3n que combinaba ciencia y pol\u00edtica territorial.<\/p>\n<p>&nbsp;<\/p>\n<p><strong>El contexto de la Guerra de Malvinas<\/strong><\/p>\n<p>Cuando estall\u00f3 la Guerra de Malvinas en abril de 1982, la base Corbeta Uruguay segu\u00eda operando. Tras la rendici\u00f3n argentina en Puerto Argentino el 14 de junio de 1982, el destacamento recibi\u00f3 \u00f3rdenes claras: continuar funcionando como estaci\u00f3n cient\u00edfica y no abandonar el lugar si se produc\u00eda una intimaci\u00f3n brit\u00e1nica, invocando el car\u00e1cter civil y cient\u00edfico de la base.<\/p>\n<p>&nbsp;<\/p>\n<p>&nbsp;<\/p>\n<p><a href=\"https:\/\/opinionpublica.com.ar\/index\/wp-content\/uploads\/2026\/04\/X6M2HAII7ZCZJAMS42L7Q5CZGU.webp\"><img decoding=\"async\" class=\"alignnone size-full wp-image-13261\" src=\"https:\/\/opinionpublica.com.ar\/index\/wp-content\/uploads\/2026\/04\/X6M2HAII7ZCZJAMS42L7Q5CZGU.webp\" alt=\"\" width=\"950\" height=\"633\" srcset=\"https:\/\/opinionpublica.com.ar\/index\/wp-content\/uploads\/2026\/04\/X6M2HAII7ZCZJAMS42L7Q5CZGU.webp 950w, https:\/\/opinionpublica.com.ar\/index\/wp-content\/uploads\/2026\/04\/X6M2HAII7ZCZJAMS42L7Q5CZGU-300x200.webp 300w, https:\/\/opinionpublica.com.ar\/index\/wp-content\/uploads\/2026\/04\/X6M2HAII7ZCZJAMS42L7Q5CZGU-768x512.webp 768w\" sizes=\"(max-width: 950px) 100vw, 950px\" \/><\/a><\/p>\n<p>&nbsp;<\/p>\n<p>Durante varios d\u00edas, la peque\u00f1a dotaci\u00f3n argentina qued\u00f3 completamente aislada, mientras el conflicto parec\u00eda haber terminado para el resto del mundo.<\/p>\n<p>&nbsp;<\/p>\n<p><strong>La Operaci\u00f3n Keyhole: el ataque final<\/strong><\/p>\n<p>Entre el 19 y el 20 de junio de 1982, el Reino Unido lanz\u00f3 la Operaci\u00f3n Keyhole, una acci\u00f3n militar espec\u00edfica para desalojar la base argentina en las Sandwich del Sur. El operativo incluy\u00f3 una fragata, un rompehielos, buques log\u00edsticos y helic\u00f3pteros, una demostraci\u00f3n de fuerza desproporcionada frente a un grupo reducido de militares y un civil argentino.<\/p>\n<p>&nbsp;<\/p>\n<p>No hubo enfrentamientos armados ni v\u00edctimas. La guarnici\u00f3n argentina fue tomada prisionera y trasladada fuera del archipi\u00e9lago. Sin embargo, meses despu\u00e9s, en diciembre de 1982, fuerzas brit\u00e1nicas dinamitaron y destruyeron la base, dejando solo restos de estructuras met\u00e1licas sobre el terreno helado.<\/p>\n<p>&nbsp;<\/p>\n<p><strong>Un episodio clave, pero poco contado<\/strong><\/p>\n<p>La destrucci\u00f3n de Corbeta Uruguay tuvo un fuerte impacto simb\u00f3lico. Fue la \u00faltima acci\u00f3n b\u00e9lica de la Guerra de Malvinas y marc\u00f3 el fin de la presencia permanente argentina en las Sandwich del Sur. Desde entonces, el Reino Unido mantiene el control efectivo del archipi\u00e9lago, que administra como territorio de ultramar, aunque Argentina contin\u00faa reclamando su soberan\u00eda junto con Malvinas y Georgias del Sur.<\/p>\n<p>&nbsp;<\/p>\n<p>A diferencia de otros episodios del conflicto, la historia de esta base qued\u00f3 relegada a archivos, documentos militares y el recuerdo de sus protagonistas.<\/p>\n<p><a href=\"https:\/\/opinionpublica.com.ar\/index\/wp-content\/uploads\/2026\/04\/LXRXANQTRZDXPJRME67PYPHZZA.webp\"><img loading=\"lazy\" decoding=\"async\" class=\"alignnone size-full wp-image-13262\" src=\"https:\/\/opinionpublica.com.ar\/index\/wp-content\/uploads\/2026\/04\/LXRXANQTRZDXPJRME67PYPHZZA.webp\" alt=\"\" width=\"950\" height=\"640\" srcset=\"https:\/\/opinionpublica.com.ar\/index\/wp-content\/uploads\/2026\/04\/LXRXANQTRZDXPJRME67PYPHZZA.webp 950w, https:\/\/opinionpublica.com.ar\/index\/wp-content\/uploads\/2026\/04\/LXRXANQTRZDXPJRME67PYPHZZA-300x202.webp 300w, https:\/\/opinionpublica.com.ar\/index\/wp-content\/uploads\/2026\/04\/LXRXANQTRZDXPJRME67PYPHZZA-768x517.webp 768w\" sizes=\"(max-width: 950px) 100vw, 950px\" \/><\/a><\/p>\n<p>Fue destruida por el Reino Unido en 1982, en el episodio final y menos conocido de la contienda Foto: Facebook \/ Operacion Malvinas. Para no olvidar.<\/p>\n<p><strong>Memoria, soberan\u00eda y territorio<\/strong><\/p>\n<p>Hoy, m\u00e1s de cuatro d\u00e9cadas despu\u00e9s, Corbeta Uruguay sigue siendo un s\u00edmbolo silencioso de la proyecci\u00f3n argentina en el Atl\u00e1ntico Sur. Su historia condensa ciencia, geopol\u00edtica, aislamiento extremo y una disputa de soberan\u00eda que contin\u00faa vigente.<\/p>\n<p>&nbsp;<\/p>\n<p>Recordar lo ocurrido en las Sandwich del Sur no es solo un ejercicio del pasado. Es tambi\u00e9n una forma de entender que la historia argentina no termin\u00f3 en las Malvinas y que, incluso en los rincones m\u00e1s inh\u00f3spitos del mapa, hubo hombres y mujeres sosteniendo una bandera en condiciones l\u00edmite, lejos de las c\u00e1maras y del reconocimiento.<\/p>\n","protected":false},"excerpt":{"rendered":"<p>La base argentina en el fin del mundo que fue destruida tras la Guerra de Malvinas La Estaci\u00f3n<\/p>\n","protected":false},"author":5,"featured_media":13264,"comment_status":"open","ping_status":"open","sticky":false,"template":"","format":"standard","meta":{"footnotes":""},"categories":[29,2],"tags":[4181,567,4180,443,45],"class_list":["post-13257","post","type-post","status-publish","format-standard","has-post-thumbnail","hentry","category-interes-general","category-tierra-del-fuego","tag-corbeta-uruguay","tag-estacion-cientifica","tag-historia","tag-islas-malvinas","tag-malvinas"],"featured_image_urls":{"full":["https:\/\/opinionpublica.com.ar\/index\/wp-content\/uploads\/2026\/04\/20220420100133_625f2d284f1c3_900.jpg",880,586,false],"thumbnail":["https:\/\/opinionpublica.com.ar\/index\/wp-content\/uploads\/2026\/04\/20220420100133_625f2d284f1c3_900-150x150.jpg",150,150,true],"medium":["https:\/\/opinionpublica.com.ar\/index\/wp-content\/uploads\/2026\/04\/20220420100133_625f2d284f1c3_900-300x200.jpg",300,200,true],"medium_large":["https:\/\/opinionpublica.com.ar\/index\/wp-content\/uploads\/2026\/04\/20220420100133_625f2d284f1c3_900-768x511.jpg",640,426,true],"large":["https:\/\/opinionpublica.com.ar\/index\/wp-content\/uploads\/2026\/04\/20220420100133_625f2d284f1c3_900.jpg",640,426,false],"1536x1536":["https:\/\/opinionpublica.com.ar\/index\/wp-content\/uploads\/2026\/04\/20220420100133_625f2d284f1c3_900.jpg",880,586,false],"2048x2048":["https:\/\/opinionpublica.com.ar\/index\/wp-content\/uploads\/2026\/04\/20220420100133_625f2d284f1c3_900.jpg",880,586,false],"morenews-large":["https:\/\/opinionpublica.com.ar\/index\/wp-content\/uploads\/2026\/04\/20220420100133_625f2d284f1c3_900-825x575.jpg",825,575,true],"morenews-medium":["https:\/\/opinionpublica.com.ar\/index\/wp-content\/uploads\/2026\/04\/20220420100133_625f2d284f1c3_900-590x410.jpg",590,410,true]},"author_info":{"display_name":"Hal","author_link":"https:\/\/opinionpublica.com.ar\/index\/author\/hal\/"},"category_info":"<a href=\"https:\/\/opinionpublica.com.ar\/index\/category\/interes-general\/\" rel=\"category tag\">Interes General<\/a> <a href=\"https:\/\/opinionpublica.com.ar\/index\/category\/tierra-del-fuego\/\" rel=\"category tag\">Tierra del Fuego<\/a>","tag_info":"Tierra del Fuego","comment_count":"0","_links":{"self":[{"href":"https:\/\/opinionpublica.com.ar\/index\/wp-json\/wp\/v2\/posts\/13257","targetHints":{"allow":["GET"]}}],"collection":[{"href":"https:\/\/opinionpublica.com.ar\/index\/wp-json\/wp\/v2\/posts"}],"about":[{"href":"https:\/\/opinionpublica.com.ar\/index\/wp-json\/wp\/v2\/types\/post"}],"author":[{"embeddable":true,"href":"https:\/\/opinionpublica.com.ar\/index\/wp-json\/wp\/v2\/users\/5"}],"replies":[{"embeddable":true,"href":"https:\/\/opinionpublica.com.ar\/index\/wp-json\/wp\/v2\/comments?post=13257"}],"version-history":[{"count":3,"href":"https:\/\/opinionpublica.com.ar\/index\/wp-json\/wp\/v2\/posts\/13257\/revisions"}],"predecessor-version":[{"id":13265,"href":"https:\/\/opinionpublica.com.ar\/index\/wp-json\/wp\/v2\/posts\/13257\/revisions\/13265"}],"wp:featuredmedia":[{"embeddable":true,"href":"https:\/\/opinionpublica.com.ar\/index\/wp-json\/wp\/v2\/media\/13264"}],"wp:attachment":[{"href":"https:\/\/opinionpublica.com.ar\/index\/wp-json\/wp\/v2\/media?parent=13257"}],"wp:term":[{"taxonomy":"category","embeddable":true,"href":"https:\/\/opinionpublica.com.ar\/index\/wp-json\/wp\/v2\/categories?post=13257"},{"taxonomy":"post_tag","embeddable":true,"href":"https:\/\/opinionpublica.com.ar\/index\/wp-json\/wp\/v2\/tags?post=13257"}],"curies":[{"name":"wp","href":"https:\/\/api.w.org\/{rel}","templated":true}]}}