{"id":13268,"date":"2026-04-28T10:00:11","date_gmt":"2026-04-28T13:00:11","guid":{"rendered":"https:\/\/opinionpublica.com.ar\/index\/?p=13268"},"modified":"2026-04-28T10:00:11","modified_gmt":"2026-04-28T13:00:11","slug":"obra-estrategica-en-rio-grande-avanza-con-inversion-municipal","status":"publish","type":"post","link":"https:\/\/opinionpublica.com.ar\/index\/obra-estrategica-en-rio-grande-avanza-con-inversion-municipal\/","title":{"rendered":"OBRA ESTRATEGICA EN RIO GRANDE AVANZA CON INVERSION MUNICIPAL"},"content":{"rendered":"<h3>OBRA ESTRATEGICA EN RIO GRANDE AVANZA CON INVERSION MUNICIPAL<\/h3>\n<p><a href=\"https:\/\/opinionpublica.com.ar\/index\/wp-content\/uploads\/2026\/04\/f608x342-142527_172250_15.jpg\"><img fetchpriority=\"high\" decoding=\"async\" class=\"alignnone size-full wp-image-13270\" src=\"https:\/\/opinionpublica.com.ar\/index\/wp-content\/uploads\/2026\/04\/f608x342-142527_172250_15.jpg\" alt=\"\" width=\"608\" height=\"342\" srcset=\"https:\/\/opinionpublica.com.ar\/index\/wp-content\/uploads\/2026\/04\/f608x342-142527_172250_15.jpg 608w, https:\/\/opinionpublica.com.ar\/index\/wp-content\/uploads\/2026\/04\/f608x342-142527_172250_15-300x169.jpg 300w\" sizes=\"(max-width: 608px) 100vw, 608px\" \/><\/a><\/p>\n<p>El intendente de R\u00edo Grande, Mart\u00edn P\u00e9rez, encabez\u00f3 una recorrida por el Natatorio Ol\u00edmpico del barrio Chacra II, una obra estrat\u00e9gica que ya supera el 80% de ejecuci\u00f3n y se encuentra en su etapa final gracias a inversi\u00f3n \u00edntegramente municipal.<\/p>\n<p>P\u00e9rez destac\u00f3 que la obra es clave para la ciudad y que la inversi\u00f3n municipal ha permitido avanzar en su construcci\u00f3n.<\/p>\n<p>La obra busca mejorar la infraestructura deportiva de la ciudad y ofrecer espacios de recreaci\u00f3n y deporte para los vecinos.<\/p>\n","protected":false},"excerpt":{"rendered":"<p>OBRA ESTRATEGICA EN RIO GRANDE AVANZA CON INVERSION MUNICIPAL El intendente de R\u00edo Grande, Mart\u00edn P\u00e9rez, encabez\u00f3 una<\/p>\n","protected":false},"author":5,"featured_media":13270,"comment_status":"open","ping_status":"open","sticky":false,"template":"","format":"standard","meta":{"footnotes":""},"categories":[25],"tags":[],"class_list":["post-13268","post","type-post","status-publish","format-standard","has-post-thumbnail","hentry","category-rio-grande"],"featured_image_urls":{"full":["https:\/\/opinionpublica.com.ar\/index\/wp-content\/uploads\/2026\/04\/f608x342-142527_172250_15.jpg",608,342,false],"thumbnail":["https:\/\/opinionpublica.com.ar\/index\/wp-content\/uploads\/2026\/04\/f608x342-142527_172250_15-150x150.jpg",150,150,true],"medium":["https:\/\/opinionpublica.com.ar\/index\/wp-content\/uploads\/2026\/04\/f608x342-142527_172250_15-300x169.jpg",300,169,true],"medium_large":["https:\/\/opinionpublica.com.ar\/index\/wp-content\/uploads\/2026\/04\/f608x342-142527_172250_15.jpg",608,342,false],"large":["https:\/\/opinionpublica.com.ar\/index\/wp-content\/uploads\/2026\/04\/f608x342-142527_172250_15.jpg",608,342,false],"1536x1536":["https:\/\/opinionpublica.com.ar\/index\/wp-content\/uploads\/2026\/04\/f608x342-142527_172250_15.jpg",608,342,false],"2048x2048":["https:\/\/opinionpublica.com.ar\/index\/wp-content\/uploads\/2026\/04\/f608x342-142527_172250_15.jpg",608,342,false],"morenews-large":["https:\/\/opinionpublica.com.ar\/index\/wp-content\/uploads\/2026\/04\/f608x342-142527_172250_15.jpg",608,342,false],"morenews-medium":["https:\/\/opinionpublica.com.ar\/index\/wp-content\/uploads\/2026\/04\/f608x342-142527_172250_15-590x342.jpg",590,342,true]},"author_info":{"display_name":"Hal","author_link":"https:\/\/opinionpublica.com.ar\/index\/author\/hal\/"},"category_info":"<a href=\"https:\/\/opinionpublica.com.ar\/index\/category\/rio-grande\/\" rel=\"category tag\">Rio Grande<\/a>","tag_info":"Rio Grande","comment_count":"0","_links":{"self":[{"href":"https:\/\/opinionpublica.com.ar\/index\/wp-json\/wp\/v2\/posts\/13268","targetHints":{"allow":["GET"]}}],"collection":[{"href":"https:\/\/opinionpublica.com.ar\/index\/wp-json\/wp\/v2\/posts"}],"about":[{"href":"https:\/\/opinionpublica.com.ar\/index\/wp-json\/wp\/v2\/types\/post"}],"author":[{"embeddable":true,"href":"https:\/\/opinionpublica.com.ar\/index\/wp-json\/wp\/v2\/users\/5"}],"replies":[{"embeddable":true,"href":"https:\/\/opinionpublica.com.ar\/index\/wp-json\/wp\/v2\/comments?post=13268"}],"version-history":[{"count":2,"href":"https:\/\/opinionpublica.com.ar\/index\/wp-json\/wp\/v2\/posts\/13268\/revisions"}],"predecessor-version":[{"id":13271,"href":"https:\/\/opinionpublica.com.ar\/index\/wp-json\/wp\/v2\/posts\/13268\/revisions\/13271"}],"wp:featuredmedia":[{"embeddable":true,"href":"https:\/\/opinionpublica.com.ar\/index\/wp-json\/wp\/v2\/media\/13270"}],"wp:attachment":[{"href":"https:\/\/opinionpublica.com.ar\/index\/wp-json\/wp\/v2\/media?parent=13268"}],"wp:term":[{"taxonomy":"category","embeddable":true,"href":"https:\/\/opinionpublica.com.ar\/index\/wp-json\/wp\/v2\/categories?post=13268"},{"taxonomy":"post_tag","embeddable":true,"href":"https:\/\/opinionpublica.com.ar\/index\/wp-json\/wp\/v2\/tags?post=13268"}],"curies":[{"name":"wp","href":"https:\/\/api.w.org\/{rel}","templated":true}]}}