{"id":13289,"date":"2026-04-29T10:10:00","date_gmt":"2026-04-29T13:10:00","guid":{"rendered":"https:\/\/opinionpublica.com.ar\/index\/?p=13289"},"modified":"2026-04-29T10:10:00","modified_gmt":"2026-04-29T13:10:00","slug":"policias-territoriales-siguen-sin-cobrar-haber-de-retiro","status":"publish","type":"post","link":"https:\/\/opinionpublica.com.ar\/index\/policias-territoriales-siguen-sin-cobrar-haber-de-retiro\/","title":{"rendered":"POLICIAS TERRITORIALES SIGUEN SIN COBRAR HABER DE RETIRO"},"content":{"rendered":"<h3>POLICIAS TERRITORIALES SIGUEN SIN COBRAR HABER DE RETIRO<\/h3>\n<p style=\"text-align: right;\"><a href=\"https:\/\/opinionpublica.com.ar\/index\/wp-content\/uploads\/2026\/04\/policias04-scaled.jpg\"><img fetchpriority=\"high\" decoding=\"async\" class=\"alignnone size-full wp-image-13291\" src=\"https:\/\/opinionpublica.com.ar\/index\/wp-content\/uploads\/2026\/04\/policias04-scaled.jpg\" alt=\"\" width=\"2560\" height=\"1440\" srcset=\"https:\/\/opinionpublica.com.ar\/index\/wp-content\/uploads\/2026\/04\/policias04-scaled.jpg 2560w, https:\/\/opinionpublica.com.ar\/index\/wp-content\/uploads\/2026\/04\/policias04-300x169.jpg 300w, https:\/\/opinionpublica.com.ar\/index\/wp-content\/uploads\/2026\/04\/policias04-1024x576.jpg 1024w, https:\/\/opinionpublica.com.ar\/index\/wp-content\/uploads\/2026\/04\/policias04-768x432.jpg 768w, https:\/\/opinionpublica.com.ar\/index\/wp-content\/uploads\/2026\/04\/policias04-1536x864.jpg 1536w, https:\/\/opinionpublica.com.ar\/index\/wp-content\/uploads\/2026\/04\/policias04-2048x1152.jpg 2048w\" sizes=\"(max-width: 2560px) 100vw, 2560px\" \/><\/a><\/p>\n<p>La situaci\u00f3n de los polic\u00edas territoriales en Tierra del Fuego sigue sin resolverse hace 11 meses que no cobran su haber de retiro esto afecta a 540 polic\u00edas territoriales que se ven obligados a esperar para recibir su pago la reuni\u00f3n mantenida entre las autoridades y los representantes de los polic\u00edas territoriales no ha resuelto el problema y se desconoce el monto de la deuda acumulada en estos 11 meses de no pago la falta de pago ha generado una gran incertidumbre entre los polic\u00edas territoriales que se ven afectados por esta situaci\u00f3n<\/p>\n","protected":false},"excerpt":{"rendered":"<p>POLICIAS TERRITORIALES SIGUEN SIN COBRAR HABER DE RETIRO La situaci\u00f3n de los polic\u00edas territoriales en Tierra del Fuego<\/p>\n","protected":false},"author":5,"featured_media":13291,"comment_status":"open","ping_status":"open","sticky":false,"template":"","format":"standard","meta":{"footnotes":""},"categories":[2],"tags":[],"class_list":["post-13289","post","type-post","status-publish","format-standard","has-post-thumbnail","hentry","category-tierra-del-fuego"],"featured_image_urls":{"full":["https:\/\/opinionpublica.com.ar\/index\/wp-content\/uploads\/2026\/04\/policias04-scaled.jpg",2560,1440,false],"thumbnail":["https:\/\/opinionpublica.com.ar\/index\/wp-content\/uploads\/2026\/04\/policias04-150x150.jpg",150,150,true],"medium":["https:\/\/opinionpublica.com.ar\/index\/wp-content\/uploads\/2026\/04\/policias04-300x169.jpg",300,169,true],"medium_large":["https:\/\/opinionpublica.com.ar\/index\/wp-content\/uploads\/2026\/04\/policias04-768x432.jpg",640,360,true],"large":["https:\/\/opinionpublica.com.ar\/index\/wp-content\/uploads\/2026\/04\/policias04-1024x576.jpg",640,360,true],"1536x1536":["https:\/\/opinionpublica.com.ar\/index\/wp-content\/uploads\/2026\/04\/policias04-1536x864.jpg",1536,864,true],"2048x2048":["https:\/\/opinionpublica.com.ar\/index\/wp-content\/uploads\/2026\/04\/policias04-2048x1152.jpg",2048,1152,true],"morenews-large":["https:\/\/opinionpublica.com.ar\/index\/wp-content\/uploads\/2026\/04\/policias04-825x575.jpg",825,575,true],"morenews-medium":["https:\/\/opinionpublica.com.ar\/index\/wp-content\/uploads\/2026\/04\/policias04-590x410.jpg",590,410,true]},"author_info":{"display_name":"Hal","author_link":"https:\/\/opinionpublica.com.ar\/index\/author\/hal\/"},"category_info":"<a href=\"https:\/\/opinionpublica.com.ar\/index\/category\/tierra-del-fuego\/\" rel=\"category tag\">Tierra del Fuego<\/a>","tag_info":"Tierra del Fuego","comment_count":"0","_links":{"self":[{"href":"https:\/\/opinionpublica.com.ar\/index\/wp-json\/wp\/v2\/posts\/13289","targetHints":{"allow":["GET"]}}],"collection":[{"href":"https:\/\/opinionpublica.com.ar\/index\/wp-json\/wp\/v2\/posts"}],"about":[{"href":"https:\/\/opinionpublica.com.ar\/index\/wp-json\/wp\/v2\/types\/post"}],"author":[{"embeddable":true,"href":"https:\/\/opinionpublica.com.ar\/index\/wp-json\/wp\/v2\/users\/5"}],"replies":[{"embeddable":true,"href":"https:\/\/opinionpublica.com.ar\/index\/wp-json\/wp\/v2\/comments?post=13289"}],"version-history":[{"count":2,"href":"https:\/\/opinionpublica.com.ar\/index\/wp-json\/wp\/v2\/posts\/13289\/revisions"}],"predecessor-version":[{"id":13292,"href":"https:\/\/opinionpublica.com.ar\/index\/wp-json\/wp\/v2\/posts\/13289\/revisions\/13292"}],"wp:featuredmedia":[{"embeddable":true,"href":"https:\/\/opinionpublica.com.ar\/index\/wp-json\/wp\/v2\/media\/13291"}],"wp:attachment":[{"href":"https:\/\/opinionpublica.com.ar\/index\/wp-json\/wp\/v2\/media?parent=13289"}],"wp:term":[{"taxonomy":"category","embeddable":true,"href":"https:\/\/opinionpublica.com.ar\/index\/wp-json\/wp\/v2\/categories?post=13289"},{"taxonomy":"post_tag","embeddable":true,"href":"https:\/\/opinionpublica.com.ar\/index\/wp-json\/wp\/v2\/tags?post=13289"}],"curies":[{"name":"wp","href":"https:\/\/api.w.org\/{rel}","templated":true}]}}