{"id":13293,"date":"2026-04-29T10:23:43","date_gmt":"2026-04-29T13:23:43","guid":{"rendered":"https:\/\/opinionpublica.com.ar\/index\/?p=13293"},"modified":"2026-04-29T10:23:43","modified_gmt":"2026-04-29T13:23:43","slug":"sebastian-vettel-corre-la-maraton-de-londres","status":"publish","type":"post","link":"https:\/\/opinionpublica.com.ar\/index\/sebastian-vettel-corre-la-maraton-de-londres\/","title":{"rendered":"SEBASTIAN VETTEL CORRE LA MARATON DE LONDRES"},"content":{"rendered":"<h3>SEBASTIAN VETTEL CORRE LA MARATON DE LONDRES<\/h3>\n<p><a href=\"https:\/\/opinionpublica.com.ar\/index\/wp-content\/uploads\/2026\/04\/614d6f62-5332-4d2d-bc2d-3fbcd9ed9472.jpeg\"><img fetchpriority=\"high\" decoding=\"async\" class=\"alignnone size-full wp-image-13295\" src=\"https:\/\/opinionpublica.com.ar\/index\/wp-content\/uploads\/2026\/04\/614d6f62-5332-4d2d-bc2d-3fbcd9ed9472.jpeg\" alt=\"\" width=\"900\" height=\"600\" srcset=\"https:\/\/opinionpublica.com.ar\/index\/wp-content\/uploads\/2026\/04\/614d6f62-5332-4d2d-bc2d-3fbcd9ed9472.jpeg 900w, https:\/\/opinionpublica.com.ar\/index\/wp-content\/uploads\/2026\/04\/614d6f62-5332-4d2d-bc2d-3fbcd9ed9472-300x200.jpeg 300w, https:\/\/opinionpublica.com.ar\/index\/wp-content\/uploads\/2026\/04\/614d6f62-5332-4d2d-bc2d-3fbcd9ed9472-768x512.jpeg 768w\" sizes=\"(max-width: 900px) 100vw, 900px\" \/><\/a><\/p>\n<p>Sebastian Vettel volvi\u00f3 a sorprender al mundo del automovilismo, pero esta vez no fue al volante de un auto de carreras, sino que se puso a correr la Marat\u00f3n de Londres.<\/p>\n<p>El tetracampe\u00f3n de F\u00f3rmula 1 se prepar\u00f3 para el desaf\u00edo y no solo logr\u00f3 terminar la carrera, sino que tambi\u00e9n hizo un tiempo destacado.<\/p>\n<p>Mientras tanto, en el mundo del NASCAR, un piloto gan\u00f3 la carrera y celebr\u00f3 de manera inusual chocando su auto contra la pared. En otro orden de cosas, el entrenador de V\u00e9lez, Guillermo Barros Schelotto, se refiri\u00f3 a la comparaci\u00f3n entre su equipo y una escuder\u00eda de F\u00f3rmula 1, aunque reconoci\u00f3 que no sabe mucho del deporte.<\/p>\n<p>En el fin de semana, Franco Colapinto tambi\u00e9n estuvo en el centro de la atenci\u00f3n en el Road Show. Todos estos eventos muestran la diversidad y la pasi\u00f3n que rodean al mundo del automovilismo, donde los pilotos y los equipos est\u00e1n dispuestos a desafiar sus l\u00edmites y a sorprender a los fans con sus logros.<\/p>\n<p>La velocidad y la habilidad son solo algunos de los ingredientes que hacen que este deporte sea tan emocionante y atractivo para los espectadores.<\/p>\n","protected":false},"excerpt":{"rendered":"<p>SEBASTIAN VETTEL CORRE LA MARATON DE LONDRES Sebastian Vettel volvi\u00f3 a sorprender al mundo del automovilismo, pero esta<\/p>\n","protected":false},"author":5,"featured_media":13295,"comment_status":"open","ping_status":"open","sticky":false,"template":"","format":"standard","meta":{"footnotes":""},"categories":[28],"tags":[],"class_list":["post-13293","post","type-post","status-publish","format-standard","has-post-thumbnail","hentry","category-deportes"],"featured_image_urls":{"full":["https:\/\/opinionpublica.com.ar\/index\/wp-content\/uploads\/2026\/04\/614d6f62-5332-4d2d-bc2d-3fbcd9ed9472.jpeg",900,600,false],"thumbnail":["https:\/\/opinionpublica.com.ar\/index\/wp-content\/uploads\/2026\/04\/614d6f62-5332-4d2d-bc2d-3fbcd9ed9472-150x150.jpeg",150,150,true],"medium":["https:\/\/opinionpublica.com.ar\/index\/wp-content\/uploads\/2026\/04\/614d6f62-5332-4d2d-bc2d-3fbcd9ed9472-300x200.jpeg",300,200,true],"medium_large":["https:\/\/opinionpublica.com.ar\/index\/wp-content\/uploads\/2026\/04\/614d6f62-5332-4d2d-bc2d-3fbcd9ed9472-768x512.jpeg",640,427,true],"large":["https:\/\/opinionpublica.com.ar\/index\/wp-content\/uploads\/2026\/04\/614d6f62-5332-4d2d-bc2d-3fbcd9ed9472.jpeg",640,427,false],"1536x1536":["https:\/\/opinionpublica.com.ar\/index\/wp-content\/uploads\/2026\/04\/614d6f62-5332-4d2d-bc2d-3fbcd9ed9472.jpeg",900,600,false],"2048x2048":["https:\/\/opinionpublica.com.ar\/index\/wp-content\/uploads\/2026\/04\/614d6f62-5332-4d2d-bc2d-3fbcd9ed9472.jpeg",900,600,false],"morenews-large":["https:\/\/opinionpublica.com.ar\/index\/wp-content\/uploads\/2026\/04\/614d6f62-5332-4d2d-bc2d-3fbcd9ed9472-825x575.jpeg",825,575,true],"morenews-medium":["https:\/\/opinionpublica.com.ar\/index\/wp-content\/uploads\/2026\/04\/614d6f62-5332-4d2d-bc2d-3fbcd9ed9472-590x410.jpeg",590,410,true]},"author_info":{"display_name":"Hal","author_link":"https:\/\/opinionpublica.com.ar\/index\/author\/hal\/"},"category_info":"<a href=\"https:\/\/opinionpublica.com.ar\/index\/category\/deportes\/\" rel=\"category tag\">Deportes<\/a>","tag_info":"Deportes","comment_count":"0","_links":{"self":[{"href":"https:\/\/opinionpublica.com.ar\/index\/wp-json\/wp\/v2\/posts\/13293","targetHints":{"allow":["GET"]}}],"collection":[{"href":"https:\/\/opinionpublica.com.ar\/index\/wp-json\/wp\/v2\/posts"}],"about":[{"href":"https:\/\/opinionpublica.com.ar\/index\/wp-json\/wp\/v2\/types\/post"}],"author":[{"embeddable":true,"href":"https:\/\/opinionpublica.com.ar\/index\/wp-json\/wp\/v2\/users\/5"}],"replies":[{"embeddable":true,"href":"https:\/\/opinionpublica.com.ar\/index\/wp-json\/wp\/v2\/comments?post=13293"}],"version-history":[{"count":2,"href":"https:\/\/opinionpublica.com.ar\/index\/wp-json\/wp\/v2\/posts\/13293\/revisions"}],"predecessor-version":[{"id":13296,"href":"https:\/\/opinionpublica.com.ar\/index\/wp-json\/wp\/v2\/posts\/13293\/revisions\/13296"}],"wp:featuredmedia":[{"embeddable":true,"href":"https:\/\/opinionpublica.com.ar\/index\/wp-json\/wp\/v2\/media\/13295"}],"wp:attachment":[{"href":"https:\/\/opinionpublica.com.ar\/index\/wp-json\/wp\/v2\/media?parent=13293"}],"wp:term":[{"taxonomy":"category","embeddable":true,"href":"https:\/\/opinionpublica.com.ar\/index\/wp-json\/wp\/v2\/categories?post=13293"},{"taxonomy":"post_tag","embeddable":true,"href":"https:\/\/opinionpublica.com.ar\/index\/wp-json\/wp\/v2\/tags?post=13293"}],"curies":[{"name":"wp","href":"https:\/\/api.w.org\/{rel}","templated":true}]}}