{"id":13309,"date":"2026-04-30T09:47:36","date_gmt":"2026-04-30T12:47:36","guid":{"rendered":"https:\/\/opinionpublica.com.ar\/index\/?p=13309"},"modified":"2026-04-30T09:47:36","modified_gmt":"2026-04-30T12:47:36","slug":"lechman-se-opone-a-la-convencional-constituyente","status":"publish","type":"post","link":"https:\/\/opinionpublica.com.ar\/index\/lechman-se-opone-a-la-convencional-constituyente\/","title":{"rendered":"LECHMAN SE OPONE A LA CONVENCIONAL CONSTITUYENTE"},"content":{"rendered":"<h3>LECHMAN SE OPONE A LA CONVENCIONAL CONSTITUYENTE<\/h3>\n<p><a href=\"https:\/\/opinionpublica.com.ar\/index\/wp-content\/uploads\/2024\/09\/20240823154111_jorge-lechman.jpg\"><img fetchpriority=\"high\" decoding=\"async\" class=\"alignnone size-full wp-image-5885\" src=\"https:\/\/opinionpublica.com.ar\/index\/wp-content\/uploads\/2024\/09\/20240823154111_jorge-lechman.jpg\" alt=\"\" width=\"880\" height=\"512\" srcset=\"https:\/\/opinionpublica.com.ar\/index\/wp-content\/uploads\/2024\/09\/20240823154111_jorge-lechman.jpg 880w, https:\/\/opinionpublica.com.ar\/index\/wp-content\/uploads\/2024\/09\/20240823154111_jorge-lechman-300x175.jpg 300w, https:\/\/opinionpublica.com.ar\/index\/wp-content\/uploads\/2024\/09\/20240823154111_jorge-lechman-768x447.jpg 768w\" sizes=\"(max-width: 880px) 100vw, 880px\" \/><\/a><\/p>\n<p>El legislador Jorge Lechman de Somos Fueguinos sostuvo que la Legislatura tiene la autoridad suficiente para derogar la ley y suspender cualquier proceso respecto del llamado a Convencional Constituyente para reformar la Constituci\u00f3n de Tierra del Fuego.<\/p>\n<p>Lechman aclar\u00f3 que el mandatario provincial est\u00e1 habilitado para firmar el decreto de convocatoria, pero el Poder Legislativo tiene plena potestad para revertir esa decisi\u00f3n. Esto se debe a la mala praxis econ\u00f3mica que podr\u00eda arrastrar a los ciudadanos de la provincia.<\/p>\n","protected":false},"excerpt":{"rendered":"<p>LECHMAN SE OPONE A LA CONVENCIONAL CONSTITUYENTE El legislador Jorge Lechman de Somos Fueguinos sostuvo que la Legislatura<\/p>\n","protected":false},"author":5,"featured_media":5885,"comment_status":"open","ping_status":"open","sticky":false,"template":"","format":"standard","meta":{"footnotes":""},"categories":[27,2],"tags":[],"class_list":["post-13309","post","type-post","status-publish","format-standard","has-post-thumbnail","hentry","category-politica","category-tierra-del-fuego"],"featured_image_urls":{"full":["https:\/\/opinionpublica.com.ar\/index\/wp-content\/uploads\/2024\/09\/20240823154111_jorge-lechman.jpg",880,512,false],"thumbnail":["https:\/\/opinionpublica.com.ar\/index\/wp-content\/uploads\/2024\/09\/20240823154111_jorge-lechman-150x150.jpg",150,150,true],"medium":["https:\/\/opinionpublica.com.ar\/index\/wp-content\/uploads\/2024\/09\/20240823154111_jorge-lechman-300x175.jpg",300,175,true],"medium_large":["https:\/\/opinionpublica.com.ar\/index\/wp-content\/uploads\/2024\/09\/20240823154111_jorge-lechman-768x447.jpg",640,373,true],"large":["https:\/\/opinionpublica.com.ar\/index\/wp-content\/uploads\/2024\/09\/20240823154111_jorge-lechman.jpg",640,372,false],"1536x1536":["https:\/\/opinionpublica.com.ar\/index\/wp-content\/uploads\/2024\/09\/20240823154111_jorge-lechman.jpg",880,512,false],"2048x2048":["https:\/\/opinionpublica.com.ar\/index\/wp-content\/uploads\/2024\/09\/20240823154111_jorge-lechman.jpg",880,512,false],"morenews-large":["https:\/\/opinionpublica.com.ar\/index\/wp-content\/uploads\/2024\/09\/20240823154111_jorge-lechman-825x512.jpg",825,512,true],"morenews-medium":["https:\/\/opinionpublica.com.ar\/index\/wp-content\/uploads\/2024\/09\/20240823154111_jorge-lechman-590x410.jpg",590,410,true]},"author_info":{"display_name":"Hal","author_link":"https:\/\/opinionpublica.com.ar\/index\/author\/hal\/"},"category_info":"<a href=\"https:\/\/opinionpublica.com.ar\/index\/category\/politica\/\" rel=\"category tag\">Politica<\/a> <a href=\"https:\/\/opinionpublica.com.ar\/index\/category\/tierra-del-fuego\/\" rel=\"category tag\">Tierra del Fuego<\/a>","tag_info":"Tierra del Fuego","comment_count":"0","_links":{"self":[{"href":"https:\/\/opinionpublica.com.ar\/index\/wp-json\/wp\/v2\/posts\/13309","targetHints":{"allow":["GET"]}}],"collection":[{"href":"https:\/\/opinionpublica.com.ar\/index\/wp-json\/wp\/v2\/posts"}],"about":[{"href":"https:\/\/opinionpublica.com.ar\/index\/wp-json\/wp\/v2\/types\/post"}],"author":[{"embeddable":true,"href":"https:\/\/opinionpublica.com.ar\/index\/wp-json\/wp\/v2\/users\/5"}],"replies":[{"embeddable":true,"href":"https:\/\/opinionpublica.com.ar\/index\/wp-json\/wp\/v2\/comments?post=13309"}],"version-history":[{"count":1,"href":"https:\/\/opinionpublica.com.ar\/index\/wp-json\/wp\/v2\/posts\/13309\/revisions"}],"predecessor-version":[{"id":13310,"href":"https:\/\/opinionpublica.com.ar\/index\/wp-json\/wp\/v2\/posts\/13309\/revisions\/13310"}],"wp:featuredmedia":[{"embeddable":true,"href":"https:\/\/opinionpublica.com.ar\/index\/wp-json\/wp\/v2\/media\/5885"}],"wp:attachment":[{"href":"https:\/\/opinionpublica.com.ar\/index\/wp-json\/wp\/v2\/media?parent=13309"}],"wp:term":[{"taxonomy":"category","embeddable":true,"href":"https:\/\/opinionpublica.com.ar\/index\/wp-json\/wp\/v2\/categories?post=13309"},{"taxonomy":"post_tag","embeddable":true,"href":"https:\/\/opinionpublica.com.ar\/index\/wp-json\/wp\/v2\/tags?post=13309"}],"curies":[{"name":"wp","href":"https:\/\/api.w.org\/{rel}","templated":true}]}}