{"id":13311,"date":"2026-04-30T09:53:34","date_gmt":"2026-04-30T12:53:34","guid":{"rendered":"https:\/\/opinionpublica.com.ar\/index\/?p=13311"},"modified":"2026-04-30T09:53:34","modified_gmt":"2026-04-30T12:53:34","slug":"nuevo-paro-en-el-servicio-meteorologico-nacional","status":"publish","type":"post","link":"https:\/\/opinionpublica.com.ar\/index\/nuevo-paro-en-el-servicio-meteorologico-nacional\/","title":{"rendered":"NUEVO PARO EN EL SERVICIO METEOROL\u00d3GICO NACIONAL"},"content":{"rendered":"<h3>NUEVO PARO EN EL SERVICIO METEOROL\u00d3GICO NACIONAL<\/h3>\n<p><a href=\"https:\/\/opinionpublica.com.ar\/index\/wp-content\/uploads\/2024\/12\/D1AvY_buQ_600x600__1-servicio-meterologico.jpg\"><img fetchpriority=\"high\" decoding=\"async\" class=\"alignnone size-full wp-image-8043\" src=\"https:\/\/opinionpublica.com.ar\/index\/wp-content\/uploads\/2024\/12\/D1AvY_buQ_600x600__1-servicio-meterologico.jpg\" alt=\"\" width=\"600\" height=\"600\" srcset=\"https:\/\/opinionpublica.com.ar\/index\/wp-content\/uploads\/2024\/12\/D1AvY_buQ_600x600__1-servicio-meterologico.jpg 600w, https:\/\/opinionpublica.com.ar\/index\/wp-content\/uploads\/2024\/12\/D1AvY_buQ_600x600__1-servicio-meterologico-300x300.jpg 300w, https:\/\/opinionpublica.com.ar\/index\/wp-content\/uploads\/2024\/12\/D1AvY_buQ_600x600__1-servicio-meterologico-150x150.jpg 150w\" sizes=\"(max-width: 600px) 100vw, 600px\" \/><\/a><\/p>\n<p>La Asociaci\u00f3n de Trabajadores del Estado realizar\u00e1 un nuevo paro nacional por 24 horas en el Servicio Meteorol\u00f3gico Nacional este jueves 30 de abril, lo que afectar\u00e1 a los vuelos comerciales y privados durante la jornada.<\/p>\n<p>La medida de fuerza es en respuesta a los dichos del ministro Federico Sturzenegger.<\/p>\n<p>El paro podr\u00eda causar problemas en los vuelos y afectar a los pasajeros que tienen programados viajes para este jueves.<\/p>\n","protected":false},"excerpt":{"rendered":"<p>NUEVO PARO EN EL SERVICIO METEOROL\u00d3GICO NACIONAL La Asociaci\u00f3n de Trabajadores del Estado realizar\u00e1 un nuevo paro nacional<\/p>\n","protected":false},"author":5,"featured_media":8043,"comment_status":"open","ping_status":"open","sticky":false,"template":"","format":"standard","meta":{"footnotes":""},"categories":[3],"tags":[],"class_list":["post-13311","post","type-post","status-publish","format-standard","has-post-thumbnail","hentry","category-nacionales"],"featured_image_urls":{"full":["https:\/\/opinionpublica.com.ar\/index\/wp-content\/uploads\/2024\/12\/D1AvY_buQ_600x600__1-servicio-meterologico.jpg",600,600,false],"thumbnail":["https:\/\/opinionpublica.com.ar\/index\/wp-content\/uploads\/2024\/12\/D1AvY_buQ_600x600__1-servicio-meterologico-150x150.jpg",150,150,true],"medium":["https:\/\/opinionpublica.com.ar\/index\/wp-content\/uploads\/2024\/12\/D1AvY_buQ_600x600__1-servicio-meterologico-300x300.jpg",300,300,true],"medium_large":["https:\/\/opinionpublica.com.ar\/index\/wp-content\/uploads\/2024\/12\/D1AvY_buQ_600x600__1-servicio-meterologico.jpg",600,600,false],"large":["https:\/\/opinionpublica.com.ar\/index\/wp-content\/uploads\/2024\/12\/D1AvY_buQ_600x600__1-servicio-meterologico.jpg",600,600,false],"1536x1536":["https:\/\/opinionpublica.com.ar\/index\/wp-content\/uploads\/2024\/12\/D1AvY_buQ_600x600__1-servicio-meterologico.jpg",600,600,false],"2048x2048":["https:\/\/opinionpublica.com.ar\/index\/wp-content\/uploads\/2024\/12\/D1AvY_buQ_600x600__1-servicio-meterologico.jpg",600,600,false],"morenews-large":["https:\/\/opinionpublica.com.ar\/index\/wp-content\/uploads\/2024\/12\/D1AvY_buQ_600x600__1-servicio-meterologico-600x575.jpg",600,575,true],"morenews-medium":["https:\/\/opinionpublica.com.ar\/index\/wp-content\/uploads\/2024\/12\/D1AvY_buQ_600x600__1-servicio-meterologico-590x410.jpg",590,410,true]},"author_info":{"display_name":"Hal","author_link":"https:\/\/opinionpublica.com.ar\/index\/author\/hal\/"},"category_info":"<a href=\"https:\/\/opinionpublica.com.ar\/index\/category\/nacionales\/\" rel=\"category tag\">Nacionales<\/a>","tag_info":"Nacionales","comment_count":"0","_links":{"self":[{"href":"https:\/\/opinionpublica.com.ar\/index\/wp-json\/wp\/v2\/posts\/13311","targetHints":{"allow":["GET"]}}],"collection":[{"href":"https:\/\/opinionpublica.com.ar\/index\/wp-json\/wp\/v2\/posts"}],"about":[{"href":"https:\/\/opinionpublica.com.ar\/index\/wp-json\/wp\/v2\/types\/post"}],"author":[{"embeddable":true,"href":"https:\/\/opinionpublica.com.ar\/index\/wp-json\/wp\/v2\/users\/5"}],"replies":[{"embeddable":true,"href":"https:\/\/opinionpublica.com.ar\/index\/wp-json\/wp\/v2\/comments?post=13311"}],"version-history":[{"count":1,"href":"https:\/\/opinionpublica.com.ar\/index\/wp-json\/wp\/v2\/posts\/13311\/revisions"}],"predecessor-version":[{"id":13312,"href":"https:\/\/opinionpublica.com.ar\/index\/wp-json\/wp\/v2\/posts\/13311\/revisions\/13312"}],"wp:featuredmedia":[{"embeddable":true,"href":"https:\/\/opinionpublica.com.ar\/index\/wp-json\/wp\/v2\/media\/8043"}],"wp:attachment":[{"href":"https:\/\/opinionpublica.com.ar\/index\/wp-json\/wp\/v2\/media?parent=13311"}],"wp:term":[{"taxonomy":"category","embeddable":true,"href":"https:\/\/opinionpublica.com.ar\/index\/wp-json\/wp\/v2\/categories?post=13311"},{"taxonomy":"post_tag","embeddable":true,"href":"https:\/\/opinionpublica.com.ar\/index\/wp-json\/wp\/v2\/tags?post=13311"}],"curies":[{"name":"wp","href":"https:\/\/api.w.org\/{rel}","templated":true}]}}