{"id":13313,"date":"2026-04-30T09:59:26","date_gmt":"2026-04-30T12:59:26","guid":{"rendered":"https:\/\/opinionpublica.com.ar\/index\/?p=13313"},"modified":"2026-04-30T09:59:26","modified_gmt":"2026-04-30T12:59:26","slug":"aprueban-reglamento-unificado-para-residencias-de-salud","status":"publish","type":"post","link":"https:\/\/opinionpublica.com.ar\/index\/aprueban-reglamento-unificado-para-residencias-de-salud\/","title":{"rendered":"APRUEBAN REGlAMENTO UNIFICADO PARA RESIDENCIAS DE SALUD"},"content":{"rendered":"<h3>APRUEBAN REGlAMENTO UNIFICADO PARA RESIDENCIAS DE SALUD<\/h3>\n<p><a href=\"https:\/\/opinionpublica.com.ar\/index\/wp-content\/uploads\/2024\/05\/hospital-modular-tolhuin.jpg\"><img fetchpriority=\"high\" decoding=\"async\" class=\"alignnone size-full wp-image-2843\" src=\"https:\/\/opinionpublica.com.ar\/index\/wp-content\/uploads\/2024\/05\/hospital-modular-tolhuin.jpg\" alt=\"\" width=\"1584\" height=\"1054\" srcset=\"https:\/\/opinionpublica.com.ar\/index\/wp-content\/uploads\/2024\/05\/hospital-modular-tolhuin.jpg 1584w, https:\/\/opinionpublica.com.ar\/index\/wp-content\/uploads\/2024\/05\/hospital-modular-tolhuin-300x200.jpg 300w, https:\/\/opinionpublica.com.ar\/index\/wp-content\/uploads\/2024\/05\/hospital-modular-tolhuin-1024x681.jpg 1024w, https:\/\/opinionpublica.com.ar\/index\/wp-content\/uploads\/2024\/05\/hospital-modular-tolhuin-768x511.jpg 768w, https:\/\/opinionpublica.com.ar\/index\/wp-content\/uploads\/2024\/05\/hospital-modular-tolhuin-1536x1022.jpg 1536w\" sizes=\"(max-width: 1584px) 100vw, 1584px\" \/><\/a><\/p>\n<p>El Ministerio de Salud de la Naci\u00f3n aprob\u00f3 un nuevo reglamento para el Sistema Nacional de Residencias de Salud que comenzar\u00e1 a regir este a\u00f1o.<\/p>\n<p>La medida unifica criterios de contrataci\u00f3n y prioriza la formaci\u00f3n de los becarios.<\/p>\n<p>La principal modificaci\u00f3n establece la Beca Nacional de Residencia como \u00fanica modalidad de contrataci\u00f3n, reemplazando a las anteriores.<\/p>\n<p>Esto podr\u00eda mejorar la formaci\u00f3n de los profesionales de la salud en la provincia.<\/p>\n","protected":false},"excerpt":{"rendered":"<p>APRUEBAN REGlAMENTO UNIFICADO PARA RESIDENCIAS DE SALUD El Ministerio de Salud de la Naci\u00f3n aprob\u00f3 un nuevo reglamento<\/p>\n","protected":false},"author":5,"featured_media":2843,"comment_status":"open","ping_status":"open","sticky":false,"template":"","format":"standard","meta":{"footnotes":""},"categories":[29,2],"tags":[],"class_list":["post-13313","post","type-post","status-publish","format-standard","has-post-thumbnail","hentry","category-interes-general","category-tierra-del-fuego"],"featured_image_urls":{"full":["https:\/\/opinionpublica.com.ar\/index\/wp-content\/uploads\/2024\/05\/hospital-modular-tolhuin.jpg",1584,1054,false],"thumbnail":["https:\/\/opinionpublica.com.ar\/index\/wp-content\/uploads\/2024\/05\/hospital-modular-tolhuin-150x150.jpg",150,150,true],"medium":["https:\/\/opinionpublica.com.ar\/index\/wp-content\/uploads\/2024\/05\/hospital-modular-tolhuin-300x200.jpg",300,200,true],"medium_large":["https:\/\/opinionpublica.com.ar\/index\/wp-content\/uploads\/2024\/05\/hospital-modular-tolhuin-768x511.jpg",640,426,true],"large":["https:\/\/opinionpublica.com.ar\/index\/wp-content\/uploads\/2024\/05\/hospital-modular-tolhuin-1024x681.jpg",640,426,true],"1536x1536":["https:\/\/opinionpublica.com.ar\/index\/wp-content\/uploads\/2024\/05\/hospital-modular-tolhuin-1536x1022.jpg",1536,1022,true],"2048x2048":["https:\/\/opinionpublica.com.ar\/index\/wp-content\/uploads\/2024\/05\/hospital-modular-tolhuin.jpg",1584,1054,false],"morenews-large":["https:\/\/opinionpublica.com.ar\/index\/wp-content\/uploads\/2024\/05\/hospital-modular-tolhuin-825x575.jpg",825,575,true],"morenews-medium":["https:\/\/opinionpublica.com.ar\/index\/wp-content\/uploads\/2024\/05\/hospital-modular-tolhuin-590x410.jpg",590,410,true]},"author_info":{"display_name":"Hal","author_link":"https:\/\/opinionpublica.com.ar\/index\/author\/hal\/"},"category_info":"<a href=\"https:\/\/opinionpublica.com.ar\/index\/category\/interes-general\/\" rel=\"category tag\">Interes General<\/a> <a href=\"https:\/\/opinionpublica.com.ar\/index\/category\/tierra-del-fuego\/\" rel=\"category tag\">Tierra del Fuego<\/a>","tag_info":"Tierra del Fuego","comment_count":"0","_links":{"self":[{"href":"https:\/\/opinionpublica.com.ar\/index\/wp-json\/wp\/v2\/posts\/13313","targetHints":{"allow":["GET"]}}],"collection":[{"href":"https:\/\/opinionpublica.com.ar\/index\/wp-json\/wp\/v2\/posts"}],"about":[{"href":"https:\/\/opinionpublica.com.ar\/index\/wp-json\/wp\/v2\/types\/post"}],"author":[{"embeddable":true,"href":"https:\/\/opinionpublica.com.ar\/index\/wp-json\/wp\/v2\/users\/5"}],"replies":[{"embeddable":true,"href":"https:\/\/opinionpublica.com.ar\/index\/wp-json\/wp\/v2\/comments?post=13313"}],"version-history":[{"count":1,"href":"https:\/\/opinionpublica.com.ar\/index\/wp-json\/wp\/v2\/posts\/13313\/revisions"}],"predecessor-version":[{"id":13314,"href":"https:\/\/opinionpublica.com.ar\/index\/wp-json\/wp\/v2\/posts\/13313\/revisions\/13314"}],"wp:featuredmedia":[{"embeddable":true,"href":"https:\/\/opinionpublica.com.ar\/index\/wp-json\/wp\/v2\/media\/2843"}],"wp:attachment":[{"href":"https:\/\/opinionpublica.com.ar\/index\/wp-json\/wp\/v2\/media?parent=13313"}],"wp:term":[{"taxonomy":"category","embeddable":true,"href":"https:\/\/opinionpublica.com.ar\/index\/wp-json\/wp\/v2\/categories?post=13313"},{"taxonomy":"post_tag","embeddable":true,"href":"https:\/\/opinionpublica.com.ar\/index\/wp-json\/wp\/v2\/tags?post=13313"}],"curies":[{"name":"wp","href":"https:\/\/api.w.org\/{rel}","templated":true}]}}