{"id":13315,"date":"2026-04-30T10:08:02","date_gmt":"2026-04-30T13:08:02","guid":{"rendered":"https:\/\/opinionpublica.com.ar\/index\/?p=13315"},"modified":"2026-04-30T10:14:56","modified_gmt":"2026-04-30T13:14:56","slug":"selzer-destaca-importancia-del-rigi-para-tierra-del-fuego","status":"publish","type":"post","link":"https:\/\/opinionpublica.com.ar\/index\/selzer-destaca-importancia-del-rigi-para-tierra-del-fuego\/","title":{"rendered":"SELZER DESTACA IMPORTANCIA DEL RIGI PARA TIERRA DEL FUEGO"},"content":{"rendered":"<h3>SELZER DESTACA IMPORTANCIA DEL RIGI PARA TIERRA DEL FUEGO<\/h3>\n<p><a href=\"https:\/\/opinionpublica.com.ar\/index\/wp-content\/uploads\/2026\/04\/20251210110212_e-1765330813-399750.jpg\"><img fetchpriority=\"high\" decoding=\"async\" class=\"alignnone size-full wp-image-13318\" src=\"https:\/\/opinionpublica.com.ar\/index\/wp-content\/uploads\/2026\/04\/20251210110212_e-1765330813-399750.jpg\" alt=\"\" width=\"880\" height=\"506\" srcset=\"https:\/\/opinionpublica.com.ar\/index\/wp-content\/uploads\/2026\/04\/20251210110212_e-1765330813-399750.jpg 880w, https:\/\/opinionpublica.com.ar\/index\/wp-content\/uploads\/2026\/04\/20251210110212_e-1765330813-399750-300x173.jpg 300w, https:\/\/opinionpublica.com.ar\/index\/wp-content\/uploads\/2026\/04\/20251210110212_e-1765330813-399750-768x442.jpg 768w\" sizes=\"(max-width: 880px) 100vw, 880px\" \/><\/a><\/p>\n<p>El legislador provincial Luciano Selzer destac\u00f3 el avance legislativo del proyecto de adhesi\u00f3n de Tierra del Fuego al R\u00e9gimen de Incentivo para Grandes Inversiones.<\/p>\n<p>Selzer dijo que el RIGI abre puertas para atraer nuevas inversiones, empleo y desarrollo econ\u00f3mico a la provincia.<\/p>\n<p>El proyecto obtuvo dictamen favorable de mayor\u00eda en comisiones y ser\u00e1 tratado en sesi\u00f3n este jueves.<\/p>\n<p>La aprobaci\u00f3n del RIGI podr\u00eda ser un paso importante para el desarrollo econ\u00f3mico de Tierra del Fuego.<\/p>\n","protected":false},"excerpt":{"rendered":"<p>SELZER DESTACA IMPORTANCIA DEL RIGI PARA TIERRA DEL FUEGO El legislador provincial Luciano Selzer destac\u00f3 el avance legislativo<\/p>\n","protected":false},"author":5,"featured_media":13318,"comment_status":"open","ping_status":"open","sticky":false,"template":"","format":"standard","meta":{"footnotes":""},"categories":[2],"tags":[],"class_list":["post-13315","post","type-post","status-publish","format-standard","has-post-thumbnail","hentry","category-tierra-del-fuego"],"featured_image_urls":{"full":["https:\/\/opinionpublica.com.ar\/index\/wp-content\/uploads\/2026\/04\/20251210110212_e-1765330813-399750.jpg",880,506,false],"thumbnail":["https:\/\/opinionpublica.com.ar\/index\/wp-content\/uploads\/2026\/04\/20251210110212_e-1765330813-399750-150x150.jpg",150,150,true],"medium":["https:\/\/opinionpublica.com.ar\/index\/wp-content\/uploads\/2026\/04\/20251210110212_e-1765330813-399750-300x173.jpg",300,173,true],"medium_large":["https:\/\/opinionpublica.com.ar\/index\/wp-content\/uploads\/2026\/04\/20251210110212_e-1765330813-399750-768x442.jpg",640,368,true],"large":["https:\/\/opinionpublica.com.ar\/index\/wp-content\/uploads\/2026\/04\/20251210110212_e-1765330813-399750.jpg",640,368,false],"1536x1536":["https:\/\/opinionpublica.com.ar\/index\/wp-content\/uploads\/2026\/04\/20251210110212_e-1765330813-399750.jpg",880,506,false],"2048x2048":["https:\/\/opinionpublica.com.ar\/index\/wp-content\/uploads\/2026\/04\/20251210110212_e-1765330813-399750.jpg",880,506,false],"morenews-large":["https:\/\/opinionpublica.com.ar\/index\/wp-content\/uploads\/2026\/04\/20251210110212_e-1765330813-399750-825x506.jpg",825,506,true],"morenews-medium":["https:\/\/opinionpublica.com.ar\/index\/wp-content\/uploads\/2026\/04\/20251210110212_e-1765330813-399750-590x410.jpg",590,410,true]},"author_info":{"display_name":"Hal","author_link":"https:\/\/opinionpublica.com.ar\/index\/author\/hal\/"},"category_info":"<a href=\"https:\/\/opinionpublica.com.ar\/index\/category\/tierra-del-fuego\/\" rel=\"category tag\">Tierra del Fuego<\/a>","tag_info":"Tierra del Fuego","comment_count":"0","_links":{"self":[{"href":"https:\/\/opinionpublica.com.ar\/index\/wp-json\/wp\/v2\/posts\/13315","targetHints":{"allow":["GET"]}}],"collection":[{"href":"https:\/\/opinionpublica.com.ar\/index\/wp-json\/wp\/v2\/posts"}],"about":[{"href":"https:\/\/opinionpublica.com.ar\/index\/wp-json\/wp\/v2\/types\/post"}],"author":[{"embeddable":true,"href":"https:\/\/opinionpublica.com.ar\/index\/wp-json\/wp\/v2\/users\/5"}],"replies":[{"embeddable":true,"href":"https:\/\/opinionpublica.com.ar\/index\/wp-json\/wp\/v2\/comments?post=13315"}],"version-history":[{"count":3,"href":"https:\/\/opinionpublica.com.ar\/index\/wp-json\/wp\/v2\/posts\/13315\/revisions"}],"predecessor-version":[{"id":13320,"href":"https:\/\/opinionpublica.com.ar\/index\/wp-json\/wp\/v2\/posts\/13315\/revisions\/13320"}],"wp:featuredmedia":[{"embeddable":true,"href":"https:\/\/opinionpublica.com.ar\/index\/wp-json\/wp\/v2\/media\/13318"}],"wp:attachment":[{"href":"https:\/\/opinionpublica.com.ar\/index\/wp-json\/wp\/v2\/media?parent=13315"}],"wp:term":[{"taxonomy":"category","embeddable":true,"href":"https:\/\/opinionpublica.com.ar\/index\/wp-json\/wp\/v2\/categories?post=13315"},{"taxonomy":"post_tag","embeddable":true,"href":"https:\/\/opinionpublica.com.ar\/index\/wp-json\/wp\/v2\/tags?post=13315"}],"curies":[{"name":"wp","href":"https:\/\/api.w.org\/{rel}","templated":true}]}}