{"id":13321,"date":"2026-05-01T11:50:51","date_gmt":"2026-05-01T14:50:51","guid":{"rendered":"https:\/\/opinionpublica.com.ar\/index\/?p=13321"},"modified":"2026-05-01T11:50:51","modified_gmt":"2026-05-01T14:50:51","slug":"legislatura-de-tierra-del-fuego-deroga-ley-1529","status":"publish","type":"post","link":"https:\/\/opinionpublica.com.ar\/index\/legislatura-de-tierra-del-fuego-deroga-ley-1529\/","title":{"rendered":"LEGISLATURA DE TIERRA DEL FUEGO DEROGA LEY 1529"},"content":{"rendered":"<h3>LEGISLATURA DE TIERRA DEL FUEGO DEROGA LEY 1529<\/h3>\n<p><a href=\"https:\/\/opinionpublica.com.ar\/index\/wp-content\/uploads\/2024\/03\/reforma.jpg\"><img fetchpriority=\"high\" decoding=\"async\" class=\"alignnone size-full wp-image-1013\" src=\"https:\/\/opinionpublica.com.ar\/index\/wp-content\/uploads\/2024\/03\/reforma.jpg\" alt=\"\" width=\"800\" height=\"600\" srcset=\"https:\/\/opinionpublica.com.ar\/index\/wp-content\/uploads\/2024\/03\/reforma.jpg 800w, https:\/\/opinionpublica.com.ar\/index\/wp-content\/uploads\/2024\/03\/reforma-300x225.jpg 300w, https:\/\/opinionpublica.com.ar\/index\/wp-content\/uploads\/2024\/03\/reforma-768x576.jpg 768w\" sizes=\"(max-width: 800px) 100vw, 800px\" \/><\/a><\/p>\n<p>La Legislatura de Tierra del Fuego resolvi\u00f3 dejar sin efecto el proceso de reforma parcial de la Constituci\u00f3n provincial al aprobar la derogaci\u00f3n de la Ley N\u00b0 1529, norma sancionada el a\u00f1o pasado que habilitaba la convocatoria a una Convenci\u00f3n Constituyente a tal fin.<\/p>\n<p><a href=\"https:\/\/opinionpublica.com.ar\/index\/wp-content\/uploads\/2024\/03\/legislatura-provincial-2.jpg\"><img decoding=\"async\" class=\"alignnone size-full wp-image-1100\" src=\"https:\/\/opinionpublica.com.ar\/index\/wp-content\/uploads\/2024\/03\/legislatura-provincial-2.jpg\" alt=\"\" width=\"1200\" height=\"588\" srcset=\"https:\/\/opinionpublica.com.ar\/index\/wp-content\/uploads\/2024\/03\/legislatura-provincial-2.jpg 1200w, https:\/\/opinionpublica.com.ar\/index\/wp-content\/uploads\/2024\/03\/legislatura-provincial-2-300x147.jpg 300w, https:\/\/opinionpublica.com.ar\/index\/wp-content\/uploads\/2024\/03\/legislatura-provincial-2-1024x502.jpg 1024w, https:\/\/opinionpublica.com.ar\/index\/wp-content\/uploads\/2024\/03\/legislatura-provincial-2-768x376.jpg 768w\" sizes=\"(max-width: 1200px) 100vw, 1200px\" \/><\/a><\/p>\n<p>La definici\u00f3n se concret\u00f3 a las 3:50 de esta madrugada en una extensa sesi\u00f3n que se prolong\u00f3 hasta altas horas de la noche.<\/p>\n<p>Esta decisi\u00f3n frenar\u00e1 el proceso de reforma constitucional en la provincia.<\/p>\n","protected":false},"excerpt":{"rendered":"<p>LEGISLATURA DE TIERRA DEL FUEGO DEROGA LEY 1529 La Legislatura de Tierra del Fuego resolvi\u00f3 dejar sin efecto<\/p>\n","protected":false},"author":5,"featured_media":1013,"comment_status":"open","ping_status":"open","sticky":false,"template":"","format":"standard","meta":{"footnotes":""},"categories":[2],"tags":[],"class_list":["post-13321","post","type-post","status-publish","format-standard","has-post-thumbnail","hentry","category-tierra-del-fuego"],"featured_image_urls":{"full":["https:\/\/opinionpublica.com.ar\/index\/wp-content\/uploads\/2024\/03\/reforma.jpg",800,600,false],"thumbnail":["https:\/\/opinionpublica.com.ar\/index\/wp-content\/uploads\/2024\/03\/reforma-150x150.jpg",150,150,true],"medium":["https:\/\/opinionpublica.com.ar\/index\/wp-content\/uploads\/2024\/03\/reforma-300x225.jpg",300,225,true],"medium_large":["https:\/\/opinionpublica.com.ar\/index\/wp-content\/uploads\/2024\/03\/reforma-768x576.jpg",640,480,true],"large":["https:\/\/opinionpublica.com.ar\/index\/wp-content\/uploads\/2024\/03\/reforma.jpg",640,480,false],"1536x1536":["https:\/\/opinionpublica.com.ar\/index\/wp-content\/uploads\/2024\/03\/reforma.jpg",800,600,false],"2048x2048":["https:\/\/opinionpublica.com.ar\/index\/wp-content\/uploads\/2024\/03\/reforma.jpg",800,600,false],"morenews-large":["https:\/\/opinionpublica.com.ar\/index\/wp-content\/uploads\/2024\/03\/reforma-800x575.jpg",800,575,true],"morenews-medium":["https:\/\/opinionpublica.com.ar\/index\/wp-content\/uploads\/2024\/03\/reforma-590x410.jpg",590,410,true]},"author_info":{"display_name":"Hal","author_link":"https:\/\/opinionpublica.com.ar\/index\/author\/hal\/"},"category_info":"<a href=\"https:\/\/opinionpublica.com.ar\/index\/category\/tierra-del-fuego\/\" rel=\"category tag\">Tierra del Fuego<\/a>","tag_info":"Tierra del Fuego","comment_count":"0","_links":{"self":[{"href":"https:\/\/opinionpublica.com.ar\/index\/wp-json\/wp\/v2\/posts\/13321","targetHints":{"allow":["GET"]}}],"collection":[{"href":"https:\/\/opinionpublica.com.ar\/index\/wp-json\/wp\/v2\/posts"}],"about":[{"href":"https:\/\/opinionpublica.com.ar\/index\/wp-json\/wp\/v2\/types\/post"}],"author":[{"embeddable":true,"href":"https:\/\/opinionpublica.com.ar\/index\/wp-json\/wp\/v2\/users\/5"}],"replies":[{"embeddable":true,"href":"https:\/\/opinionpublica.com.ar\/index\/wp-json\/wp\/v2\/comments?post=13321"}],"version-history":[{"count":1,"href":"https:\/\/opinionpublica.com.ar\/index\/wp-json\/wp\/v2\/posts\/13321\/revisions"}],"predecessor-version":[{"id":13322,"href":"https:\/\/opinionpublica.com.ar\/index\/wp-json\/wp\/v2\/posts\/13321\/revisions\/13322"}],"wp:featuredmedia":[{"embeddable":true,"href":"https:\/\/opinionpublica.com.ar\/index\/wp-json\/wp\/v2\/media\/1013"}],"wp:attachment":[{"href":"https:\/\/opinionpublica.com.ar\/index\/wp-json\/wp\/v2\/media?parent=13321"}],"wp:term":[{"taxonomy":"category","embeddable":true,"href":"https:\/\/opinionpublica.com.ar\/index\/wp-json\/wp\/v2\/categories?post=13321"},{"taxonomy":"post_tag","embeddable":true,"href":"https:\/\/opinionpublica.com.ar\/index\/wp-json\/wp\/v2\/tags?post=13321"}],"curies":[{"name":"wp","href":"https:\/\/api.w.org\/{rel}","templated":true}]}}