{"id":13323,"date":"2026-05-01T11:54:00","date_gmt":"2026-05-01T14:54:00","guid":{"rendered":"https:\/\/opinionpublica.com.ar\/index\/?p=13323"},"modified":"2026-05-01T11:54:00","modified_gmt":"2026-05-01T14:54:00","slug":"concurso-para-incorporar-guardaparques-en-parques-nacionales","status":"publish","type":"post","link":"https:\/\/opinionpublica.com.ar\/index\/concurso-para-incorporar-guardaparques-en-parques-nacionales\/","title":{"rendered":"CONCURSO PARA INCORPORAR GUARDAPARQUES EN PARQUES NACIONALES"},"content":{"rendered":"<h3>CONCURSO PARA INCORPORAR GUARDAPARQUES EN PARQUES NACIONALES<\/h3>\n<p><a href=\"https:\/\/opinionpublica.com.ar\/index\/wp-content\/uploads\/2025\/10\/20251022115039201966c0fe9ba775c5a7acc19e78fd11_min.jpg\"><img fetchpriority=\"high\" decoding=\"async\" class=\"alignnone size-full wp-image-11495\" src=\"https:\/\/opinionpublica.com.ar\/index\/wp-content\/uploads\/2025\/10\/20251022115039201966c0fe9ba775c5a7acc19e78fd11_min.jpg\" alt=\"\" width=\"500\" height=\"333\" srcset=\"https:\/\/opinionpublica.com.ar\/index\/wp-content\/uploads\/2025\/10\/20251022115039201966c0fe9ba775c5a7acc19e78fd11_min.jpg 500w, https:\/\/opinionpublica.com.ar\/index\/wp-content\/uploads\/2025\/10\/20251022115039201966c0fe9ba775c5a7acc19e78fd11_min-300x200.jpg 300w\" sizes=\"(max-width: 500px) 100vw, 500px\" \/><\/a><\/p>\n<p>La Administraci\u00f3n de Parques Nacionales oficializ\u00f3 la convocatoria para cubrir 40 cargos vacantes de planta permanente dentro del Cuerpo de Guardaparques Nacionales.<\/p>\n<p>Esta medida busca reforzar la presencia operativa en \u00e1reas protegidas de todo el pa\u00eds y abre una nueva posibilidad laboral.<\/p>\n<p>La medida fue publicada en el Bolet\u00edn Oficial de la Naci\u00f3n y ofrece detalles sobre requisitos y c\u00f3mo anotarse para participar en el concurso.<\/p>\n","protected":false},"excerpt":{"rendered":"<p>CONCURSO PARA INCORPORAR GUARDAPARQUES EN PARQUES NACIONALES La Administraci\u00f3n de Parques Nacionales oficializ\u00f3 la convocatoria para cubrir 40<\/p>\n","protected":false},"author":5,"featured_media":11495,"comment_status":"open","ping_status":"open","sticky":false,"template":"","format":"standard","meta":{"footnotes":""},"categories":[29,3],"tags":[],"class_list":["post-13323","post","type-post","status-publish","format-standard","has-post-thumbnail","hentry","category-interes-general","category-nacionales"],"featured_image_urls":{"full":["https:\/\/opinionpublica.com.ar\/index\/wp-content\/uploads\/2025\/10\/20251022115039201966c0fe9ba775c5a7acc19e78fd11_min.jpg",500,333,false],"thumbnail":["https:\/\/opinionpublica.com.ar\/index\/wp-content\/uploads\/2025\/10\/20251022115039201966c0fe9ba775c5a7acc19e78fd11_min-150x150.jpg",150,150,true],"medium":["https:\/\/opinionpublica.com.ar\/index\/wp-content\/uploads\/2025\/10\/20251022115039201966c0fe9ba775c5a7acc19e78fd11_min-300x200.jpg",300,200,true],"medium_large":["https:\/\/opinionpublica.com.ar\/index\/wp-content\/uploads\/2025\/10\/20251022115039201966c0fe9ba775c5a7acc19e78fd11_min.jpg",500,333,false],"large":["https:\/\/opinionpublica.com.ar\/index\/wp-content\/uploads\/2025\/10\/20251022115039201966c0fe9ba775c5a7acc19e78fd11_min.jpg",500,333,false],"1536x1536":["https:\/\/opinionpublica.com.ar\/index\/wp-content\/uploads\/2025\/10\/20251022115039201966c0fe9ba775c5a7acc19e78fd11_min.jpg",500,333,false],"2048x2048":["https:\/\/opinionpublica.com.ar\/index\/wp-content\/uploads\/2025\/10\/20251022115039201966c0fe9ba775c5a7acc19e78fd11_min.jpg",500,333,false],"morenews-large":["https:\/\/opinionpublica.com.ar\/index\/wp-content\/uploads\/2025\/10\/20251022115039201966c0fe9ba775c5a7acc19e78fd11_min.jpg",500,333,false],"morenews-medium":["https:\/\/opinionpublica.com.ar\/index\/wp-content\/uploads\/2025\/10\/20251022115039201966c0fe9ba775c5a7acc19e78fd11_min.jpg",500,333,false]},"author_info":{"display_name":"Hal","author_link":"https:\/\/opinionpublica.com.ar\/index\/author\/hal\/"},"category_info":"<a href=\"https:\/\/opinionpublica.com.ar\/index\/category\/interes-general\/\" rel=\"category tag\">Interes General<\/a> <a href=\"https:\/\/opinionpublica.com.ar\/index\/category\/nacionales\/\" rel=\"category tag\">Nacionales<\/a>","tag_info":"Nacionales","comment_count":"0","_links":{"self":[{"href":"https:\/\/opinionpublica.com.ar\/index\/wp-json\/wp\/v2\/posts\/13323","targetHints":{"allow":["GET"]}}],"collection":[{"href":"https:\/\/opinionpublica.com.ar\/index\/wp-json\/wp\/v2\/posts"}],"about":[{"href":"https:\/\/opinionpublica.com.ar\/index\/wp-json\/wp\/v2\/types\/post"}],"author":[{"embeddable":true,"href":"https:\/\/opinionpublica.com.ar\/index\/wp-json\/wp\/v2\/users\/5"}],"replies":[{"embeddable":true,"href":"https:\/\/opinionpublica.com.ar\/index\/wp-json\/wp\/v2\/comments?post=13323"}],"version-history":[{"count":1,"href":"https:\/\/opinionpublica.com.ar\/index\/wp-json\/wp\/v2\/posts\/13323\/revisions"}],"predecessor-version":[{"id":13324,"href":"https:\/\/opinionpublica.com.ar\/index\/wp-json\/wp\/v2\/posts\/13323\/revisions\/13324"}],"wp:featuredmedia":[{"embeddable":true,"href":"https:\/\/opinionpublica.com.ar\/index\/wp-json\/wp\/v2\/media\/11495"}],"wp:attachment":[{"href":"https:\/\/opinionpublica.com.ar\/index\/wp-json\/wp\/v2\/media?parent=13323"}],"wp:term":[{"taxonomy":"category","embeddable":true,"href":"https:\/\/opinionpublica.com.ar\/index\/wp-json\/wp\/v2\/categories?post=13323"},{"taxonomy":"post_tag","embeddable":true,"href":"https:\/\/opinionpublica.com.ar\/index\/wp-json\/wp\/v2\/tags?post=13323"}],"curies":[{"name":"wp","href":"https:\/\/api.w.org\/{rel}","templated":true}]}}