{"id":13325,"date":"2026-05-01T11:57:59","date_gmt":"2026-05-01T14:57:59","guid":{"rendered":"https:\/\/opinionpublica.com.ar\/index\/?p=13325"},"modified":"2026-05-01T11:57:59","modified_gmt":"2026-05-01T14:57:59","slug":"perdida-de-puestos-de-trabajo-en-rio-grande-desde-la-asuncion-de-milei","status":"publish","type":"post","link":"https:\/\/opinionpublica.com.ar\/index\/perdida-de-puestos-de-trabajo-en-rio-grande-desde-la-asuncion-de-milei\/","title":{"rendered":"PERDIDA DE PUESTOS DE TRABAJO EN RIO GRANDE DESDE LA ASUNCION DE MILEI"},"content":{"rendered":"<h3>PERDIDA DE PUESTOS DE TRABAJO EN RIO GRANDE DESDE LA ASUNCION DE MILEI<\/h3>\n<p><a href=\"https:\/\/opinionpublica.com.ar\/index\/wp-content\/uploads\/2025\/01\/fabricas-620x349-industria.jpeg\"><img fetchpriority=\"high\" decoding=\"async\" class=\"alignnone size-full wp-image-8337\" src=\"https:\/\/opinionpublica.com.ar\/index\/wp-content\/uploads\/2025\/01\/fabricas-620x349-industria.jpeg\" alt=\"\" width=\"620\" height=\"349\" srcset=\"https:\/\/opinionpublica.com.ar\/index\/wp-content\/uploads\/2025\/01\/fabricas-620x349-industria.jpeg 620w, https:\/\/opinionpublica.com.ar\/index\/wp-content\/uploads\/2025\/01\/fabricas-620x349-industria-300x169.jpeg 300w\" sizes=\"(max-width: 620px) 100vw, 620px\" \/><\/a><\/p>\n<p>El secretario general de la Uni\u00f3n Obrera Metal\u00fargica Oscar Mart\u00ednez afirm\u00f3 que se perdieron cerca de 10.000 puestos de trabajo en la ciudad de R\u00edo Grande desde que asumi\u00f3 el gobierno del presidente Javier Milei en diciembre de 2023. Mart\u00ednez advirti\u00f3 que la desocupaci\u00f3n sigue en aumento y que en los dos a\u00f1os y medio de gobierno de Milei se han perdido alrededor de 1.500 puestos de trabajo en la ciudad.<\/p>\n","protected":false},"excerpt":{"rendered":"<p>PERDIDA DE PUESTOS DE TRABAJO EN RIO GRANDE DESDE LA ASUNCION DE MILEI El secretario general de la<\/p>\n","protected":false},"author":5,"featured_media":3106,"comment_status":"open","ping_status":"open","sticky":false,"template":"","format":"standard","meta":{"footnotes":""},"categories":[25],"tags":[],"class_list":["post-13325","post","type-post","status-publish","format-standard","has-post-thumbnail","hentry","category-rio-grande"],"featured_image_urls":{"full":["https:\/\/opinionpublica.com.ar\/index\/wp-content\/uploads\/2024\/05\/fabrica-electronica.jpg",1024,576,false],"thumbnail":["https:\/\/opinionpublica.com.ar\/index\/wp-content\/uploads\/2024\/05\/fabrica-electronica-150x150.jpg",150,150,true],"medium":["https:\/\/opinionpublica.com.ar\/index\/wp-content\/uploads\/2024\/05\/fabrica-electronica-300x169.jpg",300,169,true],"medium_large":["https:\/\/opinionpublica.com.ar\/index\/wp-content\/uploads\/2024\/05\/fabrica-electronica-768x432.jpg",640,360,true],"large":["https:\/\/opinionpublica.com.ar\/index\/wp-content\/uploads\/2024\/05\/fabrica-electronica.jpg",640,360,false],"1536x1536":["https:\/\/opinionpublica.com.ar\/index\/wp-content\/uploads\/2024\/05\/fabrica-electronica.jpg",1024,576,false],"2048x2048":["https:\/\/opinionpublica.com.ar\/index\/wp-content\/uploads\/2024\/05\/fabrica-electronica.jpg",1024,576,false],"morenews-large":["https:\/\/opinionpublica.com.ar\/index\/wp-content\/uploads\/2024\/05\/fabrica-electronica-825x575.jpg",825,575,true],"morenews-medium":["https:\/\/opinionpublica.com.ar\/index\/wp-content\/uploads\/2024\/05\/fabrica-electronica-590x410.jpg",590,410,true]},"author_info":{"display_name":"Hal","author_link":"https:\/\/opinionpublica.com.ar\/index\/author\/hal\/"},"category_info":"<a href=\"https:\/\/opinionpublica.com.ar\/index\/category\/rio-grande\/\" rel=\"category tag\">Rio Grande<\/a>","tag_info":"Rio Grande","comment_count":"0","_links":{"self":[{"href":"https:\/\/opinionpublica.com.ar\/index\/wp-json\/wp\/v2\/posts\/13325","targetHints":{"allow":["GET"]}}],"collection":[{"href":"https:\/\/opinionpublica.com.ar\/index\/wp-json\/wp\/v2\/posts"}],"about":[{"href":"https:\/\/opinionpublica.com.ar\/index\/wp-json\/wp\/v2\/types\/post"}],"author":[{"embeddable":true,"href":"https:\/\/opinionpublica.com.ar\/index\/wp-json\/wp\/v2\/users\/5"}],"replies":[{"embeddable":true,"href":"https:\/\/opinionpublica.com.ar\/index\/wp-json\/wp\/v2\/comments?post=13325"}],"version-history":[{"count":1,"href":"https:\/\/opinionpublica.com.ar\/index\/wp-json\/wp\/v2\/posts\/13325\/revisions"}],"predecessor-version":[{"id":13326,"href":"https:\/\/opinionpublica.com.ar\/index\/wp-json\/wp\/v2\/posts\/13325\/revisions\/13326"}],"wp:featuredmedia":[{"embeddable":true,"href":"https:\/\/opinionpublica.com.ar\/index\/wp-json\/wp\/v2\/media\/3106"}],"wp:attachment":[{"href":"https:\/\/opinionpublica.com.ar\/index\/wp-json\/wp\/v2\/media?parent=13325"}],"wp:term":[{"taxonomy":"category","embeddable":true,"href":"https:\/\/opinionpublica.com.ar\/index\/wp-json\/wp\/v2\/categories?post=13325"},{"taxonomy":"post_tag","embeddable":true,"href":"https:\/\/opinionpublica.com.ar\/index\/wp-json\/wp\/v2\/tags?post=13325"}],"curies":[{"name":"wp","href":"https:\/\/api.w.org\/{rel}","templated":true}]}}