{"id":13327,"date":"2026-05-01T12:02:08","date_gmt":"2026-05-01T15:02:08","guid":{"rendered":"https:\/\/opinionpublica.com.ar\/index\/?p=13327"},"modified":"2026-05-01T12:02:08","modified_gmt":"2026-05-01T15:02:08","slug":"tita-defiende-la-reforma-constitucional-en-tierra-del-fuego","status":"publish","type":"post","link":"https:\/\/opinionpublica.com.ar\/index\/tita-defiende-la-reforma-constitucional-en-tierra-del-fuego\/","title":{"rendered":"TITA DEFIENDE LA REFORMA CONSTITUCIONAL EN TIERRA DEL FUEGO"},"content":{"rendered":"<h3>TITA DEFIENDE LA REFORMA CONSTITUCIONAL EN TIERRA DEL FUEGO<\/h3>\n<p><a href=\"https:\/\/opinionpublica.com.ar\/index\/wp-content\/uploads\/2024\/12\/20241209145109_photo_2024_12_09_14_50_57-agustin-tita.jpg\"><img fetchpriority=\"high\" decoding=\"async\" class=\"alignnone size-full wp-image-7731\" src=\"https:\/\/opinionpublica.com.ar\/index\/wp-content\/uploads\/2024\/12\/20241209145109_photo_2024_12_09_14_50_57-agustin-tita.jpg\" alt=\"\" width=\"880\" height=\"586\" srcset=\"https:\/\/opinionpublica.com.ar\/index\/wp-content\/uploads\/2024\/12\/20241209145109_photo_2024_12_09_14_50_57-agustin-tita.jpg 880w, https:\/\/opinionpublica.com.ar\/index\/wp-content\/uploads\/2024\/12\/20241209145109_photo_2024_12_09_14_50_57-agustin-tita-300x200.jpg 300w, https:\/\/opinionpublica.com.ar\/index\/wp-content\/uploads\/2024\/12\/20241209145109_photo_2024_12_09_14_50_57-agustin-tita-768x511.jpg 768w\" sizes=\"(max-width: 880px) 100vw, 880px\" \/><\/a><\/p>\n<p>El diputado nacional de Tierra del Fuego Agust\u00edn Tita defendi\u00f3 el llamado a elecciones de convencionales constituyentes decretado por el gobernador Gustavo Melella para llevar a cabo la reforma constitucional.<\/p>\n<p>Tita consider\u00f3 que esta reforma es una oportunidad para actualizar una Constituci\u00f3n que ya qued\u00f3 vieja frente a la realidad que se vive en la provincia.<\/p>\n<p>Afirm\u00f3 que la reforma no es para la pol\u00edtica, sino para terminar con sus privilegios.<\/p>\n","protected":false},"excerpt":{"rendered":"<p>TITA DEFIENDE LA REFORMA CONSTITUCIONAL EN TIERRA DEL FUEGO El diputado nacional de Tierra del Fuego Agust\u00edn Tita<\/p>\n","protected":false},"author":5,"featured_media":5185,"comment_status":"open","ping_status":"open","sticky":false,"template":"","format":"standard","meta":{"footnotes":""},"categories":[27,2],"tags":[],"class_list":["post-13327","post","type-post","status-publish","format-standard","has-post-thumbnail","hentry","category-politica","category-tierra-del-fuego"],"featured_image_urls":{"full":["https:\/\/opinionpublica.com.ar\/index\/wp-content\/uploads\/2024\/08\/agustin-tita-ministro.jpg",1280,854,false],"thumbnail":["https:\/\/opinionpublica.com.ar\/index\/wp-content\/uploads\/2024\/08\/agustin-tita-ministro-150x150.jpg",150,150,true],"medium":["https:\/\/opinionpublica.com.ar\/index\/wp-content\/uploads\/2024\/08\/agustin-tita-ministro-300x200.jpg",300,200,true],"medium_large":["https:\/\/opinionpublica.com.ar\/index\/wp-content\/uploads\/2024\/08\/agustin-tita-ministro-768x512.jpg",640,427,true],"large":["https:\/\/opinionpublica.com.ar\/index\/wp-content\/uploads\/2024\/08\/agustin-tita-ministro-1024x683.jpg",640,427,true],"1536x1536":["https:\/\/opinionpublica.com.ar\/index\/wp-content\/uploads\/2024\/08\/agustin-tita-ministro.jpg",1280,854,false],"2048x2048":["https:\/\/opinionpublica.com.ar\/index\/wp-content\/uploads\/2024\/08\/agustin-tita-ministro.jpg",1280,854,false],"morenews-large":["https:\/\/opinionpublica.com.ar\/index\/wp-content\/uploads\/2024\/08\/agustin-tita-ministro-825x575.jpg",825,575,true],"morenews-medium":["https:\/\/opinionpublica.com.ar\/index\/wp-content\/uploads\/2024\/08\/agustin-tita-ministro-590x410.jpg",590,410,true]},"author_info":{"display_name":"Hal","author_link":"https:\/\/opinionpublica.com.ar\/index\/author\/hal\/"},"category_info":"<a href=\"https:\/\/opinionpublica.com.ar\/index\/category\/politica\/\" rel=\"category tag\">Politica<\/a> <a href=\"https:\/\/opinionpublica.com.ar\/index\/category\/tierra-del-fuego\/\" rel=\"category tag\">Tierra del Fuego<\/a>","tag_info":"Tierra del Fuego","comment_count":"0","_links":{"self":[{"href":"https:\/\/opinionpublica.com.ar\/index\/wp-json\/wp\/v2\/posts\/13327","targetHints":{"allow":["GET"]}}],"collection":[{"href":"https:\/\/opinionpublica.com.ar\/index\/wp-json\/wp\/v2\/posts"}],"about":[{"href":"https:\/\/opinionpublica.com.ar\/index\/wp-json\/wp\/v2\/types\/post"}],"author":[{"embeddable":true,"href":"https:\/\/opinionpublica.com.ar\/index\/wp-json\/wp\/v2\/users\/5"}],"replies":[{"embeddable":true,"href":"https:\/\/opinionpublica.com.ar\/index\/wp-json\/wp\/v2\/comments?post=13327"}],"version-history":[{"count":1,"href":"https:\/\/opinionpublica.com.ar\/index\/wp-json\/wp\/v2\/posts\/13327\/revisions"}],"predecessor-version":[{"id":13328,"href":"https:\/\/opinionpublica.com.ar\/index\/wp-json\/wp\/v2\/posts\/13327\/revisions\/13328"}],"wp:featuredmedia":[{"embeddable":true,"href":"https:\/\/opinionpublica.com.ar\/index\/wp-json\/wp\/v2\/media\/5185"}],"wp:attachment":[{"href":"https:\/\/opinionpublica.com.ar\/index\/wp-json\/wp\/v2\/media?parent=13327"}],"wp:term":[{"taxonomy":"category","embeddable":true,"href":"https:\/\/opinionpublica.com.ar\/index\/wp-json\/wp\/v2\/categories?post=13327"},{"taxonomy":"post_tag","embeddable":true,"href":"https:\/\/opinionpublica.com.ar\/index\/wp-json\/wp\/v2\/tags?post=13327"}],"curies":[{"name":"wp","href":"https:\/\/api.w.org\/{rel}","templated":true}]}}