{"id":13329,"date":"2026-05-01T12:07:20","date_gmt":"2026-05-01T15:07:20","guid":{"rendered":"https:\/\/opinionpublica.com.ar\/index\/?p=13329"},"modified":"2026-05-01T12:07:20","modified_gmt":"2026-05-01T15:07:20","slug":"denuncia-penal-contra-marcela-pagano","status":"publish","type":"post","link":"https:\/\/opinionpublica.com.ar\/index\/denuncia-penal-contra-marcela-pagano\/","title":{"rendered":"DENUNCIA PENAL CONTRA MARCELA PAGANO"},"content":{"rendered":"<h3>DENUNCIA PENAL CONTRA MARCELA PAGANO<\/h3>\n<p><a href=\"https:\/\/opinionpublica.com.ar\/index\/wp-content\/uploads\/2026\/05\/marcela-pagano.jpg\"><img fetchpriority=\"high\" decoding=\"async\" class=\"alignnone size-full wp-image-13331\" src=\"https:\/\/opinionpublica.com.ar\/index\/wp-content\/uploads\/2026\/05\/marcela-pagano.jpg\" alt=\"\" width=\"610\" height=\"456\" srcset=\"https:\/\/opinionpublica.com.ar\/index\/wp-content\/uploads\/2026\/05\/marcela-pagano.jpg 610w, https:\/\/opinionpublica.com.ar\/index\/wp-content\/uploads\/2026\/05\/marcela-pagano-300x224.jpg 300w\" sizes=\"(max-width: 610px) 100vw, 610px\" \/><\/a><\/p>\n<p>Quince diputados del bloque de La Libertad Avanza formalizaron una denuncia penal ante el fuero Criminal y Correccional Federal contra la diputada y ex periodista Marcela Pagano, por una serie de presuntos delitos contra la Administraci\u00f3n P\u00fablica Nacional cometidos desde que asumi\u00f3 su banca el 10 de diciembre de 2023.<\/p>\n<p>Seg\u00fan el texto de la denuncia, la acusaci\u00f3n contra Pagano se estructura en varios puntos, incluyendo presuntos delitos contra la administraci\u00f3n p\u00fablica.<\/p>\n<p>La denuncia fue presentada por el diputado fueguino Rodr\u00edguez, junto a otros 14 diputados de LLA.<\/p>\n","protected":false},"excerpt":{"rendered":"<p>DENUNCIA PENAL CONTRA MARCELA PAGANO Quince diputados del bloque de La Libertad Avanza formalizaron una denuncia penal ante<\/p>\n","protected":false},"author":5,"featured_media":13331,"comment_status":"open","ping_status":"open","sticky":false,"template":"","format":"standard","meta":{"footnotes":""},"categories":[3],"tags":[],"class_list":["post-13329","post","type-post","status-publish","format-standard","has-post-thumbnail","hentry","category-nacionales"],"featured_image_urls":{"full":["https:\/\/opinionpublica.com.ar\/index\/wp-content\/uploads\/2026\/05\/marcela-pagano.jpg",610,456,false],"thumbnail":["https:\/\/opinionpublica.com.ar\/index\/wp-content\/uploads\/2026\/05\/marcela-pagano-150x150.jpg",150,150,true],"medium":["https:\/\/opinionpublica.com.ar\/index\/wp-content\/uploads\/2026\/05\/marcela-pagano-300x224.jpg",300,224,true],"medium_large":["https:\/\/opinionpublica.com.ar\/index\/wp-content\/uploads\/2026\/05\/marcela-pagano.jpg",610,456,false],"large":["https:\/\/opinionpublica.com.ar\/index\/wp-content\/uploads\/2026\/05\/marcela-pagano.jpg",610,456,false],"1536x1536":["https:\/\/opinionpublica.com.ar\/index\/wp-content\/uploads\/2026\/05\/marcela-pagano.jpg",610,456,false],"2048x2048":["https:\/\/opinionpublica.com.ar\/index\/wp-content\/uploads\/2026\/05\/marcela-pagano.jpg",610,456,false],"morenews-large":["https:\/\/opinionpublica.com.ar\/index\/wp-content\/uploads\/2026\/05\/marcela-pagano.jpg",610,456,false],"morenews-medium":["https:\/\/opinionpublica.com.ar\/index\/wp-content\/uploads\/2026\/05\/marcela-pagano-590x410.jpg",590,410,true]},"author_info":{"display_name":"Hal","author_link":"https:\/\/opinionpublica.com.ar\/index\/author\/hal\/"},"category_info":"<a href=\"https:\/\/opinionpublica.com.ar\/index\/category\/nacionales\/\" rel=\"category tag\">Nacionales<\/a>","tag_info":"Nacionales","comment_count":"0","_links":{"self":[{"href":"https:\/\/opinionpublica.com.ar\/index\/wp-json\/wp\/v2\/posts\/13329","targetHints":{"allow":["GET"]}}],"collection":[{"href":"https:\/\/opinionpublica.com.ar\/index\/wp-json\/wp\/v2\/posts"}],"about":[{"href":"https:\/\/opinionpublica.com.ar\/index\/wp-json\/wp\/v2\/types\/post"}],"author":[{"embeddable":true,"href":"https:\/\/opinionpublica.com.ar\/index\/wp-json\/wp\/v2\/users\/5"}],"replies":[{"embeddable":true,"href":"https:\/\/opinionpublica.com.ar\/index\/wp-json\/wp\/v2\/comments?post=13329"}],"version-history":[{"count":2,"href":"https:\/\/opinionpublica.com.ar\/index\/wp-json\/wp\/v2\/posts\/13329\/revisions"}],"predecessor-version":[{"id":13332,"href":"https:\/\/opinionpublica.com.ar\/index\/wp-json\/wp\/v2\/posts\/13329\/revisions\/13332"}],"wp:featuredmedia":[{"embeddable":true,"href":"https:\/\/opinionpublica.com.ar\/index\/wp-json\/wp\/v2\/media\/13331"}],"wp:attachment":[{"href":"https:\/\/opinionpublica.com.ar\/index\/wp-json\/wp\/v2\/media?parent=13329"}],"wp:term":[{"taxonomy":"category","embeddable":true,"href":"https:\/\/opinionpublica.com.ar\/index\/wp-json\/wp\/v2\/categories?post=13329"},{"taxonomy":"post_tag","embeddable":true,"href":"https:\/\/opinionpublica.com.ar\/index\/wp-json\/wp\/v2\/tags?post=13329"}],"curies":[{"name":"wp","href":"https:\/\/api.w.org\/{rel}","templated":true}]}}