{"id":13333,"date":"2026-05-01T12:10:55","date_gmt":"2026-05-01T15:10:55","guid":{"rendered":"https:\/\/opinionpublica.com.ar\/index\/?p=13333"},"modified":"2026-05-01T12:10:55","modified_gmt":"2026-05-01T15:10:55","slug":"rechazo-a-la-reforma-constitucional","status":"publish","type":"post","link":"https:\/\/opinionpublica.com.ar\/index\/rechazo-a-la-reforma-constitucional\/","title":{"rendered":"RECHAZO A LA REFORMA CONSTITUCIONAL"},"content":{"rendered":"<h3>RECHAZO A LA REFORMA CONSTITUCIONAL<\/h3>\n<p><a href=\"https:\/\/opinionpublica.com.ar\/index\/wp-content\/uploads\/2024\/08\/constitucion-tierra-del-fuego.jpg\"><img fetchpriority=\"high\" decoding=\"async\" class=\"alignnone size-full wp-image-4714\" src=\"https:\/\/opinionpublica.com.ar\/index\/wp-content\/uploads\/2024\/08\/constitucion-tierra-del-fuego.jpg\" alt=\"\" width=\"880\" height=\"586\" srcset=\"https:\/\/opinionpublica.com.ar\/index\/wp-content\/uploads\/2024\/08\/constitucion-tierra-del-fuego.jpg 880w, https:\/\/opinionpublica.com.ar\/index\/wp-content\/uploads\/2024\/08\/constitucion-tierra-del-fuego-300x200.jpg 300w, https:\/\/opinionpublica.com.ar\/index\/wp-content\/uploads\/2024\/08\/constitucion-tierra-del-fuego-768x511.jpg 768w\" sizes=\"(max-width: 880px) 100vw, 880px\" \/><\/a><\/p>\n<p>Un informe de la consultora Zuban C\u00f3rdoba y Asociados revela desaprobaci\u00f3n en mayor n\u00famero a la iniciativa del Poder Ejecutivo de Tierra del Fuego para reformar la Constituci\u00f3n provincial.<\/p>\n<p>El estudio t\u00e9cnico se realiz\u00f3 entre el 25 al 28 de abril y muestra que la ciudadan\u00eda de Tierra del Fuego no est\u00e1 de acuerdo con la propuesta de reforma constitucional.<\/p>\n<p>La publicaci\u00f3n del decreto que llama a elecciones para Convencionales Constituyentes para el pr\u00f3ximo 9 de agosto de 2026 ratific\u00f3 la iniciativa del Poder Ejecutivo.<\/p>\n","protected":false},"excerpt":{"rendered":"<p>RECHAZO A LA REFORMA CONSTITUCIONAL Un informe de la consultora Zuban C\u00f3rdoba y Asociados revela desaprobaci\u00f3n en mayor<\/p>\n","protected":false},"author":5,"featured_media":4714,"comment_status":"open","ping_status":"open","sticky":false,"template":"","format":"standard","meta":{"footnotes":""},"categories":[2],"tags":[],"class_list":["post-13333","post","type-post","status-publish","format-standard","has-post-thumbnail","hentry","category-tierra-del-fuego"],"featured_image_urls":{"full":["https:\/\/opinionpublica.com.ar\/index\/wp-content\/uploads\/2024\/08\/constitucion-tierra-del-fuego.jpg",880,586,false],"thumbnail":["https:\/\/opinionpublica.com.ar\/index\/wp-content\/uploads\/2024\/08\/constitucion-tierra-del-fuego-150x150.jpg",150,150,true],"medium":["https:\/\/opinionpublica.com.ar\/index\/wp-content\/uploads\/2024\/08\/constitucion-tierra-del-fuego-300x200.jpg",300,200,true],"medium_large":["https:\/\/opinionpublica.com.ar\/index\/wp-content\/uploads\/2024\/08\/constitucion-tierra-del-fuego-768x511.jpg",640,426,true],"large":["https:\/\/opinionpublica.com.ar\/index\/wp-content\/uploads\/2024\/08\/constitucion-tierra-del-fuego.jpg",640,426,false],"1536x1536":["https:\/\/opinionpublica.com.ar\/index\/wp-content\/uploads\/2024\/08\/constitucion-tierra-del-fuego.jpg",880,586,false],"2048x2048":["https:\/\/opinionpublica.com.ar\/index\/wp-content\/uploads\/2024\/08\/constitucion-tierra-del-fuego.jpg",880,586,false],"morenews-large":["https:\/\/opinionpublica.com.ar\/index\/wp-content\/uploads\/2024\/08\/constitucion-tierra-del-fuego-825x575.jpg",825,575,true],"morenews-medium":["https:\/\/opinionpublica.com.ar\/index\/wp-content\/uploads\/2024\/08\/constitucion-tierra-del-fuego-590x410.jpg",590,410,true]},"author_info":{"display_name":"Hal","author_link":"https:\/\/opinionpublica.com.ar\/index\/author\/hal\/"},"category_info":"<a href=\"https:\/\/opinionpublica.com.ar\/index\/category\/tierra-del-fuego\/\" rel=\"category tag\">Tierra del Fuego<\/a>","tag_info":"Tierra del Fuego","comment_count":"0","_links":{"self":[{"href":"https:\/\/opinionpublica.com.ar\/index\/wp-json\/wp\/v2\/posts\/13333","targetHints":{"allow":["GET"]}}],"collection":[{"href":"https:\/\/opinionpublica.com.ar\/index\/wp-json\/wp\/v2\/posts"}],"about":[{"href":"https:\/\/opinionpublica.com.ar\/index\/wp-json\/wp\/v2\/types\/post"}],"author":[{"embeddable":true,"href":"https:\/\/opinionpublica.com.ar\/index\/wp-json\/wp\/v2\/users\/5"}],"replies":[{"embeddable":true,"href":"https:\/\/opinionpublica.com.ar\/index\/wp-json\/wp\/v2\/comments?post=13333"}],"version-history":[{"count":1,"href":"https:\/\/opinionpublica.com.ar\/index\/wp-json\/wp\/v2\/posts\/13333\/revisions"}],"predecessor-version":[{"id":13334,"href":"https:\/\/opinionpublica.com.ar\/index\/wp-json\/wp\/v2\/posts\/13333\/revisions\/13334"}],"wp:featuredmedia":[{"embeddable":true,"href":"https:\/\/opinionpublica.com.ar\/index\/wp-json\/wp\/v2\/media\/4714"}],"wp:attachment":[{"href":"https:\/\/opinionpublica.com.ar\/index\/wp-json\/wp\/v2\/media?parent=13333"}],"wp:term":[{"taxonomy":"category","embeddable":true,"href":"https:\/\/opinionpublica.com.ar\/index\/wp-json\/wp\/v2\/categories?post=13333"},{"taxonomy":"post_tag","embeddable":true,"href":"https:\/\/opinionpublica.com.ar\/index\/wp-json\/wp\/v2\/tags?post=13333"}],"curies":[{"name":"wp","href":"https:\/\/api.w.org\/{rel}","templated":true}]}}