{"id":134,"date":"2024-03-09T01:30:36","date_gmt":"2024-03-09T01:30:36","guid":{"rendered":"https:\/\/opinionpublica.com.ar\/index\/?p=134"},"modified":"2024-03-12T00:41:10","modified_gmt":"2024-03-12T00:41:10","slug":"pocas-voces-fueguinas-contra-la-embestida-de-espert-y-sus-dichos-de-la-19640","status":"publish","type":"post","link":"https:\/\/opinionpublica.com.ar\/index\/pocas-voces-fueguinas-contra-la-embestida-de-espert-y-sus-dichos-de-la-19640\/","title":{"rendered":"Pocas voces fueguinas contra la embestida de Espert y sus dichos de la 19640"},"content":{"rendered":"\n<figure class=\"wp-block-image size-large\"><img fetchpriority=\"high\" decoding=\"async\" width=\"1024\" height=\"1024\" src=\"https:\/\/opinionpublica.com.ar\/index\/wp-content\/uploads\/2024\/03\/img_6438-1-1024x1024.jpg\" class=\"wp-image-133\" srcset=\"https:\/\/opinionpublica.com.ar\/index\/wp-content\/uploads\/2024\/03\/img_6438-1-1024x1024.jpg 1024w, https:\/\/opinionpublica.com.ar\/index\/wp-content\/uploads\/2024\/03\/img_6438-1-300x300.jpg 300w, https:\/\/opinionpublica.com.ar\/index\/wp-content\/uploads\/2024\/03\/img_6438-1-150x150.jpg 150w, https:\/\/opinionpublica.com.ar\/index\/wp-content\/uploads\/2024\/03\/img_6438-1-768x768.jpg 768w, https:\/\/opinionpublica.com.ar\/index\/wp-content\/uploads\/2024\/03\/img_6438-1-1536x1536.jpg 1536w, https:\/\/opinionpublica.com.ar\/index\/wp-content\/uploads\/2024\/03\/img_6438-1.jpg 2000w\" sizes=\"(max-width: 1024px) 100vw, 1024px\" \/><\/figure>\n\n\n\n<p>Fue un ataque directo a la industria fueguina, la ley 19640 y el subr\u00e9gimen industrial lo que hizo el diputado Jos\u00e9 Luis Espert. Pero el arco pol\u00edtico fueguino parece estar preocupado por otras cuestiones, quiz\u00e1s m\u00e1s ligadas a la posible convenci\u00f3n constituyente. La realidad es que las \u00fanicas voces que se oyeron fueron la del intendente de Rio Grande Mart\u00edn P\u00e9rez, la ex Gobernadora Rosana Bertone y el ex miembro de la Comisi\u00f3n del \u00e1rea aduanera especial, secretario de turismo y referente pol\u00edtico de Ushuaia Gustavo Ventura. <\/p>\n\n\n\n<p>Twitter de Martin P\u00e9rez <\/p>\n\n\n\n<figure class=\"wp-block-image size-large\"><img decoding=\"async\" width=\"649\" height=\"1024\" src=\"https:\/\/opinionpublica.com.ar\/index\/wp-content\/uploads\/2024\/03\/img_6434-1-649x1024.jpg\" class=\"wp-image-130\" srcset=\"https:\/\/opinionpublica.com.ar\/index\/wp-content\/uploads\/2024\/03\/img_6434-1-649x1024.jpg 649w, https:\/\/opinionpublica.com.ar\/index\/wp-content\/uploads\/2024\/03\/img_6434-1-190x300.jpg 190w, https:\/\/opinionpublica.com.ar\/index\/wp-content\/uploads\/2024\/03\/img_6434-1-768x1212.jpg 768w, https:\/\/opinionpublica.com.ar\/index\/wp-content\/uploads\/2024\/03\/img_6434-1-973x1536.jpg 973w, https:\/\/opinionpublica.com.ar\/index\/wp-content\/uploads\/2024\/03\/img_6434-1-1024x1617.jpg 1024w, https:\/\/opinionpublica.com.ar\/index\/wp-content\/uploads\/2024\/03\/img_6434-1.jpg 1170w\" sizes=\"(max-width: 649px) 100vw, 649px\" \/><\/figure>\n\n\n\n<p> Twitter de Gustavo Ventura <\/p>\n\n\n\n<figure class=\"wp-block-image size-large\"><img decoding=\"async\" width=\"648\" height=\"1024\" src=\"https:\/\/opinionpublica.com.ar\/index\/wp-content\/uploads\/2024\/03\/img_6436-2-1-648x1024.jpg\" class=\"wp-image-131\" srcset=\"https:\/\/opinionpublica.com.ar\/index\/wp-content\/uploads\/2024\/03\/img_6436-2-1-648x1024.jpg 648w, https:\/\/opinionpublica.com.ar\/index\/wp-content\/uploads\/2024\/03\/img_6436-2-1-190x300.jpg 190w, https:\/\/opinionpublica.com.ar\/index\/wp-content\/uploads\/2024\/03\/img_6436-2-1-768x1214.jpg 768w, https:\/\/opinionpublica.com.ar\/index\/wp-content\/uploads\/2024\/03\/img_6436-2-1-972x1536.jpg 972w, https:\/\/opinionpublica.com.ar\/index\/wp-content\/uploads\/2024\/03\/img_6436-2-1-1024x1618.jpg 1024w, https:\/\/opinionpublica.com.ar\/index\/wp-content\/uploads\/2024\/03\/img_6436-2-1.jpg 1170w\" sizes=\"(max-width: 648px) 100vw, 648px\" \/><\/figure>\n\n\n\n<p> Twitter de Rosana Bertone<\/p>\n\n\n\n<figure class=\"wp-block-image size-large\"><img loading=\"lazy\" decoding=\"async\" width=\"885\" height=\"1024\" src=\"https:\/\/opinionpublica.com.ar\/index\/wp-content\/uploads\/2024\/03\/img_6435-1-885x1024.jpg\" class=\"wp-image-132\" srcset=\"https:\/\/opinionpublica.com.ar\/index\/wp-content\/uploads\/2024\/03\/img_6435-1-885x1024.jpg 885w, https:\/\/opinionpublica.com.ar\/index\/wp-content\/uploads\/2024\/03\/img_6435-1-259x300.jpg 259w, https:\/\/opinionpublica.com.ar\/index\/wp-content\/uploads\/2024\/03\/img_6435-1-768x889.jpg 768w, https:\/\/opinionpublica.com.ar\/index\/wp-content\/uploads\/2024\/03\/img_6435-1-1024x1185.jpg 1024w, https:\/\/opinionpublica.com.ar\/index\/wp-content\/uploads\/2024\/03\/img_6435-1.jpg 1170w\" sizes=\"(max-width: 885px) 100vw, 885px\" \/><\/figure>\n\n\n\n<p>Mientras que el Gobernador Gustavo Melella se encuentra en Buenos Aires negociando con un gobierno nacional esquivo al di\u00e1logo y poco o nada federal. Sin lugar a dudas Tierra del del Fuego se encuentra en la mira por varios motivos, se la ve como un gasto desde algunos sectores gobernantes nacionales, y la defensa de la provincia est\u00e1 en pocas manos. <\/p>\n","protected":false},"excerpt":{"rendered":"<p>Fue un ataque directo a la industria fueguina, la ley 19640 y el subr\u00e9gimen industrial lo que hizo<\/p>\n","protected":false},"author":2,"featured_media":133,"comment_status":"open","ping_status":"open","sticky":false,"template":"","format":"standard","meta":{"footnotes":""},"categories":[2],"tags":[8,7,5,6],"class_list":["post-134","post","type-post","status-publish","format-standard","has-post-thumbnail","hentry","category-tierra-del-fuego","tag-politico-en-ascenso","tag-rio-grande","tag-tierra-del-fuego","tag-ushuaia"],"featured_image_urls":{"full":["https:\/\/opinionpublica.com.ar\/index\/wp-content\/uploads\/2024\/03\/img_6438-1.jpg",2000,2000,false],"thumbnail":["https:\/\/opinionpublica.com.ar\/index\/wp-content\/uploads\/2024\/03\/img_6438-1-150x150.jpg",150,150,true],"medium":["https:\/\/opinionpublica.com.ar\/index\/wp-content\/uploads\/2024\/03\/img_6438-1-300x300.jpg",300,300,true],"medium_large":["https:\/\/opinionpublica.com.ar\/index\/wp-content\/uploads\/2024\/03\/img_6438-1-768x768.jpg",640,640,true],"large":["https:\/\/opinionpublica.com.ar\/index\/wp-content\/uploads\/2024\/03\/img_6438-1-1024x1024.jpg",640,640,true],"1536x1536":["https:\/\/opinionpublica.com.ar\/index\/wp-content\/uploads\/2024\/03\/img_6438-1-1536x1536.jpg",1536,1536,true],"2048x2048":["https:\/\/opinionpublica.com.ar\/index\/wp-content\/uploads\/2024\/03\/img_6438-1.jpg",2000,2000,false],"morenews-large":["https:\/\/opinionpublica.com.ar\/index\/wp-content\/uploads\/2024\/03\/img_6438-1-825x575.jpg",825,575,true],"morenews-medium":["https:\/\/opinionpublica.com.ar\/index\/wp-content\/uploads\/2024\/03\/img_6438-1-590x410.jpg",590,410,true]},"author_info":{"display_name":"l0013136","author_link":"https:\/\/opinionpublica.com.ar\/index\/author\/l0013136\/"},"category_info":"<a href=\"https:\/\/opinionpublica.com.ar\/index\/category\/tierra-del-fuego\/\" rel=\"category tag\">Tierra del Fuego<\/a>","tag_info":"Tierra del Fuego","comment_count":"0","_links":{"self":[{"href":"https:\/\/opinionpublica.com.ar\/index\/wp-json\/wp\/v2\/posts\/134","targetHints":{"allow":["GET"]}}],"collection":[{"href":"https:\/\/opinionpublica.com.ar\/index\/wp-json\/wp\/v2\/posts"}],"about":[{"href":"https:\/\/opinionpublica.com.ar\/index\/wp-json\/wp\/v2\/types\/post"}],"author":[{"embeddable":true,"href":"https:\/\/opinionpublica.com.ar\/index\/wp-json\/wp\/v2\/users\/2"}],"replies":[{"embeddable":true,"href":"https:\/\/opinionpublica.com.ar\/index\/wp-json\/wp\/v2\/comments?post=134"}],"version-history":[{"count":1,"href":"https:\/\/opinionpublica.com.ar\/index\/wp-json\/wp\/v2\/posts\/134\/revisions"}],"predecessor-version":[{"id":135,"href":"https:\/\/opinionpublica.com.ar\/index\/wp-json\/wp\/v2\/posts\/134\/revisions\/135"}],"wp:featuredmedia":[{"embeddable":true,"href":"https:\/\/opinionpublica.com.ar\/index\/wp-json\/wp\/v2\/media\/133"}],"wp:attachment":[{"href":"https:\/\/opinionpublica.com.ar\/index\/wp-json\/wp\/v2\/media?parent=134"}],"wp:term":[{"taxonomy":"category","embeddable":true,"href":"https:\/\/opinionpublica.com.ar\/index\/wp-json\/wp\/v2\/categories?post=134"},{"taxonomy":"post_tag","embeddable":true,"href":"https:\/\/opinionpublica.com.ar\/index\/wp-json\/wp\/v2\/tags?post=134"}],"curies":[{"name":"wp","href":"https:\/\/api.w.org\/{rel}","templated":true}]}}