{"id":1388,"date":"2024-04-02T11:05:08","date_gmt":"2024-04-02T14:05:08","guid":{"rendered":"https:\/\/opinionpublica.com.ar\/index\/?p=1388"},"modified":"2024-04-02T11:05:08","modified_gmt":"2024-04-02T14:05:08","slug":"gobernadores-ultiman-petitorio-con-diez-puntos-a-la-rosada","status":"publish","type":"post","link":"https:\/\/opinionpublica.com.ar\/index\/gobernadores-ultiman-petitorio-con-diez-puntos-a-la-rosada\/","title":{"rendered":"Gobernadores ultiman petitorio con diez puntos a la Rosada"},"content":{"rendered":"<p>El presidente\u00a0Javier Milei, despu\u00e9s del fin de semana extra largo, deber\u00e1 volver a enfrentarse con la realidad: una econom\u00eda en recesi\u00f3n con cientos de desempleados en las calles, las negociaciones por la ley \u00d3mnibus trabadas y, centralmente, con los gobernadores que, cansados por las falsas promesas del ministro del Interior\u00a0Guillermo Francos, est\u00e1n armando una carta en la que\u00a0propondr\u00e1n diez puntos para contrarrestar los del pacto de Mayo que les quiere hacer firmar el Presidente\u00a0el mes que viene. En el texto que est\u00e1n armando los gobernadores habr\u00e1 demandas por m\u00e1s financiamiento para las provincias y tambi\u00e9n\u00a0\u00abun pedido de reconocimiento del federalismo\u00bb.<\/p>\n<p>&nbsp;<\/p>\n<p><a href=\"https:\/\/opinionpublica.com.ar\/index\/wp-content\/uploads\/2024\/04\/reunion-gobernadores.jpeg\"><img fetchpriority=\"high\" decoding=\"async\" class=\"alignnone  wp-image-1389\" src=\"https:\/\/opinionpublica.com.ar\/index\/wp-content\/uploads\/2024\/04\/reunion-gobernadores-300x168.jpeg\" alt=\"\" width=\"564\" height=\"316\" srcset=\"https:\/\/opinionpublica.com.ar\/index\/wp-content\/uploads\/2024\/04\/reunion-gobernadores-300x168.jpeg 300w, https:\/\/opinionpublica.com.ar\/index\/wp-content\/uploads\/2024\/04\/reunion-gobernadores-768x430.jpeg 768w, https:\/\/opinionpublica.com.ar\/index\/wp-content\/uploads\/2024\/04\/reunion-gobernadores.jpeg 880w\" sizes=\"(max-width: 564px) 100vw, 564px\" \/><\/a><\/p>\n<p>El v\u00ednculo entre la Naci\u00f3n y las provincias viene cada vez m\u00e1s tenso porque, a la quita del Fondo de Incentivo Docente (Fonid) y el Fondo Compensador del Transporte, el mi\u00e9rcoles el gobierno nacional tambi\u00e9n quiso sumar la quita, por decreto, de partidas mensuales de fondos para las cajas de jubilaciones. El titular de la cartera de Interior, tras juntarse con los diez gobernadores del norte grande la semana pasada en Salta,\u00a0este jueves recibir\u00e1 junto al jefe de gabinete Nicol\u00e1s Posse a los diez mandatarios provinciales de Juntos por el Cambio en Casa Rosada.\u00a0La gran mayor\u00eda de ellos firmar\u00e1 el escrito.<\/p>\n<p>&nbsp;<\/p>\n<p>El primero de marzo, durante la apertura de sesiones ordinarias del Congreso, Milei anunci\u00f3 que quer\u00eda que los gobernadores firmen el pacto de Mayo en la ciudad de C\u00f3rdoba el 25 de este mes. En el documento que buscar\u00e1 contraponer los diez puntos de Milei, est\u00e1n trabajando los diez mandatarios provinciales de la Liga del Norte:\u00a0Ra\u00fal Jalil\u00a0de Catamarca;\u00a0Leandro Zdero\u00a0de Chaco;\u00a0Gustavo Vald\u00e9s\u00a0de Corrientes;\u00a0Gildo Insfr\u00e1n\u00a0de Formosa;\u00a0Carlos Sadir\u00a0de Jujuy;\u00a0Ricardo Quintela\u00a0de La Rioja;\u00a0Hugo Passalacqua\u00a0de Misiones;\u00a0Gustavo S\u00e1enz;\u00a0Gerardo Zamora\u00a0de Santiago del Estero y\u00a0Osvaldo Jaldo\u00a0de Tucum\u00e1n. Pero tambi\u00e9n los seis de la patagonia:\u00a0Ignacio Torres\u00a0de Chubut;\u00a0Claudio Vidal\u00a0de Santa Cruz;\u00a0Sergio Ziliotto\u00a0de La Pampa;\u00a0Rolando Figueroa\u00a0de Neuqu\u00e9n;\u00a0Alberto Weretilnek\u00a0de R\u00edo Negro y\u00a0Gustavo Melella\u00a0de Tierra del Fuego. Si bien,\u00a0por ahora, lo firmar\u00edan 16,\u00a0las negociaciones y los di\u00e1logos siguen fren\u00e9ticos para que ese n\u00famero se ampl\u00ede a 24.<\/p>\n<p>&nbsp;<\/p>\n<p>La presentaci\u00f3n del mismo, dicen, se realizar\u00e1 en\u00a0un acto conjunto entre los gobernadores del norte y del sur,\u00a0pero todav\u00eda no est\u00e1 fijada la fecha ni el lugar que elegir\u00e1n para el evento. Seg\u00fan comentan cerca de los gobernadores a\u00fan quedan encuentros por realizar para terminar de definir los detalles y qu\u00e9 dir\u00e1 cada uno de los puntos. Uno de los encuentros pendientes es entre los gobernadores patag\u00f3nicos y el de Santiago del Estero,\u00a0Gerardo Zamora. \u00abEl Gobierno reconoce la importancia de devolver a las provincias sus competencias, enfatizando la necesidad de reformar el r\u00e9gimen tributario para hacerlo m\u00e1s federal, un punto central del Pacto de Mayo\u00bb, dicen como uno de los ejes en los que trabajan.<\/p>\n<p>&nbsp;<\/p>\n<p>Cerca de los mandatarios provinciales adelantan que\u00a0\u00abse est\u00e1 tratando de llegar a una s\u00edntesis\u00bb, y que puede haber m\u00e1s de diez puntos. \u00abSon los puntos que no se resuelven en ning\u00fan lado despu\u00e9s de muchas reuniones.\u00a0Habr\u00e1 algunos vinculados a la cuesti\u00f3n productiva, a la energ\u00e9tica, tambi\u00e9n sobre el impuesto a las ganancias\u00bb, enumeran. Los gobernadores vienen trabajando mediante charlas telef\u00f3nicas, zoom y algunas reuniones presenciales. El documento se est\u00e1 escribiendo y, seg\u00fan explican,\u00a0\u00abhay voluntad de generar consensos para que todos lo firmen\u00bb.<\/p>\n<p>&nbsp;<\/p>\n<p>Es posible que la publicaci\u00f3n no sea inmediata y que los gobernadores se guarden el texto como un as bajo la manga. Puede ser que lo tengan listo y\u00a0esperen el momento indicado para lanzarlo.\u00a0\u00abCuando la situaci\u00f3n lo amerite\u00bb, opinan algunos. Otros agregan que\u00a0\u00absi no hay respuesta de Milei en todas las cuestiones que se le vienen reclamando a Francos seguramente salga r\u00e1pido\u00bb. \u00abEstos d\u00edas que vienen son cruciales\u00bb, resaltan desde las provincias.<\/p>\n<p>&nbsp;<\/p>\n<p>Despu\u00e9s de la reuni\u00f3n que el jueves que Francos mantendr\u00e1 con los gobernadores de JxC solo le faltar\u00e1 &#8211;tras el env\u00edo de la \u00faltima versi\u00f3n del proyecto de ley Bases&#8211; reunirse con\u00a0Axel Kicillof\u00a0de Buenos Aires;\u00a0Sergio Ziliotto\u00a0de La Pampa;\u00a0Gustavo Melella\u00a0de Tierra del Fuego y\u00a0Mart\u00edn Llaryora\u00a0de C\u00f3rdoba.<\/p>\n<p>&nbsp;<\/p>\n<p>La conflictividad entre los gobiernos provinciales y el nacional viene escalando durante las \u00faltimas semanas. Adem\u00e1s de la eliminaci\u00f3n del FONID y del Fondo Compensador del Transporte, el mi\u00e9rcoles, antes del fin de semana extra largo, el presidente firm\u00f3 el DNU 280\/24 donde, seg\u00fan se puede ver en el Bolet\u00edn Oficial, el Ejecutivo\u00a0elimin\u00f3 tres art\u00edculos del Presupuesto que obligaban a la ANSeS a transferir una partida mensual de fondos\u00a0a las cajas de jubilaciones que est\u00e1n en control de 13 provincias.<\/p>\n<p>&nbsp;<\/p>\n<p>El malestar y la furia de las provincias fue tan grande que\u00a0Francos\u00a0el s\u00e1bado tuvo que salir a dar una entrevista en\u00a0Radio Mitre\u00a0donde\u00a0dijo que \u00ablas partidas est\u00e1n\u00bb,\u00a0pero que \u00abse reasignaron para otras partidas provinciales\u00bb. En simult\u00e1neo, la Oficina del Presidente public\u00f3 un comunicado en el que \u00abdesminti\u00f3\u00bb que fueran a sacar esos fondos. Lo cierto es que el DNU anula los art\u00edculos 92,93 y 94 de la ley de Presupuesto y deja sin efecto los pagos mensuales.\u00a0\u00abHasta que no llegue la plata no vamos a poder comprobar si retrocedieron o no\u00bb, dicen desde las provincias.<\/p>\n<p>&nbsp;<\/p>\n<p>El gobernador de Chubut, que ir\u00e1 el jueves a Casa Rosada con el resto de los gobernadores de JxC, expres\u00f3 sobre el tema:\u00a0\u00abFrancos dijo que los fondos jubilatorios est\u00e1n, por lo que la discusi\u00f3n ahora pasa por saber cu\u00e1l es el valor de esos fondos, y si se van a tomar los valores hist\u00f3ricos o los valores corrientes\u201d.\u00a0Por \u00faltimo advirti\u00f3 que \u201ces muy probable que ese tema se termine judicializando\u00bb.<\/p>\n<p>&nbsp;<\/p>\n<p>Milei, mientras tanto, este martes participar\u00e1 a las 10 de un acto protocolar en Retiro por el\u00a0D\u00eda del Veterano y de los Ca\u00eddos en la Guerra de Malvinas. No se sabe si all\u00ed asistir\u00e1 tambi\u00e9n la vicepresidenta\u00a0Victoria Villarruel.\u00a0La relaci\u00f3n entre ellos transita un complejo momento.<\/p>\n","protected":false},"excerpt":{"rendered":"<p>El presidente\u00a0Javier Milei, despu\u00e9s del fin de semana extra largo, deber\u00e1 volver a enfrentarse con la realidad: una<\/p>\n","protected":false},"author":8,"featured_media":1389,"comment_status":"open","ping_status":"open","sticky":false,"template":"","format":"standard","meta":{"footnotes":""},"categories":[3,27],"tags":[107,52,16,35],"class_list":["post-1388","post","type-post","status-publish","format-standard","has-post-thumbnail","hentry","category-nacionales","category-politica","tag-gobernadores","tag-milei","tag-nacionales","tag-politica"],"featured_image_urls":{"full":["https:\/\/opinionpublica.com.ar\/index\/wp-content\/uploads\/2024\/04\/reunion-gobernadores.jpeg",880,493,false],"thumbnail":["https:\/\/opinionpublica.com.ar\/index\/wp-content\/uploads\/2024\/04\/reunion-gobernadores-150x150.jpeg",150,150,true],"medium":["https:\/\/opinionpublica.com.ar\/index\/wp-content\/uploads\/2024\/04\/reunion-gobernadores-300x168.jpeg",300,168,true],"medium_large":["https:\/\/opinionpublica.com.ar\/index\/wp-content\/uploads\/2024\/04\/reunion-gobernadores-768x430.jpeg",640,358,true],"large":["https:\/\/opinionpublica.com.ar\/index\/wp-content\/uploads\/2024\/04\/reunion-gobernadores.jpeg",640,359,false],"1536x1536":["https:\/\/opinionpublica.com.ar\/index\/wp-content\/uploads\/2024\/04\/reunion-gobernadores.jpeg",880,493,false],"2048x2048":["https:\/\/opinionpublica.com.ar\/index\/wp-content\/uploads\/2024\/04\/reunion-gobernadores.jpeg",880,493,false],"morenews-large":["https:\/\/opinionpublica.com.ar\/index\/wp-content\/uploads\/2024\/04\/reunion-gobernadores-825x493.jpeg",825,493,true],"morenews-medium":["https:\/\/opinionpublica.com.ar\/index\/wp-content\/uploads\/2024\/04\/reunion-gobernadores-590x410.jpeg",590,410,true]},"author_info":{"display_name":"RKing","author_link":"https:\/\/opinionpublica.com.ar\/index\/author\/rking\/"},"category_info":"<a href=\"https:\/\/opinionpublica.com.ar\/index\/category\/nacionales\/\" rel=\"category tag\">Nacionales<\/a> <a href=\"https:\/\/opinionpublica.com.ar\/index\/category\/politica\/\" rel=\"category tag\">Politica<\/a>","tag_info":"Politica","comment_count":"0","_links":{"self":[{"href":"https:\/\/opinionpublica.com.ar\/index\/wp-json\/wp\/v2\/posts\/1388","targetHints":{"allow":["GET"]}}],"collection":[{"href":"https:\/\/opinionpublica.com.ar\/index\/wp-json\/wp\/v2\/posts"}],"about":[{"href":"https:\/\/opinionpublica.com.ar\/index\/wp-json\/wp\/v2\/types\/post"}],"author":[{"embeddable":true,"href":"https:\/\/opinionpublica.com.ar\/index\/wp-json\/wp\/v2\/users\/8"}],"replies":[{"embeddable":true,"href":"https:\/\/opinionpublica.com.ar\/index\/wp-json\/wp\/v2\/comments?post=1388"}],"version-history":[{"count":1,"href":"https:\/\/opinionpublica.com.ar\/index\/wp-json\/wp\/v2\/posts\/1388\/revisions"}],"predecessor-version":[{"id":1390,"href":"https:\/\/opinionpublica.com.ar\/index\/wp-json\/wp\/v2\/posts\/1388\/revisions\/1390"}],"wp:featuredmedia":[{"embeddable":true,"href":"https:\/\/opinionpublica.com.ar\/index\/wp-json\/wp\/v2\/media\/1389"}],"wp:attachment":[{"href":"https:\/\/opinionpublica.com.ar\/index\/wp-json\/wp\/v2\/media?parent=1388"}],"wp:term":[{"taxonomy":"category","embeddable":true,"href":"https:\/\/opinionpublica.com.ar\/index\/wp-json\/wp\/v2\/categories?post=1388"},{"taxonomy":"post_tag","embeddable":true,"href":"https:\/\/opinionpublica.com.ar\/index\/wp-json\/wp\/v2\/tags?post=1388"}],"curies":[{"name":"wp","href":"https:\/\/api.w.org\/{rel}","templated":true}]}}