{"id":14408,"date":"2026-08-31T09:31:18","date_gmt":"2026-08-31T12:31:18","guid":{"rendered":"https:\/\/opinionpublica.com.ar\/index\/?p=14408"},"modified":"2026-08-31T09:31:18","modified_gmt":"2026-08-31T12:31:18","slug":"el-armado-de-vuoto-para-2027","status":"publish","type":"post","link":"https:\/\/opinionpublica.com.ar\/index\/el-armado-de-vuoto-para-2027\/","title":{"rendered":"El armado de Vuoto para 2027"},"content":{"rendered":"<h3>El armado de Vuoto para 2027: gobernador, intendentes y un mapa del poder peronista en Tierra del Fuego<\/h3>\n<p><a href=\"https:\/\/opinionpublica.com.ar\/index\/wp-content\/uploads\/2024\/06\/walter-vuoto-1.jpg\"><img fetchpriority=\"high\" decoding=\"async\" class=\"alignnone size-full wp-image-4160\" src=\"https:\/\/opinionpublica.com.ar\/index\/wp-content\/uploads\/2024\/06\/walter-vuoto-1.jpg\" alt=\"\" width=\"900\" height=\"600\" srcset=\"https:\/\/opinionpublica.com.ar\/index\/wp-content\/uploads\/2024\/06\/walter-vuoto-1.jpg 900w, https:\/\/opinionpublica.com.ar\/index\/wp-content\/uploads\/2024\/06\/walter-vuoto-1-300x200.jpg 300w, https:\/\/opinionpublica.com.ar\/index\/wp-content\/uploads\/2024\/06\/walter-vuoto-1-768x512.jpg 768w\" sizes=\"(max-width: 900px) 100vw, 900px\" \/><\/a><\/p>\n<p>El tablero pol\u00edtico de Tierra del Fuego comienza a moverse de cara a 2027 y, dentro del peronismo, ya circula un posible esquema de candidaturas que vuelve a poner a Walter Vuoto en el centro de la estrategia electoral.<\/p>\n<p>&nbsp;<\/p>\n<p>De acuerdo con la informaci\u00f3n que comenz\u00f3 a trascender en las \u00faltimas horas, el actual intendente de Ushuaia ser\u00eda impulsado como candidato a gobernador de Tierra del Fuego, mientras que el actual gobernador Gustavo Melella ser\u00eda tentado para competir por la Intendencia de R\u00edo Grande.<\/p>\n<p>&nbsp;<\/p>\n<p>El armado se completar\u00eda con Victoria Vuoto como eventual candidata a intendenta de Ushuaia y Mat\u00edas Rodr\u00edguez \u2014el otro Mat\u00edas Rodr\u00edguez, no el dirigente que tuvo un conocido enfrentamiento amoroso que involucro a Walter Vot, Matias Rodrigue (El traicionado y fallecido) y Laura Avila, sino el de Tolhuin.<\/p>\n<p>&nbsp;<\/p>\n<p>El esquema, si finalmente se confirma, mostrar\u00eda una particular distribuci\u00f3n del poder: Vuoto buscar\u00eda dar el salto desde la Municipalidad de Ushuaia hacia la Gobernaci\u00f3n, mientras que Melella intentar\u00eda regresar al lugar desde el cual construy\u00f3 buena parte de su trayectoria pol\u00edtica<\/p>\n","protected":false},"excerpt":{"rendered":"<p>El armado de Vuoto para 2027: gobernador, intendentes y un mapa del poder peronista en Tierra del Fuego<\/p>\n","protected":false},"author":5,"featured_media":4160,"comment_status":"open","ping_status":"open","sticky":false,"template":"","format":"standard","meta":{"footnotes":""},"categories":[27,21],"tags":[],"class_list":["post-14408","post","type-post","status-publish","format-standard","has-post-thumbnail","hentry","category-politica","category-ushuaia"],"featured_image_urls":{"full":["https:\/\/opinionpublica.com.ar\/index\/wp-content\/uploads\/2024\/06\/walter-vuoto-1.jpg",900,600,false],"thumbnail":["https:\/\/opinionpublica.com.ar\/index\/wp-content\/uploads\/2024\/06\/walter-vuoto-1-150x150.jpg",150,150,true],"medium":["https:\/\/opinionpublica.com.ar\/index\/wp-content\/uploads\/2024\/06\/walter-vuoto-1-300x200.jpg",300,200,true],"medium_large":["https:\/\/opinionpublica.com.ar\/index\/wp-content\/uploads\/2024\/06\/walter-vuoto-1-768x512.jpg",640,427,true],"large":["https:\/\/opinionpublica.com.ar\/index\/wp-content\/uploads\/2024\/06\/walter-vuoto-1.jpg",640,427,false],"1536x1536":["https:\/\/opinionpublica.com.ar\/index\/wp-content\/uploads\/2024\/06\/walter-vuoto-1.jpg",900,600,false],"2048x2048":["https:\/\/opinionpublica.com.ar\/index\/wp-content\/uploads\/2024\/06\/walter-vuoto-1.jpg",900,600,false],"morenews-large":["https:\/\/opinionpublica.com.ar\/index\/wp-content\/uploads\/2024\/06\/walter-vuoto-1-825x575.jpg",825,575,true],"morenews-medium":["https:\/\/opinionpublica.com.ar\/index\/wp-content\/uploads\/2024\/06\/walter-vuoto-1-590x410.jpg",590,410,true]},"author_info":{"display_name":"Hal","author_link":"https:\/\/opinionpublica.com.ar\/index\/author\/hal\/"},"category_info":"<a href=\"https:\/\/opinionpublica.com.ar\/index\/category\/politica\/\" rel=\"category tag\">Politica<\/a> <a href=\"https:\/\/opinionpublica.com.ar\/index\/category\/ushuaia\/\" rel=\"category tag\">Ushuaia<\/a>","tag_info":"Ushuaia","comment_count":"0","_links":{"self":[{"href":"https:\/\/opinionpublica.com.ar\/index\/wp-json\/wp\/v2\/posts\/14408","targetHints":{"allow":["GET"]}}],"collection":[{"href":"https:\/\/opinionpublica.com.ar\/index\/wp-json\/wp\/v2\/posts"}],"about":[{"href":"https:\/\/opinionpublica.com.ar\/index\/wp-json\/wp\/v2\/types\/post"}],"author":[{"embeddable":true,"href":"https:\/\/opinionpublica.com.ar\/index\/wp-json\/wp\/v2\/users\/5"}],"replies":[{"embeddable":true,"href":"https:\/\/opinionpublica.com.ar\/index\/wp-json\/wp\/v2\/comments?post=14408"}],"version-history":[{"count":1,"href":"https:\/\/opinionpublica.com.ar\/index\/wp-json\/wp\/v2\/posts\/14408\/revisions"}],"predecessor-version":[{"id":14409,"href":"https:\/\/opinionpublica.com.ar\/index\/wp-json\/wp\/v2\/posts\/14408\/revisions\/14409"}],"wp:featuredmedia":[{"embeddable":true,"href":"https:\/\/opinionpublica.com.ar\/index\/wp-json\/wp\/v2\/media\/4160"}],"wp:attachment":[{"href":"https:\/\/opinionpublica.com.ar\/index\/wp-json\/wp\/v2\/media?parent=14408"}],"wp:term":[{"taxonomy":"category","embeddable":true,"href":"https:\/\/opinionpublica.com.ar\/index\/wp-json\/wp\/v2\/categories?post=14408"},{"taxonomy":"post_tag","embeddable":true,"href":"https:\/\/opinionpublica.com.ar\/index\/wp-json\/wp\/v2\/tags?post=14408"}],"curies":[{"name":"wp","href":"https:\/\/api.w.org\/{rel}","templated":true}]}}