{"id":14410,"date":"2026-08-31T09:40:53","date_gmt":"2026-08-31T12:40:53","guid":{"rendered":"https:\/\/opinionpublica.com.ar\/index\/?p=14410"},"modified":"2026-08-31T09:40:53","modified_gmt":"2026-08-31T12:40:53","slug":"segun-informe-rio-grande-perdio-1-750-habitantes-en-dos-anos-y-podria-bajar-de-los-100-mil","status":"publish","type":"post","link":"https:\/\/opinionpublica.com.ar\/index\/segun-informe-rio-grande-perdio-1-750-habitantes-en-dos-anos-y-podria-bajar-de-los-100-mil\/","title":{"rendered":"Seg\u00fan informe, R\u00edo Grande perdi\u00f3 1.750 habitantes en dos a\u00f1os y podr\u00eda bajar de los 100 mil"},"content":{"rendered":"<h3>Seg\u00fan informe, R\u00edo Grande perdi\u00f3 1.750 habitantes en dos a\u00f1os y podr\u00eda bajar de los 100 mil<\/h3>\n<p><a href=\"https:\/\/opinionpublica.com.ar\/index\/wp-content\/uploads\/2024\/08\/rio-grandejpg.webp\"><img fetchpriority=\"high\" decoding=\"async\" class=\"alignnone size-full wp-image-5153\" src=\"https:\/\/opinionpublica.com.ar\/index\/wp-content\/uploads\/2024\/08\/rio-grandejpg.webp\" alt=\"\" width=\"1200\" height=\"675\" srcset=\"https:\/\/opinionpublica.com.ar\/index\/wp-content\/uploads\/2024\/08\/rio-grandejpg.webp 1200w, https:\/\/opinionpublica.com.ar\/index\/wp-content\/uploads\/2024\/08\/rio-grandejpg-300x169.webp 300w, https:\/\/opinionpublica.com.ar\/index\/wp-content\/uploads\/2024\/08\/rio-grandejpg-1024x576.webp 1024w, https:\/\/opinionpublica.com.ar\/index\/wp-content\/uploads\/2024\/08\/rio-grandejpg-768x432.webp 768w\" sizes=\"(max-width: 1200px) 100vw, 1200px\" \/><\/a><\/p>\n<p>Un estudio de la consultora Neodelfos advierte que la ciudad registr\u00f3 una ca\u00edda poblacional del 1,7% entre 2024 y 2026 y vincula el fen\u00f3meno con el deterioro del empleo.<\/p>\n<p>Seg\u00fan sus estimaciones, la p\u00e9rdida real podr\u00eda rondar los 3.000 habitantes y alcanzar los 4.800 en 2027 si contin\u00faa la tendencia.<\/p>\n<p>&nbsp;<\/p>\n<p>La consultora Neodelfos advirti\u00f3 que R\u00edo Grande perdi\u00f3 1.750 habitantes en los \u00faltimos dos a\u00f1os en un contexto marcado por la ca\u00edda del empleo y que, si la tendencia contin\u00faa, la poblaci\u00f3n real de la ciudad podr\u00eda caer por debajo de los 100.000 habitantes en 2027.<\/p>\n<p>&nbsp;<\/p>\n<p>Seg\u00fan el informe publicado este viernes, la ciudad registr\u00f3 una ca\u00edda poblacional del 1,7% entre 2024 y 2026, mientras que la p\u00e9rdida de habitantes se aceler\u00f3 entre ambos per\u00edodos.<\/p>\n<p>En ese marco, la consultora estima que la reducci\u00f3n real podr\u00eda rondar actualmente las 3.000 personas y alcanzar las 4.800 en 2027 si contin\u00faa la tendencia.<\/p>\n<p>&nbsp;<\/p>\n<p>\u201cDurante m\u00e1s de 130 a\u00f1os, R\u00edo Grande mantuvo una tendencia de crecimiento pr\u00e1cticamente ininterrumpida. La industria y el empleo transformaron aquel asentamiento de apenas 73 habitantes registrado en 1895 en la ciudad m\u00e1s poblada de Tierra del Fuego\u201d, se\u00f1al\u00f3 la consultora.<\/p>\n","protected":false},"excerpt":{"rendered":"<p>Seg\u00fan informe, R\u00edo Grande perdi\u00f3 1.750 habitantes en dos a\u00f1os y podr\u00eda bajar de los 100 mil Un<\/p>\n","protected":false},"author":5,"featured_media":5153,"comment_status":"open","ping_status":"open","sticky":false,"template":"","format":"standard","meta":{"footnotes":""},"categories":[25],"tags":[],"class_list":["post-14410","post","type-post","status-publish","format-standard","has-post-thumbnail","hentry","category-rio-grande"],"featured_image_urls":{"full":["https:\/\/opinionpublica.com.ar\/index\/wp-content\/uploads\/2024\/08\/rio-grandejpg.webp",1200,675,false],"thumbnail":["https:\/\/opinionpublica.com.ar\/index\/wp-content\/uploads\/2024\/08\/rio-grandejpg-150x150.webp",150,150,true],"medium":["https:\/\/opinionpublica.com.ar\/index\/wp-content\/uploads\/2024\/08\/rio-grandejpg-300x169.webp",300,169,true],"medium_large":["https:\/\/opinionpublica.com.ar\/index\/wp-content\/uploads\/2024\/08\/rio-grandejpg-768x432.webp",640,360,true],"large":["https:\/\/opinionpublica.com.ar\/index\/wp-content\/uploads\/2024\/08\/rio-grandejpg-1024x576.webp",640,360,true],"1536x1536":["https:\/\/opinionpublica.com.ar\/index\/wp-content\/uploads\/2024\/08\/rio-grandejpg.webp",1200,675,false],"2048x2048":["https:\/\/opinionpublica.com.ar\/index\/wp-content\/uploads\/2024\/08\/rio-grandejpg.webp",1200,675,false],"morenews-large":["https:\/\/opinionpublica.com.ar\/index\/wp-content\/uploads\/2024\/08\/rio-grandejpg-825x575.webp",825,575,true],"morenews-medium":["https:\/\/opinionpublica.com.ar\/index\/wp-content\/uploads\/2024\/08\/rio-grandejpg-590x410.webp",590,410,true]},"author_info":{"display_name":"Hal","author_link":"https:\/\/opinionpublica.com.ar\/index\/author\/hal\/"},"category_info":"<a href=\"https:\/\/opinionpublica.com.ar\/index\/category\/rio-grande\/\" rel=\"category tag\">Rio Grande<\/a>","tag_info":"Rio Grande","comment_count":"0","_links":{"self":[{"href":"https:\/\/opinionpublica.com.ar\/index\/wp-json\/wp\/v2\/posts\/14410","targetHints":{"allow":["GET"]}}],"collection":[{"href":"https:\/\/opinionpublica.com.ar\/index\/wp-json\/wp\/v2\/posts"}],"about":[{"href":"https:\/\/opinionpublica.com.ar\/index\/wp-json\/wp\/v2\/types\/post"}],"author":[{"embeddable":true,"href":"https:\/\/opinionpublica.com.ar\/index\/wp-json\/wp\/v2\/users\/5"}],"replies":[{"embeddable":true,"href":"https:\/\/opinionpublica.com.ar\/index\/wp-json\/wp\/v2\/comments?post=14410"}],"version-history":[{"count":1,"href":"https:\/\/opinionpublica.com.ar\/index\/wp-json\/wp\/v2\/posts\/14410\/revisions"}],"predecessor-version":[{"id":14411,"href":"https:\/\/opinionpublica.com.ar\/index\/wp-json\/wp\/v2\/posts\/14410\/revisions\/14411"}],"wp:featuredmedia":[{"embeddable":true,"href":"https:\/\/opinionpublica.com.ar\/index\/wp-json\/wp\/v2\/media\/5153"}],"wp:attachment":[{"href":"https:\/\/opinionpublica.com.ar\/index\/wp-json\/wp\/v2\/media?parent=14410"}],"wp:term":[{"taxonomy":"category","embeddable":true,"href":"https:\/\/opinionpublica.com.ar\/index\/wp-json\/wp\/v2\/categories?post=14410"},{"taxonomy":"post_tag","embeddable":true,"href":"https:\/\/opinionpublica.com.ar\/index\/wp-json\/wp\/v2\/tags?post=14410"}],"curies":[{"name":"wp","href":"https:\/\/api.w.org\/{rel}","templated":true}]}}