{"id":14412,"date":"2026-08-31T09:48:55","date_gmt":"2026-08-31T12:48:55","guid":{"rendered":"https:\/\/opinionpublica.com.ar\/index\/?p=14412"},"modified":"2026-08-31T09:48:55","modified_gmt":"2026-08-31T12:48:55","slug":"osef-proyecta-deficit-por-17-641-millones","status":"publish","type":"post","link":"https:\/\/opinionpublica.com.ar\/index\/osef-proyecta-deficit-por-17-641-millones\/","title":{"rendered":"OSEF proyecta d\u00e9ficit por $17.641 millones"},"content":{"rendered":"<h3>OSEF proyecta d\u00e9ficit por $17.641 millones<\/h3>\n<p><a href=\"https:\/\/opinionpublica.com.ar\/index\/wp-content\/uploads\/2024\/03\/OSEF-RG-2-1200x480-1.jpg\"><img fetchpriority=\"high\" decoding=\"async\" class=\"alignnone size-full wp-image-985\" src=\"https:\/\/opinionpublica.com.ar\/index\/wp-content\/uploads\/2024\/03\/OSEF-RG-2-1200x480-1.jpg\" alt=\"\" width=\"1200\" height=\"480\" srcset=\"https:\/\/opinionpublica.com.ar\/index\/wp-content\/uploads\/2024\/03\/OSEF-RG-2-1200x480-1.jpg 1200w, https:\/\/opinionpublica.com.ar\/index\/wp-content\/uploads\/2024\/03\/OSEF-RG-2-1200x480-1-300x120.jpg 300w, https:\/\/opinionpublica.com.ar\/index\/wp-content\/uploads\/2024\/03\/OSEF-RG-2-1200x480-1-1024x410.jpg 1024w, https:\/\/opinionpublica.com.ar\/index\/wp-content\/uploads\/2024\/03\/OSEF-RG-2-1200x480-1-768x307.jpg 768w\" sizes=\"(max-width: 1200px) 100vw, 1200px\" \/><\/a><\/p>\n<p>Para el pr\u00f3ximo se prev\u00e9n ingresos corrientes por $211.459 millones frente a gastos por $248.443 millones. Incluso despu\u00e9s de recibir $21.241 millones en contribuciones figurativas, quedar\u00e1 un desequilibrio de $17.641 millones que deber\u00e1 cubrir mediante la disminuci\u00f3n de activos financieros.<\/p>\n<p>&nbsp;<\/p>\n<p>El presupuesto 2027 de la Obra Social del Estado Fueguino (OSEF) muestra que los recursos que el organismo proyecta generar durante el ejercicio no alcanzar\u00e1n para cubrir sus gastos corrientes.<\/p>\n<p>&nbsp;<\/p>\n<p>El esquema de Ahorro-Inversi\u00f3n-Financiamiento estima ingresos corrientes por $211.459,4 millones y gastos por $248.443,7 millones.<\/p>\n<p>&nbsp;<\/p>\n<p>La diferencia alcanza los $36.984,3 millones y representa un desahorro corriente, ya que OSEF proyecta gastar en su funcionamiento ordinario alrededor de un 17,5% m\u00e1s de lo que obtendr\u00e1 mediante sus ingresos corrientes.<\/p>\n<p>&nbsp;<\/p>\n<p>La principal fuente de recursos ser\u00e1n las contribuciones a la seguridad social, con $155.956,9 millones, equivalentes al 73,75% de los ingresos. De ese total, $113.074,7 millones corresponden a las contribuciones patronales, y los $42.882,2 millones restantes a aportes personales. Otros $55.502,5 millones provendr\u00e1n de ventas de bienes y servicios.<\/p>\n<p>&nbsp;<\/p>\n<p>Del lado de las erogaciones, los servicios no personales demandar\u00e1n $105.948,3 millones y los bienes de consumo otros $80.885,1 millones. Entre ambos concentran alrededor del 75% del gasto corriente. Las remuneraciones de las 250 plantas presupuestadas (50 de Planta Pol\u00edtica y 200 de Planta Permanente) representan $16.972 millones, apenas el 6,83%.<\/p>\n<p>&nbsp;<\/p>\n<p>Al desahorro corriente se suman $1.897,9 millones destinados a inversi\u00f3n real directa. Como no se proyectan recursos de capital, el resultado financiero antes de las contribuciones figurativas arroja un rojo de $38.882,3 millones.<\/p>\n<p>&nbsp;<\/p>\n<p>Para reducir esa brecha, el presupuesto incorpora $21.241,3 millones de contribuciones figurativas, provenientes de transferencias dentro del propio sector p\u00fablico. Aun as\u00ed, permanece una necesidad de financiamiento de $17.641 millones.<\/p>\n<p>&nbsp;<\/p>\n<p>Ese monto aparece como una \u201cfuente financiera\u201d proveniente \u00edntegramente de la disminuci\u00f3n de activos financieros. Es decir, OSEF deber\u00e1 recurrir a disponibilidades o activos acumulados para completar el financiamiento previsto, sin proyectar nuevo endeudamiento p\u00fablico.<\/p>\n<p>&nbsp;<\/p>\n<p>De esta manera, el presupuesto consigue cerrar contablemente con resultado financiero neto cero, pero no porque los ingresos ordinarios sean suficientes: el equilibrio se alcanza mediante aportes del sector p\u00fablico y el uso de activos financieros.<\/p>\n<p>&nbsp;<\/p>\n<p>El presupuesto fue elaborado sobre \u201cbase devengado\u201d, lo que implica que los gastos se registran cuando nace la obligaci\u00f3n de pagarlos y no cuando efectivamente se realiza el desembolso. As\u00ed, una prestaci\u00f3n realizada en 2027 corresponde a ese ejercicio, aunque termine pag\u00e1ndose en 2028.<\/p>\n<p>&nbsp;<\/p>\n<p>Este criterio permite reflejar con mayor precisi\u00f3n las obligaciones generadas durante el a\u00f1o y evita que una postergaci\u00f3n de pagos reduzca artificialmente el gasto registrado.<\/p>\n<p>&nbsp;<\/p>\n<p>El presupuesto no permite determinar por s\u00ed solo si OSEF tendr\u00e1 problemas de caja durante 2027, ya que para eso ser\u00eda necesario conocer sus disponibilidades, activos financieros y deudas acumuladas, pero s\u00ed muestra una debilidad estructural. Los ingresos ordinarios previstos no alcanzan para sostener los gastos proyectados.<\/p>\n","protected":false},"excerpt":{"rendered":"<p>OSEF proyecta d\u00e9ficit por $17.641 millones Para el pr\u00f3ximo se prev\u00e9n ingresos corrientes por $211.459 millones frente a<\/p>\n","protected":false},"author":5,"featured_media":985,"comment_status":"open","ping_status":"open","sticky":false,"template":"","format":"standard","meta":{"footnotes":""},"categories":[2],"tags":[],"class_list":["post-14412","post","type-post","status-publish","format-standard","has-post-thumbnail","hentry","category-tierra-del-fuego"],"featured_image_urls":{"full":["https:\/\/opinionpublica.com.ar\/index\/wp-content\/uploads\/2024\/03\/OSEF-RG-2-1200x480-1.jpg",1200,480,false],"thumbnail":["https:\/\/opinionpublica.com.ar\/index\/wp-content\/uploads\/2024\/03\/OSEF-RG-2-1200x480-1-150x150.jpg",150,150,true],"medium":["https:\/\/opinionpublica.com.ar\/index\/wp-content\/uploads\/2024\/03\/OSEF-RG-2-1200x480-1-300x120.jpg",300,120,true],"medium_large":["https:\/\/opinionpublica.com.ar\/index\/wp-content\/uploads\/2024\/03\/OSEF-RG-2-1200x480-1-768x307.jpg",640,256,true],"large":["https:\/\/opinionpublica.com.ar\/index\/wp-content\/uploads\/2024\/03\/OSEF-RG-2-1200x480-1-1024x410.jpg",640,256,true],"1536x1536":["https:\/\/opinionpublica.com.ar\/index\/wp-content\/uploads\/2024\/03\/OSEF-RG-2-1200x480-1.jpg",1200,480,false],"2048x2048":["https:\/\/opinionpublica.com.ar\/index\/wp-content\/uploads\/2024\/03\/OSEF-RG-2-1200x480-1.jpg",1200,480,false],"morenews-large":["https:\/\/opinionpublica.com.ar\/index\/wp-content\/uploads\/2024\/03\/OSEF-RG-2-1200x480-1-825x480.jpg",825,480,true],"morenews-medium":["https:\/\/opinionpublica.com.ar\/index\/wp-content\/uploads\/2024\/03\/OSEF-RG-2-1200x480-1-590x410.jpg",590,410,true]},"author_info":{"display_name":"Hal","author_link":"https:\/\/opinionpublica.com.ar\/index\/author\/hal\/"},"category_info":"<a href=\"https:\/\/opinionpublica.com.ar\/index\/category\/tierra-del-fuego\/\" rel=\"category tag\">Tierra del Fuego<\/a>","tag_info":"Tierra del Fuego","comment_count":"0","_links":{"self":[{"href":"https:\/\/opinionpublica.com.ar\/index\/wp-json\/wp\/v2\/posts\/14412","targetHints":{"allow":["GET"]}}],"collection":[{"href":"https:\/\/opinionpublica.com.ar\/index\/wp-json\/wp\/v2\/posts"}],"about":[{"href":"https:\/\/opinionpublica.com.ar\/index\/wp-json\/wp\/v2\/types\/post"}],"author":[{"embeddable":true,"href":"https:\/\/opinionpublica.com.ar\/index\/wp-json\/wp\/v2\/users\/5"}],"replies":[{"embeddable":true,"href":"https:\/\/opinionpublica.com.ar\/index\/wp-json\/wp\/v2\/comments?post=14412"}],"version-history":[{"count":1,"href":"https:\/\/opinionpublica.com.ar\/index\/wp-json\/wp\/v2\/posts\/14412\/revisions"}],"predecessor-version":[{"id":14413,"href":"https:\/\/opinionpublica.com.ar\/index\/wp-json\/wp\/v2\/posts\/14412\/revisions\/14413"}],"wp:featuredmedia":[{"embeddable":true,"href":"https:\/\/opinionpublica.com.ar\/index\/wp-json\/wp\/v2\/media\/985"}],"wp:attachment":[{"href":"https:\/\/opinionpublica.com.ar\/index\/wp-json\/wp\/v2\/media?parent=14412"}],"wp:term":[{"taxonomy":"category","embeddable":true,"href":"https:\/\/opinionpublica.com.ar\/index\/wp-json\/wp\/v2\/categories?post=14412"},{"taxonomy":"post_tag","embeddable":true,"href":"https:\/\/opinionpublica.com.ar\/index\/wp-json\/wp\/v2\/tags?post=14412"}],"curies":[{"name":"wp","href":"https:\/\/api.w.org\/{rel}","templated":true}]}}