{"id":14416,"date":"2026-08-31T10:05:56","date_gmt":"2026-08-31T13:05:56","guid":{"rendered":"https:\/\/opinionpublica.com.ar\/index\/?p=14416"},"modified":"2026-08-31T10:05:56","modified_gmt":"2026-08-31T13:05:56","slug":"crecen-las-exportaciones-argentinas-a-la-union-europea","status":"publish","type":"post","link":"https:\/\/opinionpublica.com.ar\/index\/crecen-las-exportaciones-argentinas-a-la-union-europea\/","title":{"rendered":"Crecen las exportaciones argentinas a la Uni\u00f3n Europea"},"content":{"rendered":"<h3>Crecen las exportaciones argentinas a la Uni\u00f3n Europea<\/h3>\n<p>Las exportaciones de la Argentina hacia la Uni\u00f3n Europea aumentaron un 19% en los primeros siete meses del a\u00f1o, sumando un total de US$5.191 millones, seg\u00fan un informe de la Bolsa de Comercio de Rosario.<\/p>\n<p><a href=\"https:\/\/opinionpublica.com.ar\/index\/wp-content\/uploads\/2024\/10\/Revista-Puerto-Comercio-exterior-El-Gobierno-dejo-sin-efecto-los-valores-de-referencia-de-exportacion-img-02-puerto.jpg\"><img fetchpriority=\"high\" decoding=\"async\" class=\"alignnone size-full wp-image-6560\" src=\"https:\/\/opinionpublica.com.ar\/index\/wp-content\/uploads\/2024\/10\/Revista-Puerto-Comercio-exterior-El-Gobierno-dejo-sin-efecto-los-valores-de-referencia-de-exportacion-img-02-puerto.jpg\" alt=\"\" width=\"760\" height=\"507\" srcset=\"https:\/\/opinionpublica.com.ar\/index\/wp-content\/uploads\/2024\/10\/Revista-Puerto-Comercio-exterior-El-Gobierno-dejo-sin-efecto-los-valores-de-referencia-de-exportacion-img-02-puerto.jpg 760w, https:\/\/opinionpublica.com.ar\/index\/wp-content\/uploads\/2024\/10\/Revista-Puerto-Comercio-exterior-El-Gobierno-dejo-sin-efecto-los-valores-de-referencia-de-exportacion-img-02-puerto-300x200.jpg 300w\" sizes=\"(max-width: 760px) 100vw, 760px\" \/><\/a><\/p>\n<p>El reporte precis\u00f3 que los env\u00edos a las 31 naciones que conforman el bloque europeo entre enero y julio sumaron US$861 millones m\u00e1s que los realizados en el mismo periodo del a\u00f1o pasado (US$4.365 millones), lo que representa el tercer mayor nivel exportador de los \u00faltimos 14 a\u00f1os y el m\u00e1s alto desde 2022.<\/p>\n<p>&nbsp;<\/p>\n<p>El crecimiento se enmarca en la puesta en marcha del acuerdo comercial entre el Mercosur y la Uni\u00f3n Europea, que entr\u00f3 en vigencia el pasado 1 de mayo, estableciendo la liberaci\u00f3n arancelaria del 100% para los bienes industriales y del 82% para los productos agr\u00edcolas que ingresan al mercado europeo.<\/p>\n<p>&nbsp;<\/p>\n<p>El informe expuso que el impacto de las nuevas condiciones comerciales se evidenci\u00f3 con mayor fuerza en el trimestre mayo-julio de 2026, per\u00edodo que coincide exactamente con el inicio de la vigencia del acuerdo.<\/p>\n<p>&nbsp;<\/p>\n<p>Durante estos tres meses, las exportaciones con destino europeo ascendieron a US$2.476 millones, un 13,1% m\u00e1s en valor que en el mismo per\u00edodo de 2025, convirti\u00e9ndose en el mejor trimestre de exportaciones desde 2022.<\/p>\n<p>&nbsp;<\/p>\n<p>El dinamismo exportador argentino se refleja en el alto nivel de aprovechamiento de los cupos arancelarios abiertos por el tratado. Al 29 de julio de este a\u00f1o, los exportadores locales ya hab\u00edan completado la totalidad del cupo de huevos y pr\u00e1cticamente todo el de alb\u00famina de huevo.<\/p>\n<p>&nbsp;<\/p>\n<p>Asimismo, Argentina abastece en la actualidad m\u00e1s del 70% del cupo de miel, m\u00e1s de la mitad del etanol y m\u00e1s de un tercio del arroz otorgado al bloque.<\/p>\n<p>&nbsp;<\/p>\n<p>En el segmento de las carnes, el pa\u00eds cubre casi un tercio del cupo de carne bovina fresca y el 7% de la congelada.<\/p>\n<p>&nbsp;<\/p>\n<p>Entre los sectores con mejor desempe\u00f1o inmediato se destaca el de la miel, cuyas exportaciones superaron en un 88,4% el promedio de los \u00faltimos cinco a\u00f1os.<\/p>\n<p>&nbsp;<\/p>\n<p>Este salto responde al beneficio introducido por el acuerdo, que contempla un arancel del 0% intra-cuota para un contingente que alcanzar\u00e1 progresivamente las 45.000 toneladas.<\/p>\n<p>&nbsp;<\/p>\n<p>Por el lado del complejo pesquero, la merluza obtuvo una mejora inmediata de competitividad debido a la eliminaci\u00f3n de aranceles de importaci\u00f3n que oscilaban entre el 8% y el 15%.<\/p>\n<p>&nbsp;<\/p>\n<p>Para los langostinos, el beneficio arancelario ser\u00e1 progresivo mediante un cronograma de desgravaci\u00f3n de hasta 5 a\u00f1os, aunque ya durante 2026 se aplic\u00f3 una reducci\u00f3n inicial del 20% sobre el arancel base.<\/p>\n<p>&nbsp;<\/p>\n<p>El sector ganadero es otro de los grandes beneficiados iniciales. Las exportaciones de carne vacuna realizadas dentro de la hist\u00f3rica cuota Hilton dejaron de pagar arancel del 20% para ingresar libres de derechos.<\/p>\n<p>&nbsp;<\/p>\n<p>En paralelo, el acuerdo incorpor\u00f3 cupos adicionales para carne fresca (6.050 toneladas) y congelada (4.950 toneladas) con un arancel preferencial intra-cuota del 7,5% para el Mercosur.<\/p>\n<p>&nbsp;<\/p>\n<p>Por otra parte, el reporte de la BCR puntualiz\u00f3 que productos como los limones, el tabaco y la lana peinada avanzan bajo esquemas de desgravaci\u00f3n gradual con mejoras arancelarias m\u00e1s moderadas para este primer a\u00f1o.<\/p>\n<p>&nbsp;<\/p>\n<p>El sector de los biocombustibles mostr\u00f3 se\u00f1ales sumamente positivas con la reactivaci\u00f3n de los embarques de biodi\u00e9sel hacia Europa en junio y julio, generando negocios por m\u00e1s de US$110 millones.<\/p>\n<p>&nbsp;<\/p>\n<p>El informe remarc\u00f3 que ese repunte estuvo favorecido por la cancelaci\u00f3n de la propuesta europea que pretend\u00eda clasificar a la soja como un cultivo de alto riesgo de cambio de suelo (ILUC), una medida regulatoria que tambi\u00e9n beneficia directamente a las ventas de harina de soja, al petr\u00f3leo crudo y al complejo manicero.<\/p>\n<p>&nbsp;<\/p>\n<p>A pesar del fuerte impacto regulatorio del acuerdo sobre los m\u00e1rgenes de ganancia de las empresas exportadoras, la BCR advierte que el devenir de los precios internacionales, la demanda del bloque europeo, la estacionalidad y el ritmo de producci\u00f3n local continuar\u00e1n siendo determinantes para el \u00e9xito a largo plazo de la alianza comercial. (Noticias Argentinas)<\/p>\n","protected":false},"excerpt":{"rendered":"<p>Crecen las exportaciones argentinas a la Uni\u00f3n Europea Las exportaciones de la Argentina hacia la Uni\u00f3n Europea aumentaron<\/p>\n","protected":false},"author":5,"featured_media":6560,"comment_status":"open","ping_status":"open","sticky":false,"template":"","format":"standard","meta":{"footnotes":""},"categories":[3],"tags":[],"class_list":["post-14416","post","type-post","status-publish","format-standard","has-post-thumbnail","hentry","category-nacionales"],"featured_image_urls":{"full":["https:\/\/opinionpublica.com.ar\/index\/wp-content\/uploads\/2024\/10\/Revista-Puerto-Comercio-exterior-El-Gobierno-dejo-sin-efecto-los-valores-de-referencia-de-exportacion-img-02-puerto.jpg",760,507,false],"thumbnail":["https:\/\/opinionpublica.com.ar\/index\/wp-content\/uploads\/2024\/10\/Revista-Puerto-Comercio-exterior-El-Gobierno-dejo-sin-efecto-los-valores-de-referencia-de-exportacion-img-02-puerto-150x150.jpg",150,150,true],"medium":["https:\/\/opinionpublica.com.ar\/index\/wp-content\/uploads\/2024\/10\/Revista-Puerto-Comercio-exterior-El-Gobierno-dejo-sin-efecto-los-valores-de-referencia-de-exportacion-img-02-puerto-300x200.jpg",300,200,true],"medium_large":["https:\/\/opinionpublica.com.ar\/index\/wp-content\/uploads\/2024\/10\/Revista-Puerto-Comercio-exterior-El-Gobierno-dejo-sin-efecto-los-valores-de-referencia-de-exportacion-img-02-puerto.jpg",640,427,false],"large":["https:\/\/opinionpublica.com.ar\/index\/wp-content\/uploads\/2024\/10\/Revista-Puerto-Comercio-exterior-El-Gobierno-dejo-sin-efecto-los-valores-de-referencia-de-exportacion-img-02-puerto.jpg",640,427,false],"1536x1536":["https:\/\/opinionpublica.com.ar\/index\/wp-content\/uploads\/2024\/10\/Revista-Puerto-Comercio-exterior-El-Gobierno-dejo-sin-efecto-los-valores-de-referencia-de-exportacion-img-02-puerto.jpg",760,507,false],"2048x2048":["https:\/\/opinionpublica.com.ar\/index\/wp-content\/uploads\/2024\/10\/Revista-Puerto-Comercio-exterior-El-Gobierno-dejo-sin-efecto-los-valores-de-referencia-de-exportacion-img-02-puerto.jpg",760,507,false],"morenews-large":["https:\/\/opinionpublica.com.ar\/index\/wp-content\/uploads\/2024\/10\/Revista-Puerto-Comercio-exterior-El-Gobierno-dejo-sin-efecto-los-valores-de-referencia-de-exportacion-img-02-puerto.jpg",760,507,false],"morenews-medium":["https:\/\/opinionpublica.com.ar\/index\/wp-content\/uploads\/2024\/10\/Revista-Puerto-Comercio-exterior-El-Gobierno-dejo-sin-efecto-los-valores-de-referencia-de-exportacion-img-02-puerto-590x410.jpg",590,410,true]},"author_info":{"display_name":"Hal","author_link":"https:\/\/opinionpublica.com.ar\/index\/author\/hal\/"},"category_info":"<a href=\"https:\/\/opinionpublica.com.ar\/index\/category\/nacionales\/\" rel=\"category tag\">Nacionales<\/a>","tag_info":"Nacionales","comment_count":"0","_links":{"self":[{"href":"https:\/\/opinionpublica.com.ar\/index\/wp-json\/wp\/v2\/posts\/14416","targetHints":{"allow":["GET"]}}],"collection":[{"href":"https:\/\/opinionpublica.com.ar\/index\/wp-json\/wp\/v2\/posts"}],"about":[{"href":"https:\/\/opinionpublica.com.ar\/index\/wp-json\/wp\/v2\/types\/post"}],"author":[{"embeddable":true,"href":"https:\/\/opinionpublica.com.ar\/index\/wp-json\/wp\/v2\/users\/5"}],"replies":[{"embeddable":true,"href":"https:\/\/opinionpublica.com.ar\/index\/wp-json\/wp\/v2\/comments?post=14416"}],"version-history":[{"count":1,"href":"https:\/\/opinionpublica.com.ar\/index\/wp-json\/wp\/v2\/posts\/14416\/revisions"}],"predecessor-version":[{"id":14417,"href":"https:\/\/opinionpublica.com.ar\/index\/wp-json\/wp\/v2\/posts\/14416\/revisions\/14417"}],"wp:featuredmedia":[{"embeddable":true,"href":"https:\/\/opinionpublica.com.ar\/index\/wp-json\/wp\/v2\/media\/6560"}],"wp:attachment":[{"href":"https:\/\/opinionpublica.com.ar\/index\/wp-json\/wp\/v2\/media?parent=14416"}],"wp:term":[{"taxonomy":"category","embeddable":true,"href":"https:\/\/opinionpublica.com.ar\/index\/wp-json\/wp\/v2\/categories?post=14416"},{"taxonomy":"post_tag","embeddable":true,"href":"https:\/\/opinionpublica.com.ar\/index\/wp-json\/wp\/v2\/tags?post=14416"}],"curies":[{"name":"wp","href":"https:\/\/api.w.org\/{rel}","templated":true}]}}