{"id":14418,"date":"2026-09-01T11:03:53","date_gmt":"2026-09-01T14:03:53","guid":{"rendered":"https:\/\/opinionpublica.com.ar\/index\/?p=14418"},"modified":"2026-09-01T11:03:53","modified_gmt":"2026-09-01T14:03:53","slug":"pauli-lo-que-hace-catena-es-criminal","status":"publish","type":"post","link":"https:\/\/opinionpublica.com.ar\/index\/pauli-lo-que-hace-catena-es-criminal\/","title":{"rendered":"Pauli: Lo que hace Catena es criminal"},"content":{"rendered":"<h3>Pauli: \u00a8Lo que hace Catena es criminal\u00a8<\/h3>\n<p><a href=\"https:\/\/opinionpublica.com.ar\/index\/wp-content\/uploads\/2026\/05\/santiago-pauli-1824525.jpg\"><img fetchpriority=\"high\" decoding=\"async\" class=\"alignnone size-full wp-image-13651\" src=\"https:\/\/opinionpublica.com.ar\/index\/wp-content\/uploads\/2026\/05\/santiago-pauli-1824525.jpg\" alt=\"\" width=\"900\" height=\"900\" srcset=\"https:\/\/opinionpublica.com.ar\/index\/wp-content\/uploads\/2026\/05\/santiago-pauli-1824525.jpg 900w, https:\/\/opinionpublica.com.ar\/index\/wp-content\/uploads\/2026\/05\/santiago-pauli-1824525-300x300.jpg 300w, https:\/\/opinionpublica.com.ar\/index\/wp-content\/uploads\/2026\/05\/santiago-pauli-1824525-150x150.jpg 150w, https:\/\/opinionpublica.com.ar\/index\/wp-content\/uploads\/2026\/05\/santiago-pauli-1824525-768x768.jpg 768w\" sizes=\"(max-width: 900px) 100vw, 900px\" \/><\/a><\/p>\n<p>El diputado nacional de La Libertad Avanza Santiago Pauli lanz\u00f3 una dur\u00edsima acusaci\u00f3n contra el secretario general del SUTEF, Horacio Catena, a quien responsabiliz\u00f3 por las consecuencias de las medidas de fuerza sobre la educaci\u00f3n fueguina.<\/p>\n<p>Respald\u00f3 declarar esencial el servicio educativo y, adem\u00e1s, se pronunci\u00f3 sobre la intervenci\u00f3n del Puerto de Ushuaia, la venta de tierras nacionales, la reforma del Banco Central, la agenda de Seguridad y las candidaturas de 2027.<\/p>\n<p>&nbsp;<\/p>\n<p>Directo: \u201cLo que hace Catena es criminal\u201d. Con esa definici\u00f3n, Santiago Pauli sintetiz\u00f3 su posici\u00f3n frente al prolongado conflicto docente en Tierra del Fuego y apunt\u00f3 directamente contra el secretario general del SUTEF por la reiteraci\u00f3n de medidas de fuerza que afectan el dictado de clases.<\/p>\n<p>&nbsp;<\/p>\n<p>El diputado nacional por La Libertad Avanza reconoci\u00f3 que existe una discusi\u00f3n salarial leg\u00edtima y que el Gobierno provincial tiene responsabilidades sobre las condiciones del sistema educativo.<\/p>\n<p>Sin embargo, traz\u00f3 un l\u00edmite cuando los reclamos derivan en la p\u00e9rdida sistem\u00e1tica de jornadas escolares. \u201c\u00bfEs v\u00e1lida la discusi\u00f3n salarial? Es completamente v\u00e1lida. \u00bfEs v\u00e1lido que en Tierra del Fuego los chicos no tengan clases? No, no es v\u00e1lido\u201d, sostuvo.<\/p>\n<p>&nbsp;<\/p>\n","protected":false},"excerpt":{"rendered":"<p>Pauli: \u00a8Lo que hace Catena es criminal\u00a8 El diputado nacional de La Libertad Avanza Santiago Pauli lanz\u00f3 una<\/p>\n","protected":false},"author":5,"featured_media":13651,"comment_status":"open","ping_status":"open","sticky":false,"template":"","format":"standard","meta":{"footnotes":""},"categories":[2],"tags":[],"class_list":["post-14418","post","type-post","status-publish","format-standard","has-post-thumbnail","hentry","category-tierra-del-fuego"],"featured_image_urls":{"full":["https:\/\/opinionpublica.com.ar\/index\/wp-content\/uploads\/2026\/05\/santiago-pauli-1824525.jpg",900,900,false],"thumbnail":["https:\/\/opinionpublica.com.ar\/index\/wp-content\/uploads\/2026\/05\/santiago-pauli-1824525-150x150.jpg",150,150,true],"medium":["https:\/\/opinionpublica.com.ar\/index\/wp-content\/uploads\/2026\/05\/santiago-pauli-1824525-300x300.jpg",300,300,true],"medium_large":["https:\/\/opinionpublica.com.ar\/index\/wp-content\/uploads\/2026\/05\/santiago-pauli-1824525-768x768.jpg",640,640,true],"large":["https:\/\/opinionpublica.com.ar\/index\/wp-content\/uploads\/2026\/05\/santiago-pauli-1824525.jpg",640,640,false],"1536x1536":["https:\/\/opinionpublica.com.ar\/index\/wp-content\/uploads\/2026\/05\/santiago-pauli-1824525.jpg",900,900,false],"2048x2048":["https:\/\/opinionpublica.com.ar\/index\/wp-content\/uploads\/2026\/05\/santiago-pauli-1824525.jpg",900,900,false],"morenews-large":["https:\/\/opinionpublica.com.ar\/index\/wp-content\/uploads\/2026\/05\/santiago-pauli-1824525-825x575.jpg",825,575,true],"morenews-medium":["https:\/\/opinionpublica.com.ar\/index\/wp-content\/uploads\/2026\/05\/santiago-pauli-1824525-590x410.jpg",590,410,true]},"author_info":{"display_name":"Hal","author_link":"https:\/\/opinionpublica.com.ar\/index\/author\/hal\/"},"category_info":"<a href=\"https:\/\/opinionpublica.com.ar\/index\/category\/tierra-del-fuego\/\" rel=\"category tag\">Tierra del Fuego<\/a>","tag_info":"Tierra del Fuego","comment_count":"0","_links":{"self":[{"href":"https:\/\/opinionpublica.com.ar\/index\/wp-json\/wp\/v2\/posts\/14418","targetHints":{"allow":["GET"]}}],"collection":[{"href":"https:\/\/opinionpublica.com.ar\/index\/wp-json\/wp\/v2\/posts"}],"about":[{"href":"https:\/\/opinionpublica.com.ar\/index\/wp-json\/wp\/v2\/types\/post"}],"author":[{"embeddable":true,"href":"https:\/\/opinionpublica.com.ar\/index\/wp-json\/wp\/v2\/users\/5"}],"replies":[{"embeddable":true,"href":"https:\/\/opinionpublica.com.ar\/index\/wp-json\/wp\/v2\/comments?post=14418"}],"version-history":[{"count":1,"href":"https:\/\/opinionpublica.com.ar\/index\/wp-json\/wp\/v2\/posts\/14418\/revisions"}],"predecessor-version":[{"id":14419,"href":"https:\/\/opinionpublica.com.ar\/index\/wp-json\/wp\/v2\/posts\/14418\/revisions\/14419"}],"wp:featuredmedia":[{"embeddable":true,"href":"https:\/\/opinionpublica.com.ar\/index\/wp-json\/wp\/v2\/media\/13651"}],"wp:attachment":[{"href":"https:\/\/opinionpublica.com.ar\/index\/wp-json\/wp\/v2\/media?parent=14418"}],"wp:term":[{"taxonomy":"category","embeddable":true,"href":"https:\/\/opinionpublica.com.ar\/index\/wp-json\/wp\/v2\/categories?post=14418"},{"taxonomy":"post_tag","embeddable":true,"href":"https:\/\/opinionpublica.com.ar\/index\/wp-json\/wp\/v2\/tags?post=14418"}],"curies":[{"name":"wp","href":"https:\/\/api.w.org\/{rel}","templated":true}]}}