{"id":14423,"date":"2026-09-01T11:10:48","date_gmt":"2026-09-01T14:10:48","guid":{"rendered":"https:\/\/opinionpublica.com.ar\/index\/?p=14423"},"modified":"2026-09-01T11:10:48","modified_gmt":"2026-09-01T14:10:48","slug":"tolhuin-amplio-un-65-su-produccion-de-agua-potable","status":"publish","type":"post","link":"https:\/\/opinionpublica.com.ar\/index\/tolhuin-amplio-un-65-su-produccion-de-agua-potable\/","title":{"rendered":"Tolhuin ampli\u00f3 un 65% su producci\u00f3n de agua potable"},"content":{"rendered":"<h3>Tolhuin ampli\u00f3 un 65% su producci\u00f3n de agua potable<\/h3>\n<p><a href=\"https:\/\/opinionpublica.com.ar\/index\/wp-content\/uploads\/2026\/09\/20260831091656126e60a59ac48d54b0c5e7f97ce9f41d_min.jpg\"><img fetchpriority=\"high\" decoding=\"async\" class=\"alignnone size-full wp-image-14420\" src=\"https:\/\/opinionpublica.com.ar\/index\/wp-content\/uploads\/2026\/09\/20260831091656126e60a59ac48d54b0c5e7f97ce9f41d_min.jpg\" alt=\"\" width=\"500\" height=\"375\" srcset=\"https:\/\/opinionpublica.com.ar\/index\/wp-content\/uploads\/2026\/09\/20260831091656126e60a59ac48d54b0c5e7f97ce9f41d_min.jpg 500w, https:\/\/opinionpublica.com.ar\/index\/wp-content\/uploads\/2026\/09\/20260831091656126e60a59ac48d54b0c5e7f97ce9f41d_min-300x225.jpg 300w\" sizes=\"(max-width: 500px) 100vw, 500px\" \/><\/a><\/p>\n<p>&nbsp;<\/p>\n<p>El gobernador Gustavo Melella encabez\u00f3 ayer en Tolhuin una reuni\u00f3n con autoridades de la Direcci\u00f3n Provincial de Obras y Servicios Sanitarios (DPOSS) para analizar las inversiones ejecutadas en la ciudad y definir acciones destinadas a ampliar el acceso de las familias a los servicios de agua potable y saneamiento.<\/p>\n<p>&nbsp;<\/p>\n<p>Del encuentro participaron el presidente de la DPOSS, Cristian Pereyra; la legisladora Gisela Dos Santos; el delegado del Gobierno provincial en Tolhuin, Federico Vel\u00e1zquez, y otros funcionarios.<\/p>\n<p>&nbsp;<\/p>\n<p>Uno de los principales datos expuestos durante la reuni\u00f3n fue el crecimiento de la capacidad de producci\u00f3n de agua potable. Seg\u00fan inform\u00f3 Pereyra, a partir de la ampliaci\u00f3n de la Planta Potabilizadora y la incorporaci\u00f3n de equipos electromec\u00e1nicos y bombas de impulsi\u00f3n, \u201cla producci\u00f3n de agua potable se increment\u00f3 en m\u00e1s de un 65% durante esta gesti\u00f3n\u201d.<\/p>\n<p>&nbsp;<\/p>\n<p>Tambi\u00e9n se registr\u00f3 una ampliaci\u00f3n de la infraestructura destinada al saneamiento. De acuerdo con los datos oficiales, Tolhuin contaba con tres estaciones de bombeo al comienzo de la actual gesti\u00f3n, en 2020, mientras que actualmente dispone de ocho.<\/p>\n<p>&nbsp;<\/p>\n<p>Otro de los problemas abordados fue la existencia de viviendas ubicadas en sectores que cuentan con redes de agua y cloacas pero que todav\u00eda no poseen una conexi\u00f3n domiciliaria formal.<\/p>\n<p>&nbsp;<\/p>\n<p>Pereyra indic\u00f3 que la DPOSS logr\u00f3 incrementar esas conexiones \u201cen m\u00e1s de un 35%\u201d, y que la planificaci\u00f3n de nuevas obras estuvo atravesada por las restricciones de financiamiento. El titular del organismo explic\u00f3 que la DPOSS busca fortalecer su capacidad operativa y adquirir equipamiento para ejecutar trabajos por administraci\u00f3n y continuar extendiendo los servicios frente a la falta de recursos provenientes del Gobierno nacional.<\/p>\n<p>&nbsp;<\/p>\n<p>Durante la reuni\u00f3n tambi\u00e9n se analizaron los beneficios contemplados en el r\u00e9gimen tarifario de la DPOSS, entre ellos las excepciones destinadas a jubilados, pensionados y personas con discapacidad que cumplan determinados requisitos de ingresos, adem\u00e1s de la tarifa social para hogares de menores recursos.<\/p>\n<p>&nbsp;<\/p>\n<p>El encuentro dej\u00f3 planteado como pr\u00f3ximo objetivo continuar ampliando las redes y conexiones en una ciudad que mantiene un sostenido crecimiento urbano, aunque no se informaron plazos, montos de inversi\u00f3n ni una estimaci\u00f3n de cu\u00e1ntas nuevas familias podr\u00edan incorporarse a los servicios de agua potable y cloacas con las pr\u00f3ximas intervenciones.<\/p>\n","protected":false},"excerpt":{"rendered":"<p>Tolhuin ampli\u00f3 un 65% su producci\u00f3n de agua potable &nbsp; El gobernador Gustavo Melella encabez\u00f3 ayer en Tolhuin<\/p>\n","protected":false},"author":5,"featured_media":14420,"comment_status":"open","ping_status":"open","sticky":false,"template":"","format":"standard","meta":{"footnotes":""},"categories":[22],"tags":[],"class_list":["post-14423","post","type-post","status-publish","format-standard","has-post-thumbnail","hentry","category-tolhuin"],"featured_image_urls":{"full":["https:\/\/opinionpublica.com.ar\/index\/wp-content\/uploads\/2026\/09\/20260831091656126e60a59ac48d54b0c5e7f97ce9f41d_min.jpg",500,375,false],"thumbnail":["https:\/\/opinionpublica.com.ar\/index\/wp-content\/uploads\/2026\/09\/20260831091656126e60a59ac48d54b0c5e7f97ce9f41d_min-150x150.jpg",150,150,true],"medium":["https:\/\/opinionpublica.com.ar\/index\/wp-content\/uploads\/2026\/09\/20260831091656126e60a59ac48d54b0c5e7f97ce9f41d_min-300x225.jpg",300,225,true],"medium_large":["https:\/\/opinionpublica.com.ar\/index\/wp-content\/uploads\/2026\/09\/20260831091656126e60a59ac48d54b0c5e7f97ce9f41d_min.jpg",500,375,false],"large":["https:\/\/opinionpublica.com.ar\/index\/wp-content\/uploads\/2026\/09\/20260831091656126e60a59ac48d54b0c5e7f97ce9f41d_min.jpg",500,375,false],"1536x1536":["https:\/\/opinionpublica.com.ar\/index\/wp-content\/uploads\/2026\/09\/20260831091656126e60a59ac48d54b0c5e7f97ce9f41d_min.jpg",500,375,false],"2048x2048":["https:\/\/opinionpublica.com.ar\/index\/wp-content\/uploads\/2026\/09\/20260831091656126e60a59ac48d54b0c5e7f97ce9f41d_min.jpg",500,375,false],"morenews-large":["https:\/\/opinionpublica.com.ar\/index\/wp-content\/uploads\/2026\/09\/20260831091656126e60a59ac48d54b0c5e7f97ce9f41d_min.jpg",500,375,false],"morenews-medium":["https:\/\/opinionpublica.com.ar\/index\/wp-content\/uploads\/2026\/09\/20260831091656126e60a59ac48d54b0c5e7f97ce9f41d_min.jpg",500,375,false]},"author_info":{"display_name":"Hal","author_link":"https:\/\/opinionpublica.com.ar\/index\/author\/hal\/"},"category_info":"<a href=\"https:\/\/opinionpublica.com.ar\/index\/category\/tolhuin\/\" rel=\"category tag\">Tolhuin<\/a>","tag_info":"Tolhuin","comment_count":"0","_links":{"self":[{"href":"https:\/\/opinionpublica.com.ar\/index\/wp-json\/wp\/v2\/posts\/14423","targetHints":{"allow":["GET"]}}],"collection":[{"href":"https:\/\/opinionpublica.com.ar\/index\/wp-json\/wp\/v2\/posts"}],"about":[{"href":"https:\/\/opinionpublica.com.ar\/index\/wp-json\/wp\/v2\/types\/post"}],"author":[{"embeddable":true,"href":"https:\/\/opinionpublica.com.ar\/index\/wp-json\/wp\/v2\/users\/5"}],"replies":[{"embeddable":true,"href":"https:\/\/opinionpublica.com.ar\/index\/wp-json\/wp\/v2\/comments?post=14423"}],"version-history":[{"count":1,"href":"https:\/\/opinionpublica.com.ar\/index\/wp-json\/wp\/v2\/posts\/14423\/revisions"}],"predecessor-version":[{"id":14424,"href":"https:\/\/opinionpublica.com.ar\/index\/wp-json\/wp\/v2\/posts\/14423\/revisions\/14424"}],"wp:featuredmedia":[{"embeddable":true,"href":"https:\/\/opinionpublica.com.ar\/index\/wp-json\/wp\/v2\/media\/14420"}],"wp:attachment":[{"href":"https:\/\/opinionpublica.com.ar\/index\/wp-json\/wp\/v2\/media?parent=14423"}],"wp:term":[{"taxonomy":"category","embeddable":true,"href":"https:\/\/opinionpublica.com.ar\/index\/wp-json\/wp\/v2\/categories?post=14423"},{"taxonomy":"post_tag","embeddable":true,"href":"https:\/\/opinionpublica.com.ar\/index\/wp-json\/wp\/v2\/tags?post=14423"}],"curies":[{"name":"wp","href":"https:\/\/api.w.org\/{rel}","templated":true}]}}