{"id":14425,"date":"2026-09-01T11:18:25","date_gmt":"2026-09-01T14:18:25","guid":{"rendered":"https:\/\/opinionpublica.com.ar\/index\/?p=14425"},"modified":"2026-09-01T11:18:25","modified_gmt":"2026-09-01T14:18:25","slug":"donald-trump-confirmo-que-estados-unidos-revisa-su-postura-sobre-la-soberania-de-las-malvinas","status":"publish","type":"post","link":"https:\/\/opinionpublica.com.ar\/index\/donald-trump-confirmo-que-estados-unidos-revisa-su-postura-sobre-la-soberania-de-las-malvinas\/","title":{"rendered":"Donald Trump confirm\u00f3 que Estados Unidos revisa su postura sobre la soberan\u00eda de las Malvinas"},"content":{"rendered":"<h3>Donald Trump confirm\u00f3 que Estados Unidos revisa su postura sobre la soberan\u00eda de las Malvinas<\/h3>\n<p>El mandatario fue consultado este lunes en el Sal\u00f3n Oval tras la informaci\u00f3n publicada por The Telegraph y dej\u00f3 abierta la posibilidad de modificar la posici\u00f3n de Washington frente a la soberan\u00eda argentina sobre las Islas.<\/p>\n<p><a href=\"https:\/\/opinionpublica.com.ar\/index\/wp-content\/uploads\/2024\/11\/trump-ganador-discurso-elecciones-estados-unidos.jpg\"><img fetchpriority=\"high\" decoding=\"async\" class=\"alignnone size-full wp-image-6901\" src=\"https:\/\/opinionpublica.com.ar\/index\/wp-content\/uploads\/2024\/11\/trump-ganador-discurso-elecciones-estados-unidos.jpg\" alt=\"\" width=\"1280\" height=\"854\" srcset=\"https:\/\/opinionpublica.com.ar\/index\/wp-content\/uploads\/2024\/11\/trump-ganador-discurso-elecciones-estados-unidos.jpg 1280w, https:\/\/opinionpublica.com.ar\/index\/wp-content\/uploads\/2024\/11\/trump-ganador-discurso-elecciones-estados-unidos-300x200.jpg 300w, https:\/\/opinionpublica.com.ar\/index\/wp-content\/uploads\/2024\/11\/trump-ganador-discurso-elecciones-estados-unidos-1024x683.jpg 1024w, https:\/\/opinionpublica.com.ar\/index\/wp-content\/uploads\/2024\/11\/trump-ganador-discurso-elecciones-estados-unidos-768x512.jpg 768w\" sizes=\"(max-width: 1280px) 100vw, 1280px\" \/><\/a><\/p>\n<p>El presidente de los Estados Unidos, Donald Trump, confirm\u00f3 que se encuentra revisando su postura sobre las Islas Malvinas, luego de que la semana pasada trascendiera que el Pent\u00e1gono analizaba utilizar esa posici\u00f3n como herramienta de presi\u00f3n sobre el Reino Unido.<\/p>\n<p>&nbsp;<\/p>\n<p>La definici\u00f3n surgi\u00f3 este lunes durante un encuentro con periodistas en el Sal\u00f3n Oval de la Casa Blanca, donde Trump fue consultado espec\u00edficamente sobre la informaci\u00f3n publicada por el diario brit\u00e1nico The Telegraph.<\/p>\n<p>&nbsp;<\/p>\n<p>\u201c\u00bfEst\u00e1 revisando la postura de Estados Unidos sobre las Islas Malvinas?\u201d, le pregunt\u00f3 un periodista. \u201cSiempre reviso todas las posiciones. Esa es solo una de muchas\u201d, respondi\u00f3 el mandatario.<\/p>\n<p>El tema hab\u00eda cobrado relevancia despu\u00e9s de que trascendiera que funcionarios del Pent\u00e1gono evaluaban distintas alternativas para presionar a los pa\u00edses aliados a incrementar su gasto en Defensa.<\/p>\n<p>&nbsp;<\/p>\n<p>Entre las opciones analizadas aparec\u00eda la posibilidad de que Washington reconsidera su respaldo a la posici\u00f3n brit\u00e1nica sobre las Malvinas, en un intento por incentivar al Reino Unido a cumplir con los compromisos de gasto militar asumidos dentro de la OTAN.<\/p>\n","protected":false},"excerpt":{"rendered":"<p>Donald Trump confirm\u00f3 que Estados Unidos revisa su postura sobre la soberan\u00eda de las Malvinas El mandatario fue<\/p>\n","protected":false},"author":5,"featured_media":6901,"comment_status":"open","ping_status":"open","sticky":false,"template":"","format":"standard","meta":{"footnotes":""},"categories":[3],"tags":[],"class_list":["post-14425","post","type-post","status-publish","format-standard","has-post-thumbnail","hentry","category-nacionales"],"featured_image_urls":{"full":["https:\/\/opinionpublica.com.ar\/index\/wp-content\/uploads\/2024\/11\/trump-ganador-discurso-elecciones-estados-unidos.jpg",1280,854,false],"thumbnail":["https:\/\/opinionpublica.com.ar\/index\/wp-content\/uploads\/2024\/11\/trump-ganador-discurso-elecciones-estados-unidos-150x150.jpg",150,150,true],"medium":["https:\/\/opinionpublica.com.ar\/index\/wp-content\/uploads\/2024\/11\/trump-ganador-discurso-elecciones-estados-unidos-300x200.jpg",300,200,true],"medium_large":["https:\/\/opinionpublica.com.ar\/index\/wp-content\/uploads\/2024\/11\/trump-ganador-discurso-elecciones-estados-unidos-768x512.jpg",640,427,true],"large":["https:\/\/opinionpublica.com.ar\/index\/wp-content\/uploads\/2024\/11\/trump-ganador-discurso-elecciones-estados-unidos-1024x683.jpg",640,427,true],"1536x1536":["https:\/\/opinionpublica.com.ar\/index\/wp-content\/uploads\/2024\/11\/trump-ganador-discurso-elecciones-estados-unidos.jpg",1280,854,false],"2048x2048":["https:\/\/opinionpublica.com.ar\/index\/wp-content\/uploads\/2024\/11\/trump-ganador-discurso-elecciones-estados-unidos.jpg",1280,854,false],"morenews-large":["https:\/\/opinionpublica.com.ar\/index\/wp-content\/uploads\/2024\/11\/trump-ganador-discurso-elecciones-estados-unidos-825x575.jpg",825,575,true],"morenews-medium":["https:\/\/opinionpublica.com.ar\/index\/wp-content\/uploads\/2024\/11\/trump-ganador-discurso-elecciones-estados-unidos-590x410.jpg",590,410,true]},"author_info":{"display_name":"Hal","author_link":"https:\/\/opinionpublica.com.ar\/index\/author\/hal\/"},"category_info":"<a href=\"https:\/\/opinionpublica.com.ar\/index\/category\/nacionales\/\" rel=\"category tag\">Nacionales<\/a>","tag_info":"Nacionales","comment_count":"0","_links":{"self":[{"href":"https:\/\/opinionpublica.com.ar\/index\/wp-json\/wp\/v2\/posts\/14425","targetHints":{"allow":["GET"]}}],"collection":[{"href":"https:\/\/opinionpublica.com.ar\/index\/wp-json\/wp\/v2\/posts"}],"about":[{"href":"https:\/\/opinionpublica.com.ar\/index\/wp-json\/wp\/v2\/types\/post"}],"author":[{"embeddable":true,"href":"https:\/\/opinionpublica.com.ar\/index\/wp-json\/wp\/v2\/users\/5"}],"replies":[{"embeddable":true,"href":"https:\/\/opinionpublica.com.ar\/index\/wp-json\/wp\/v2\/comments?post=14425"}],"version-history":[{"count":1,"href":"https:\/\/opinionpublica.com.ar\/index\/wp-json\/wp\/v2\/posts\/14425\/revisions"}],"predecessor-version":[{"id":14426,"href":"https:\/\/opinionpublica.com.ar\/index\/wp-json\/wp\/v2\/posts\/14425\/revisions\/14426"}],"wp:featuredmedia":[{"embeddable":true,"href":"https:\/\/opinionpublica.com.ar\/index\/wp-json\/wp\/v2\/media\/6901"}],"wp:attachment":[{"href":"https:\/\/opinionpublica.com.ar\/index\/wp-json\/wp\/v2\/media?parent=14425"}],"wp:term":[{"taxonomy":"category","embeddable":true,"href":"https:\/\/opinionpublica.com.ar\/index\/wp-json\/wp\/v2\/categories?post=14425"},{"taxonomy":"post_tag","embeddable":true,"href":"https:\/\/opinionpublica.com.ar\/index\/wp-json\/wp\/v2\/tags?post=14425"}],"curies":[{"name":"wp","href":"https:\/\/api.w.org\/{rel}","templated":true}]}}