{"id":14427,"date":"2026-09-01T11:23:16","date_gmt":"2026-09-01T14:23:16","guid":{"rendered":"https:\/\/opinionpublica.com.ar\/index\/?p=14427"},"modified":"2026-09-01T11:23:16","modified_gmt":"2026-09-01T14:23:16","slug":"tierra-del-fuego-perdio-16-constructoras-en-un-ano","status":"publish","type":"post","link":"https:\/\/opinionpublica.com.ar\/index\/tierra-del-fuego-perdio-16-constructoras-en-un-ano\/","title":{"rendered":"Tierra del Fuego perdi\u00f3 16 constructoras en un a\u00f1o"},"content":{"rendered":"<h3>Tierra del Fuego perdi\u00f3 16 constructoras en un a\u00f1o<\/h3>\n<p>La cantidad de empresas registradas cay\u00f3 de 131 a 115 entre julio de 2025 y el mismo mes de este a\u00f1o, una contracci\u00f3n del 12,2%. La provincia qued\u00f3 entre las cuatro jurisdicciones del pa\u00eds con mayor retroceso en el n\u00famero de empleadores del sector.<\/p>\n<p><a href=\"https:\/\/opinionpublica.com.ar\/index\/wp-content\/uploads\/2024\/04\/uocra-obra-construccion.jpg\"><img fetchpriority=\"high\" decoding=\"async\" class=\"alignnone size-full wp-image-1442\" src=\"https:\/\/opinionpublica.com.ar\/index\/wp-content\/uploads\/2024\/04\/uocra-obra-construccion.jpg\" alt=\"\" width=\"1080\" height=\"607\" srcset=\"https:\/\/opinionpublica.com.ar\/index\/wp-content\/uploads\/2024\/04\/uocra-obra-construccion.jpg 1080w, https:\/\/opinionpublica.com.ar\/index\/wp-content\/uploads\/2024\/04\/uocra-obra-construccion-300x169.jpg 300w, https:\/\/opinionpublica.com.ar\/index\/wp-content\/uploads\/2024\/04\/uocra-obra-construccion-1024x576.jpg 1024w, https:\/\/opinionpublica.com.ar\/index\/wp-content\/uploads\/2024\/04\/uocra-obra-construccion-768x432.jpg 768w\" sizes=\"(max-width: 1080px) 100vw, 1080px\" \/><\/a><\/p>\n<p>La actividad de la construcci\u00f3n contin\u00faa mostrando se\u00f1ales negativas en Tierra del Fuego. En apenas un a\u00f1o, la provincia perdi\u00f3 16 empresas registradas y qued\u00f3 entre las cuatro jurisdicciones del pa\u00eds con mayor ca\u00edda interanual en la cantidad de empleadores del sector.<\/p>\n<p>&nbsp;<\/p>\n<p>As\u00ed surge del \u00faltimo informe de coyuntura elaborado por el Instituto de Estad\u00edstica y Registro de la Industria de la Construcci\u00f3n (IERIC), que muestra que en julio permanec\u00edan registradas 115 constructoras fueguinas, frente a las 131 contabilizadas en igual mes de 2025.<\/p>\n<p>&nbsp;<\/p>\n<p>La diferencia representa una contracci\u00f3n interanual del 12,2% y ubica a Tierra del Fuego entre las provincias con los retrocesos m\u00e1s pronunciados del pa\u00eds.<\/p>\n<p>&nbsp;<\/p>\n<p>La mayor reducci\u00f3n se produjo entre las empresas contratistas. En julio del a\u00f1o pasado hab\u00eda 126 firmas inscriptas bajo esa categor\u00eda, mientras que este a\u00f1o quedaron 111, lo que implica la desaparici\u00f3n de 15 empleadores del registro.<\/p>\n<p>&nbsp;<\/p>\n<p>Entre las subcontratistas tambi\u00e9n hubo una baja, aunque de menor magnitud: pasaron de cinco empresas registradas en julio de 2025 a cuatro en igual mes de este a\u00f1o.<\/p>\n<p>&nbsp;<\/p>\n<p>El escenario fueguino forma parte de un mapa nacional caracterizado por marcadas diferencias entre las provincias. Seg\u00fan el relevamiento del IERIC, durante julio hubo 11 jurisdicciones que consiguieron aumentar la cantidad de empleadores respecto del a\u00f1o pasado, mientras que otras 12 registraron retrocesos. Catamarca, en tanto, permaneci\u00f3 sin variaciones.<\/p>\n","protected":false},"excerpt":{"rendered":"<p>Tierra del Fuego perdi\u00f3 16 constructoras en un a\u00f1o La cantidad de empresas registradas cay\u00f3 de 131 a<\/p>\n","protected":false},"author":5,"featured_media":1442,"comment_status":"open","ping_status":"open","sticky":false,"template":"","format":"standard","meta":{"footnotes":""},"categories":[2],"tags":[],"class_list":["post-14427","post","type-post","status-publish","format-standard","has-post-thumbnail","hentry","category-tierra-del-fuego"],"featured_image_urls":{"full":["https:\/\/opinionpublica.com.ar\/index\/wp-content\/uploads\/2024\/04\/uocra-obra-construccion.jpg",1080,607,false],"thumbnail":["https:\/\/opinionpublica.com.ar\/index\/wp-content\/uploads\/2024\/04\/uocra-obra-construccion-150x150.jpg",150,150,true],"medium":["https:\/\/opinionpublica.com.ar\/index\/wp-content\/uploads\/2024\/04\/uocra-obra-construccion-300x169.jpg",300,169,true],"medium_large":["https:\/\/opinionpublica.com.ar\/index\/wp-content\/uploads\/2024\/04\/uocra-obra-construccion-768x432.jpg",640,360,true],"large":["https:\/\/opinionpublica.com.ar\/index\/wp-content\/uploads\/2024\/04\/uocra-obra-construccion-1024x576.jpg",640,360,true],"1536x1536":["https:\/\/opinionpublica.com.ar\/index\/wp-content\/uploads\/2024\/04\/uocra-obra-construccion.jpg",1080,607,false],"2048x2048":["https:\/\/opinionpublica.com.ar\/index\/wp-content\/uploads\/2024\/04\/uocra-obra-construccion.jpg",1080,607,false],"morenews-large":["https:\/\/opinionpublica.com.ar\/index\/wp-content\/uploads\/2024\/04\/uocra-obra-construccion-825x575.jpg",825,575,true],"morenews-medium":["https:\/\/opinionpublica.com.ar\/index\/wp-content\/uploads\/2024\/04\/uocra-obra-construccion-590x410.jpg",590,410,true]},"author_info":{"display_name":"Hal","author_link":"https:\/\/opinionpublica.com.ar\/index\/author\/hal\/"},"category_info":"<a href=\"https:\/\/opinionpublica.com.ar\/index\/category\/tierra-del-fuego\/\" rel=\"category tag\">Tierra del Fuego<\/a>","tag_info":"Tierra del Fuego","comment_count":"0","_links":{"self":[{"href":"https:\/\/opinionpublica.com.ar\/index\/wp-json\/wp\/v2\/posts\/14427","targetHints":{"allow":["GET"]}}],"collection":[{"href":"https:\/\/opinionpublica.com.ar\/index\/wp-json\/wp\/v2\/posts"}],"about":[{"href":"https:\/\/opinionpublica.com.ar\/index\/wp-json\/wp\/v2\/types\/post"}],"author":[{"embeddable":true,"href":"https:\/\/opinionpublica.com.ar\/index\/wp-json\/wp\/v2\/users\/5"}],"replies":[{"embeddable":true,"href":"https:\/\/opinionpublica.com.ar\/index\/wp-json\/wp\/v2\/comments?post=14427"}],"version-history":[{"count":1,"href":"https:\/\/opinionpublica.com.ar\/index\/wp-json\/wp\/v2\/posts\/14427\/revisions"}],"predecessor-version":[{"id":14428,"href":"https:\/\/opinionpublica.com.ar\/index\/wp-json\/wp\/v2\/posts\/14427\/revisions\/14428"}],"wp:featuredmedia":[{"embeddable":true,"href":"https:\/\/opinionpublica.com.ar\/index\/wp-json\/wp\/v2\/media\/1442"}],"wp:attachment":[{"href":"https:\/\/opinionpublica.com.ar\/index\/wp-json\/wp\/v2\/media?parent=14427"}],"wp:term":[{"taxonomy":"category","embeddable":true,"href":"https:\/\/opinionpublica.com.ar\/index\/wp-json\/wp\/v2\/categories?post=14427"},{"taxonomy":"post_tag","embeddable":true,"href":"https:\/\/opinionpublica.com.ar\/index\/wp-json\/wp\/v2\/tags?post=14427"}],"curies":[{"name":"wp","href":"https:\/\/api.w.org\/{rel}","templated":true}]}}