{"id":14429,"date":"2026-09-01T11:27:20","date_gmt":"2026-09-01T14:27:20","guid":{"rendered":"https:\/\/opinionpublica.com.ar\/index\/?p=14429"},"modified":"2026-09-01T11:27:20","modified_gmt":"2026-09-01T14:27:20","slug":"los-senadores-cobraran-mas-de-13-millones-a-partir-de-enero-de-2027","status":"publish","type":"post","link":"https:\/\/opinionpublica.com.ar\/index\/los-senadores-cobraran-mas-de-13-millones-a-partir-de-enero-de-2027\/","title":{"rendered":"Los senadores cobrar\u00e1n m\u00e1s de $13 millones a partir de enero de 2027"},"content":{"rendered":"<h3>Los senadores cobrar\u00e1n m\u00e1s de $13 millones a partir de enero de 2027<\/h3>\n<p><a href=\"https:\/\/opinionpublica.com.ar\/index\/wp-content\/uploads\/2024\/04\/senado.jpg\"><img fetchpriority=\"high\" decoding=\"async\" class=\"alignnone size-full wp-image-2388\" src=\"https:\/\/opinionpublica.com.ar\/index\/wp-content\/uploads\/2024\/04\/senado.jpg\" alt=\"\" width=\"1263\" height=\"707\" srcset=\"https:\/\/opinionpublica.com.ar\/index\/wp-content\/uploads\/2024\/04\/senado.jpg 1263w, https:\/\/opinionpublica.com.ar\/index\/wp-content\/uploads\/2024\/04\/senado-300x168.jpg 300w, https:\/\/opinionpublica.com.ar\/index\/wp-content\/uploads\/2024\/04\/senado-1024x573.jpg 1024w, https:\/\/opinionpublica.com.ar\/index\/wp-content\/uploads\/2024\/04\/senado-768x430.jpg 768w\" sizes=\"(max-width: 1263px) 100vw, 1263px\" \/><\/a><\/p>\n<p>Los senadores pasar\u00e1n a cobrar m\u00e1s de $13.100.000 en bruto a partir de enero de 2027 a ra\u00edz de un nuevo acuerdo entre las autoridades del Congreso y los gremios legislativos.<\/p>\n<p>&nbsp;<\/p>\n<p>Los aumentos son los mismos que el Gobierno acord\u00f3 con los empleados estatales, pero sin bono: 1,9% en septiembre, 1,8% en octubre, 1,6% en noviembre y 1,5% en diciembre, lo que da un total acumulado de 6,96%.<\/p>\n<p>&nbsp;<\/p>\n<p>En 2024 los miembros de la C\u00e1mara Alta votaron a mano alzada atar sus dietas a las de los trabajadores del Parlamento, es decir, si los empleados p\u00fablicos tienen un aumento salarial ellos tambi\u00e9n lo tienen.<\/p>\n","protected":false},"excerpt":{"rendered":"<p>Los senadores cobrar\u00e1n m\u00e1s de $13 millones a partir de enero de 2027 Los senadores pasar\u00e1n a cobrar<\/p>\n","protected":false},"author":5,"featured_media":2388,"comment_status":"open","ping_status":"open","sticky":false,"template":"","format":"standard","meta":{"footnotes":""},"categories":[3],"tags":[],"class_list":["post-14429","post","type-post","status-publish","format-standard","has-post-thumbnail","hentry","category-nacionales"],"featured_image_urls":{"full":["https:\/\/opinionpublica.com.ar\/index\/wp-content\/uploads\/2024\/04\/senado.jpg",1263,707,false],"thumbnail":["https:\/\/opinionpublica.com.ar\/index\/wp-content\/uploads\/2024\/04\/senado-150x150.jpg",150,150,true],"medium":["https:\/\/opinionpublica.com.ar\/index\/wp-content\/uploads\/2024\/04\/senado-300x168.jpg",300,168,true],"medium_large":["https:\/\/opinionpublica.com.ar\/index\/wp-content\/uploads\/2024\/04\/senado-768x430.jpg",640,358,true],"large":["https:\/\/opinionpublica.com.ar\/index\/wp-content\/uploads\/2024\/04\/senado-1024x573.jpg",640,358,true],"1536x1536":["https:\/\/opinionpublica.com.ar\/index\/wp-content\/uploads\/2024\/04\/senado.jpg",1263,707,false],"2048x2048":["https:\/\/opinionpublica.com.ar\/index\/wp-content\/uploads\/2024\/04\/senado.jpg",1263,707,false],"morenews-large":["https:\/\/opinionpublica.com.ar\/index\/wp-content\/uploads\/2024\/04\/senado-825x575.jpg",825,575,true],"morenews-medium":["https:\/\/opinionpublica.com.ar\/index\/wp-content\/uploads\/2024\/04\/senado-590x410.jpg",590,410,true]},"author_info":{"display_name":"Hal","author_link":"https:\/\/opinionpublica.com.ar\/index\/author\/hal\/"},"category_info":"<a href=\"https:\/\/opinionpublica.com.ar\/index\/category\/nacionales\/\" rel=\"category tag\">Nacionales<\/a>","tag_info":"Nacionales","comment_count":"0","_links":{"self":[{"href":"https:\/\/opinionpublica.com.ar\/index\/wp-json\/wp\/v2\/posts\/14429","targetHints":{"allow":["GET"]}}],"collection":[{"href":"https:\/\/opinionpublica.com.ar\/index\/wp-json\/wp\/v2\/posts"}],"about":[{"href":"https:\/\/opinionpublica.com.ar\/index\/wp-json\/wp\/v2\/types\/post"}],"author":[{"embeddable":true,"href":"https:\/\/opinionpublica.com.ar\/index\/wp-json\/wp\/v2\/users\/5"}],"replies":[{"embeddable":true,"href":"https:\/\/opinionpublica.com.ar\/index\/wp-json\/wp\/v2\/comments?post=14429"}],"version-history":[{"count":1,"href":"https:\/\/opinionpublica.com.ar\/index\/wp-json\/wp\/v2\/posts\/14429\/revisions"}],"predecessor-version":[{"id":14430,"href":"https:\/\/opinionpublica.com.ar\/index\/wp-json\/wp\/v2\/posts\/14429\/revisions\/14430"}],"wp:featuredmedia":[{"embeddable":true,"href":"https:\/\/opinionpublica.com.ar\/index\/wp-json\/wp\/v2\/media\/2388"}],"wp:attachment":[{"href":"https:\/\/opinionpublica.com.ar\/index\/wp-json\/wp\/v2\/media?parent=14429"}],"wp:term":[{"taxonomy":"category","embeddable":true,"href":"https:\/\/opinionpublica.com.ar\/index\/wp-json\/wp\/v2\/categories?post=14429"},{"taxonomy":"post_tag","embeddable":true,"href":"https:\/\/opinionpublica.com.ar\/index\/wp-json\/wp\/v2\/tags?post=14429"}],"curies":[{"name":"wp","href":"https:\/\/api.w.org\/{rel}","templated":true}]}}