{"id":14436,"date":"2026-09-02T11:08:22","date_gmt":"2026-09-02T14:08:22","guid":{"rendered":"https:\/\/opinionpublica.com.ar\/index\/?p=14436"},"modified":"2026-09-02T11:08:22","modified_gmt":"2026-09-02T14:08:22","slug":"municipal-de-ushuaia-acuerdo-salarial-del-193-acumulado","status":"publish","type":"post","link":"https:\/\/opinionpublica.com.ar\/index\/municipal-de-ushuaia-acuerdo-salarial-del-193-acumulado\/","title":{"rendered":"MUNICIPAL DE USHUAIA: ACUERDO SALARIAL DEL 19,3% ACUMULADO"},"content":{"rendered":"<h3>MUNICIPALIDAD DE USHUAIA: ACUERDO SALARIAL DEL 19,3% ACUMULADO<br \/>\n<a href=\"https:\/\/opinionpublica.com.ar\/index\/wp-content\/uploads\/2024\/11\/f1280x720-119251_250926_5050-municipalidad-ushuaia.jpg\"><img fetchpriority=\"high\" decoding=\"async\" class=\"alignnone size-full wp-image-7537\" src=\"https:\/\/opinionpublica.com.ar\/index\/wp-content\/uploads\/2024\/11\/f1280x720-119251_250926_5050-municipalidad-ushuaia.jpg\" alt=\"\" width=\"1280\" height=\"720\" srcset=\"https:\/\/opinionpublica.com.ar\/index\/wp-content\/uploads\/2024\/11\/f1280x720-119251_250926_5050-municipalidad-ushuaia.jpg 1280w, https:\/\/opinionpublica.com.ar\/index\/wp-content\/uploads\/2024\/11\/f1280x720-119251_250926_5050-municipalidad-ushuaia-300x169.jpg 300w, https:\/\/opinionpublica.com.ar\/index\/wp-content\/uploads\/2024\/11\/f1280x720-119251_250926_5050-municipalidad-ushuaia-1024x576.jpg 1024w, https:\/\/opinionpublica.com.ar\/index\/wp-content\/uploads\/2024\/11\/f1280x720-119251_250926_5050-municipalidad-ushuaia-768x432.jpg 768w\" sizes=\"(max-width: 1280px) 100vw, 1280px\" \/><\/a><\/h3>\n<p>Despu\u00e9s de m\u00e1s de cuatro horas de negociaci\u00f3n y cuatro cuartos intermedios, el Municipio de Ushuaia y el Sindicato de Obreros y Empleados Municipales (SOEM) alcanzaron un nuevo acuerdo salarial para los trabajadores municipales.<\/p>\n<p>El entendimiento establece un 3% de aumento en agosto, otro 3% en septiembre y un 2% en octubre, todos de car\u00e1cter acumulativo.<\/p>\n<p>Con este nuevo tramo, la recomposici\u00f3n salarial total alcanza el 19,3%, una cifra que intenta paliar la inflaci\u00f3n pero que sigue quedando corta frente al costo de vida real en la ciudad m\u00e1s austral del mundo.<\/p>\n","protected":false},"excerpt":{"rendered":"<p>MUNICIPALIDAD DE USHUAIA: ACUERDO SALARIAL DEL 19,3% ACUMULADO Despu\u00e9s de m\u00e1s de cuatro horas de negociaci\u00f3n y cuatro<\/p>\n","protected":false},"author":5,"featured_media":7537,"comment_status":"open","ping_status":"open","sticky":false,"template":"","format":"standard","meta":{"footnotes":""},"categories":[21],"tags":[],"class_list":["post-14436","post","type-post","status-publish","format-standard","has-post-thumbnail","hentry","category-ushuaia"],"featured_image_urls":{"full":["https:\/\/opinionpublica.com.ar\/index\/wp-content\/uploads\/2024\/11\/f1280x720-119251_250926_5050-municipalidad-ushuaia.jpg",1280,720,false],"thumbnail":["https:\/\/opinionpublica.com.ar\/index\/wp-content\/uploads\/2024\/11\/f1280x720-119251_250926_5050-municipalidad-ushuaia-150x150.jpg",150,150,true],"medium":["https:\/\/opinionpublica.com.ar\/index\/wp-content\/uploads\/2024\/11\/f1280x720-119251_250926_5050-municipalidad-ushuaia-300x169.jpg",300,169,true],"medium_large":["https:\/\/opinionpublica.com.ar\/index\/wp-content\/uploads\/2024\/11\/f1280x720-119251_250926_5050-municipalidad-ushuaia-768x432.jpg",640,360,true],"large":["https:\/\/opinionpublica.com.ar\/index\/wp-content\/uploads\/2024\/11\/f1280x720-119251_250926_5050-municipalidad-ushuaia-1024x576.jpg",640,360,true],"1536x1536":["https:\/\/opinionpublica.com.ar\/index\/wp-content\/uploads\/2024\/11\/f1280x720-119251_250926_5050-municipalidad-ushuaia.jpg",1280,720,false],"2048x2048":["https:\/\/opinionpublica.com.ar\/index\/wp-content\/uploads\/2024\/11\/f1280x720-119251_250926_5050-municipalidad-ushuaia.jpg",1280,720,false],"morenews-large":["https:\/\/opinionpublica.com.ar\/index\/wp-content\/uploads\/2024\/11\/f1280x720-119251_250926_5050-municipalidad-ushuaia-825x575.jpg",825,575,true],"morenews-medium":["https:\/\/opinionpublica.com.ar\/index\/wp-content\/uploads\/2024\/11\/f1280x720-119251_250926_5050-municipalidad-ushuaia-590x410.jpg",590,410,true]},"author_info":{"display_name":"Hal","author_link":"https:\/\/opinionpublica.com.ar\/index\/author\/hal\/"},"category_info":"<a href=\"https:\/\/opinionpublica.com.ar\/index\/category\/ushuaia\/\" rel=\"category tag\">Ushuaia<\/a>","tag_info":"Ushuaia","comment_count":"0","_links":{"self":[{"href":"https:\/\/opinionpublica.com.ar\/index\/wp-json\/wp\/v2\/posts\/14436","targetHints":{"allow":["GET"]}}],"collection":[{"href":"https:\/\/opinionpublica.com.ar\/index\/wp-json\/wp\/v2\/posts"}],"about":[{"href":"https:\/\/opinionpublica.com.ar\/index\/wp-json\/wp\/v2\/types\/post"}],"author":[{"embeddable":true,"href":"https:\/\/opinionpublica.com.ar\/index\/wp-json\/wp\/v2\/users\/5"}],"replies":[{"embeddable":true,"href":"https:\/\/opinionpublica.com.ar\/index\/wp-json\/wp\/v2\/comments?post=14436"}],"version-history":[{"count":1,"href":"https:\/\/opinionpublica.com.ar\/index\/wp-json\/wp\/v2\/posts\/14436\/revisions"}],"predecessor-version":[{"id":14437,"href":"https:\/\/opinionpublica.com.ar\/index\/wp-json\/wp\/v2\/posts\/14436\/revisions\/14437"}],"wp:featuredmedia":[{"embeddable":true,"href":"https:\/\/opinionpublica.com.ar\/index\/wp-json\/wp\/v2\/media\/7537"}],"wp:attachment":[{"href":"https:\/\/opinionpublica.com.ar\/index\/wp-json\/wp\/v2\/media?parent=14436"}],"wp:term":[{"taxonomy":"category","embeddable":true,"href":"https:\/\/opinionpublica.com.ar\/index\/wp-json\/wp\/v2\/categories?post=14436"},{"taxonomy":"post_tag","embeddable":true,"href":"https:\/\/opinionpublica.com.ar\/index\/wp-json\/wp\/v2\/tags?post=14436"}],"curies":[{"name":"wp","href":"https:\/\/api.w.org\/{rel}","templated":true}]}}