{"id":14438,"date":"2026-09-02T11:13:31","date_gmt":"2026-09-02T14:13:31","guid":{"rendered":"https:\/\/opinionpublica.com.ar\/index\/?p=14438"},"modified":"2026-09-02T11:13:31","modified_gmt":"2026-09-02T14:13:31","slug":"caparros-solicita-razonabilidad-ante-la-reforma","status":"publish","type":"post","link":"https:\/\/opinionpublica.com.ar\/index\/caparros-solicita-razonabilidad-ante-la-reforma\/","title":{"rendered":"CAPARR\u00d3S SOLICITA RAZONABILIDAD ANTE LA REFORMA"},"content":{"rendered":"<h3>CAPARR\u00d3S SOLICITA RAZONABILIDAD ANTE LA REFORMA<\/h3>\n<p><a href=\"https:\/\/opinionpublica.com.ar\/index\/wp-content\/uploads\/2025\/08\/20250821015212_diputados.jpg\"><img fetchpriority=\"high\" decoding=\"async\" class=\"alignnone size-full wp-image-10760\" src=\"https:\/\/opinionpublica.com.ar\/index\/wp-content\/uploads\/2025\/08\/20250821015212_diputados.jpg\" alt=\"\" width=\"880\" height=\"586\" srcset=\"https:\/\/opinionpublica.com.ar\/index\/wp-content\/uploads\/2025\/08\/20250821015212_diputados.jpg 880w, https:\/\/opinionpublica.com.ar\/index\/wp-content\/uploads\/2025\/08\/20250821015212_diputados-300x200.jpg 300w, https:\/\/opinionpublica.com.ar\/index\/wp-content\/uploads\/2025\/08\/20250821015212_diputados-768x511.jpg 768w\" sizes=\"(max-width: 880px) 100vw, 880px\" \/><\/a><\/p>\n<p>La titular de la bancada de Forja en la Naci\u00f3n, Mabel Caparr\u00f3s, pidi\u00f3 razonabilidad frente a la pr\u00f3xima reforma jubilatoria que se tratar\u00e1 en la C\u00e1mara de Diputados.<\/p>\n<p>La legisladora advirti\u00f3 que la falta de qu\u00f3rum completo complicar\u00e1 la aprobaci\u00f3n de la normativa, aunque destac\u00f3 que la provincia de Tierra del Fuego ya experiment\u00f3 procesos similares de reforma en su sistema previsional.<\/p>\n","protected":false},"excerpt":{"rendered":"<p>CAPARR\u00d3S SOLICITA RAZONABILIDAD ANTE LA REFORMA La titular de la bancada de Forja en la Naci\u00f3n, Mabel Caparr\u00f3s,<\/p>\n","protected":false},"author":5,"featured_media":10760,"comment_status":"open","ping_status":"open","sticky":false,"template":"","format":"standard","meta":{"footnotes":""},"categories":[3],"tags":[],"class_list":["post-14438","post","type-post","status-publish","format-standard","has-post-thumbnail","hentry","category-nacionales"],"featured_image_urls":{"full":["https:\/\/opinionpublica.com.ar\/index\/wp-content\/uploads\/2025\/08\/20250821015212_diputados.jpg",880,586,false],"thumbnail":["https:\/\/opinionpublica.com.ar\/index\/wp-content\/uploads\/2025\/08\/20250821015212_diputados-150x150.jpg",150,150,true],"medium":["https:\/\/opinionpublica.com.ar\/index\/wp-content\/uploads\/2025\/08\/20250821015212_diputados-300x200.jpg",300,200,true],"medium_large":["https:\/\/opinionpublica.com.ar\/index\/wp-content\/uploads\/2025\/08\/20250821015212_diputados-768x511.jpg",640,426,true],"large":["https:\/\/opinionpublica.com.ar\/index\/wp-content\/uploads\/2025\/08\/20250821015212_diputados.jpg",640,426,false],"1536x1536":["https:\/\/opinionpublica.com.ar\/index\/wp-content\/uploads\/2025\/08\/20250821015212_diputados.jpg",880,586,false],"2048x2048":["https:\/\/opinionpublica.com.ar\/index\/wp-content\/uploads\/2025\/08\/20250821015212_diputados.jpg",880,586,false],"morenews-large":["https:\/\/opinionpublica.com.ar\/index\/wp-content\/uploads\/2025\/08\/20250821015212_diputados-825x575.jpg",825,575,true],"morenews-medium":["https:\/\/opinionpublica.com.ar\/index\/wp-content\/uploads\/2025\/08\/20250821015212_diputados-590x410.jpg",590,410,true]},"author_info":{"display_name":"Hal","author_link":"https:\/\/opinionpublica.com.ar\/index\/author\/hal\/"},"category_info":"<a href=\"https:\/\/opinionpublica.com.ar\/index\/category\/nacionales\/\" rel=\"category tag\">Nacionales<\/a>","tag_info":"Nacionales","comment_count":"0","_links":{"self":[{"href":"https:\/\/opinionpublica.com.ar\/index\/wp-json\/wp\/v2\/posts\/14438","targetHints":{"allow":["GET"]}}],"collection":[{"href":"https:\/\/opinionpublica.com.ar\/index\/wp-json\/wp\/v2\/posts"}],"about":[{"href":"https:\/\/opinionpublica.com.ar\/index\/wp-json\/wp\/v2\/types\/post"}],"author":[{"embeddable":true,"href":"https:\/\/opinionpublica.com.ar\/index\/wp-json\/wp\/v2\/users\/5"}],"replies":[{"embeddable":true,"href":"https:\/\/opinionpublica.com.ar\/index\/wp-json\/wp\/v2\/comments?post=14438"}],"version-history":[{"count":1,"href":"https:\/\/opinionpublica.com.ar\/index\/wp-json\/wp\/v2\/posts\/14438\/revisions"}],"predecessor-version":[{"id":14439,"href":"https:\/\/opinionpublica.com.ar\/index\/wp-json\/wp\/v2\/posts\/14438\/revisions\/14439"}],"wp:featuredmedia":[{"embeddable":true,"href":"https:\/\/opinionpublica.com.ar\/index\/wp-json\/wp\/v2\/media\/10760"}],"wp:attachment":[{"href":"https:\/\/opinionpublica.com.ar\/index\/wp-json\/wp\/v2\/media?parent=14438"}],"wp:term":[{"taxonomy":"category","embeddable":true,"href":"https:\/\/opinionpublica.com.ar\/index\/wp-json\/wp\/v2\/categories?post=14438"},{"taxonomy":"post_tag","embeddable":true,"href":"https:\/\/opinionpublica.com.ar\/index\/wp-json\/wp\/v2\/tags?post=14438"}],"curies":[{"name":"wp","href":"https:\/\/api.w.org\/{rel}","templated":true}]}}