{"id":14440,"date":"2026-09-02T11:20:51","date_gmt":"2026-09-02T14:20:51","guid":{"rendered":"https:\/\/opinionpublica.com.ar\/index\/?p=14440"},"modified":"2026-09-02T11:20:51","modified_gmt":"2026-09-02T14:20:51","slug":"el-que-este-hablando-de-campana-electoral-en-este-momento-esta-meando-fuera-del-tarro","status":"publish","type":"post","link":"https:\/\/opinionpublica.com.ar\/index\/el-que-este-hablando-de-campana-electoral-en-este-momento-esta-meando-fuera-del-tarro\/","title":{"rendered":"EL QUE ESTE HABLANDO DE CAMPA\u00d1A ELECTORAL EN ESTE MOMENTO ESTA MEANDO FUERA DEL TARRO"},"content":{"rendered":"<h3>EL QUE ESTE HABLANDO DE CAMPA\u00d1A ELECTORAL EN ESTE MOMENTO ESTA MEANDO FUERA DEL TARRO<\/h3>\n<p><a href=\"https:\/\/opinionpublica.com.ar\/index\/wp-content\/uploads\/2025\/09\/coto-820x360-1.jpg\"><img fetchpriority=\"high\" decoding=\"async\" class=\"alignnone size-full wp-image-10955\" src=\"https:\/\/opinionpublica.com.ar\/index\/wp-content\/uploads\/2025\/09\/coto-820x360-1.jpg\" alt=\"\" width=\"820\" height=\"360\" srcset=\"https:\/\/opinionpublica.com.ar\/index\/wp-content\/uploads\/2025\/09\/coto-820x360-1.jpg 820w, https:\/\/opinionpublica.com.ar\/index\/wp-content\/uploads\/2025\/09\/coto-820x360-1-300x132.jpg 300w, https:\/\/opinionpublica.com.ar\/index\/wp-content\/uploads\/2025\/09\/coto-820x360-1-768x337.jpg 768w\" sizes=\"(max-width: 820px) 100vw, 820px\" \/><\/a><\/p>\n<p>El senador por La Libertad Avanza, Agust\u00edn Coto, cuestion\u00f3 duramente a los dirigentes que ya se encuentran en campa\u00f1a de cara a las elecciones 2027.<\/p>\n<p>Calific\u00f3 de \u201cirresponsable\u201d la promoci\u00f3n de candidaturas en este contexto.<\/p>\n<p>En di\u00e1logo con Radio Provincia, el Senador fue consultado sobre si habr\u00e1 internas en el partido que representa y, en primer lugar, expres\u00f3 su desacuerdo con la aparici\u00f3n de candidaturas que, seg\u00fan \u00e9l, distraen la atenci\u00f3n de los verdaderos desaf\u00edos de la provincia.<\/p>\n<p>Coto advirti\u00f3 que la politiquer\u00eda electoral prematura debilita la credibilidad de cualquier proyecto serio y enfatiz\u00f3 que el foco debe estar en la gesti\u00f3n real, no en la especulaci\u00f3n pol\u00edtica.<\/p>\n","protected":false},"excerpt":{"rendered":"<p>EL QUE ESTE HABLANDO DE CAMPA\u00d1A ELECTORAL EN ESTE MOMENTO ESTA MEANDO FUERA DEL TARRO El senador por<\/p>\n","protected":false},"author":5,"featured_media":10955,"comment_status":"open","ping_status":"open","sticky":false,"template":"","format":"standard","meta":{"footnotes":""},"categories":[2],"tags":[],"class_list":["post-14440","post","type-post","status-publish","format-standard","has-post-thumbnail","hentry","category-tierra-del-fuego"],"featured_image_urls":{"full":["https:\/\/opinionpublica.com.ar\/index\/wp-content\/uploads\/2025\/09\/coto-820x360-1.jpg",820,360,false],"thumbnail":["https:\/\/opinionpublica.com.ar\/index\/wp-content\/uploads\/2025\/09\/coto-820x360-1-150x150.jpg",150,150,true],"medium":["https:\/\/opinionpublica.com.ar\/index\/wp-content\/uploads\/2025\/09\/coto-820x360-1-300x132.jpg",300,132,true],"medium_large":["https:\/\/opinionpublica.com.ar\/index\/wp-content\/uploads\/2025\/09\/coto-820x360-1-768x337.jpg",640,281,true],"large":["https:\/\/opinionpublica.com.ar\/index\/wp-content\/uploads\/2025\/09\/coto-820x360-1.jpg",640,281,false],"1536x1536":["https:\/\/opinionpublica.com.ar\/index\/wp-content\/uploads\/2025\/09\/coto-820x360-1.jpg",820,360,false],"2048x2048":["https:\/\/opinionpublica.com.ar\/index\/wp-content\/uploads\/2025\/09\/coto-820x360-1.jpg",820,360,false],"morenews-large":["https:\/\/opinionpublica.com.ar\/index\/wp-content\/uploads\/2025\/09\/coto-820x360-1.jpg",820,360,false],"morenews-medium":["https:\/\/opinionpublica.com.ar\/index\/wp-content\/uploads\/2025\/09\/coto-820x360-1-590x360.jpg",590,360,true]},"author_info":{"display_name":"Hal","author_link":"https:\/\/opinionpublica.com.ar\/index\/author\/hal\/"},"category_info":"<a href=\"https:\/\/opinionpublica.com.ar\/index\/category\/tierra-del-fuego\/\" rel=\"category tag\">Tierra del Fuego<\/a>","tag_info":"Tierra del Fuego","comment_count":"0","_links":{"self":[{"href":"https:\/\/opinionpublica.com.ar\/index\/wp-json\/wp\/v2\/posts\/14440","targetHints":{"allow":["GET"]}}],"collection":[{"href":"https:\/\/opinionpublica.com.ar\/index\/wp-json\/wp\/v2\/posts"}],"about":[{"href":"https:\/\/opinionpublica.com.ar\/index\/wp-json\/wp\/v2\/types\/post"}],"author":[{"embeddable":true,"href":"https:\/\/opinionpublica.com.ar\/index\/wp-json\/wp\/v2\/users\/5"}],"replies":[{"embeddable":true,"href":"https:\/\/opinionpublica.com.ar\/index\/wp-json\/wp\/v2\/comments?post=14440"}],"version-history":[{"count":1,"href":"https:\/\/opinionpublica.com.ar\/index\/wp-json\/wp\/v2\/posts\/14440\/revisions"}],"predecessor-version":[{"id":14441,"href":"https:\/\/opinionpublica.com.ar\/index\/wp-json\/wp\/v2\/posts\/14440\/revisions\/14441"}],"wp:featuredmedia":[{"embeddable":true,"href":"https:\/\/opinionpublica.com.ar\/index\/wp-json\/wp\/v2\/media\/10955"}],"wp:attachment":[{"href":"https:\/\/opinionpublica.com.ar\/index\/wp-json\/wp\/v2\/media?parent=14440"}],"wp:term":[{"taxonomy":"category","embeddable":true,"href":"https:\/\/opinionpublica.com.ar\/index\/wp-json\/wp\/v2\/categories?post=14440"},{"taxonomy":"post_tag","embeddable":true,"href":"https:\/\/opinionpublica.com.ar\/index\/wp-json\/wp\/v2\/tags?post=14440"}],"curies":[{"name":"wp","href":"https:\/\/api.w.org\/{rel}","templated":true}]}}