{"id":14442,"date":"2026-09-03T11:37:33","date_gmt":"2026-09-03T14:37:33","guid":{"rendered":"https:\/\/opinionpublica.com.ar\/index\/?p=14442"},"modified":"2026-09-03T11:37:33","modified_gmt":"2026-09-03T14:37:33","slug":"alerta-en-los-aeropuertos-ate-lanza-huelga-de-dos-dias-que-podria-afectar-vuelos-en-todo-el-pais","status":"publish","type":"post","link":"https:\/\/opinionpublica.com.ar\/index\/alerta-en-los-aeropuertos-ate-lanza-huelga-de-dos-dias-que-podria-afectar-vuelos-en-todo-el-pais\/","title":{"rendered":"ALERTA EN LOS AEROPUERTOS: ATE LANZA HUELGA DE DOS D\u00cdAS QUE PODR\u00cdA AFECTAR VUELOS EN TODO EL PA\u00cdS"},"content":{"rendered":"<h3 style=\"text-align: left;\">ALERTA EN LOS AEROPUERTOS: ATE LANZA HUELGA DE DOS D\u00cdAS QUE PODR\u00cdA AFECTAR VUELOS EN TODO EL PA\u00cdS<\/h3>\n<p style=\"text-align: left;\"><a href=\"https:\/\/opinionpublica.com.ar\/index\/wp-content\/uploads\/2025\/03\/IMG_20231221_164026-768x645-aeropuerto.jpg\"><img fetchpriority=\"high\" decoding=\"async\" class=\"alignnone size-full wp-image-9028\" src=\"https:\/\/opinionpublica.com.ar\/index\/wp-content\/uploads\/2025\/03\/IMG_20231221_164026-768x645-aeropuerto.jpg\" alt=\"\" width=\"768\" height=\"645\" srcset=\"https:\/\/opinionpublica.com.ar\/index\/wp-content\/uploads\/2025\/03\/IMG_20231221_164026-768x645-aeropuerto.jpg 768w, https:\/\/opinionpublica.com.ar\/index\/wp-content\/uploads\/2025\/03\/IMG_20231221_164026-768x645-aeropuerto-300x252.jpg 300w\" sizes=\"(max-width: 768px) 100vw, 768px\" \/><\/a><\/p>\n<p>La medida de fuerza involucra a los empleados de la Administraci\u00f3n Nacional de Aviaci\u00f3n Civil (ANAC) y tendr\u00e1 lugar esta semana, los d\u00edas 3 y 4 de septiembre. La amenaza al Gobierno: \u201cSi no se abre una instancia de di\u00e1logo, el conflicto se va a profundizar\u201d.<\/p>\n<p>La Asociaci\u00f3n de Trabajadores del Estado (ATE) convoc\u00f3 a una jornada nacional de lucha de 48 horas para el jueves 3 y el viernes 4 de septiembre, involucrando a los empleados de ANAC.<\/p>\n<p>La advertencia indica que, de no abrirse una instancia de di\u00e1logo, el conflicto se profundizar\u00e1, poniendo en riesgo la operatividad aeroportuaria a nivel nacional.<\/p>\n","protected":false},"excerpt":{"rendered":"<p>ALERTA EN LOS AEROPUERTOS: ATE LANZA HUELGA DE DOS D\u00cdAS QUE PODR\u00cdA AFECTAR VUELOS EN TODO EL PA\u00cdS<\/p>\n","protected":false},"author":5,"featured_media":9028,"comment_status":"open","ping_status":"open","sticky":false,"template":"","format":"standard","meta":{"footnotes":""},"categories":[3],"tags":[],"class_list":["post-14442","post","type-post","status-publish","format-standard","has-post-thumbnail","hentry","category-nacionales"],"featured_image_urls":{"full":["https:\/\/opinionpublica.com.ar\/index\/wp-content\/uploads\/2025\/03\/IMG_20231221_164026-768x645-aeropuerto.jpg",768,645,false],"thumbnail":["https:\/\/opinionpublica.com.ar\/index\/wp-content\/uploads\/2025\/03\/IMG_20231221_164026-768x645-aeropuerto-150x150.jpg",150,150,true],"medium":["https:\/\/opinionpublica.com.ar\/index\/wp-content\/uploads\/2025\/03\/IMG_20231221_164026-768x645-aeropuerto-300x252.jpg",300,252,true],"medium_large":["https:\/\/opinionpublica.com.ar\/index\/wp-content\/uploads\/2025\/03\/IMG_20231221_164026-768x645-aeropuerto.jpg",640,538,false],"large":["https:\/\/opinionpublica.com.ar\/index\/wp-content\/uploads\/2025\/03\/IMG_20231221_164026-768x645-aeropuerto.jpg",640,538,false],"1536x1536":["https:\/\/opinionpublica.com.ar\/index\/wp-content\/uploads\/2025\/03\/IMG_20231221_164026-768x645-aeropuerto.jpg",768,645,false],"2048x2048":["https:\/\/opinionpublica.com.ar\/index\/wp-content\/uploads\/2025\/03\/IMG_20231221_164026-768x645-aeropuerto.jpg",768,645,false],"morenews-large":["https:\/\/opinionpublica.com.ar\/index\/wp-content\/uploads\/2025\/03\/IMG_20231221_164026-768x645-aeropuerto-768x575.jpg",768,575,true],"morenews-medium":["https:\/\/opinionpublica.com.ar\/index\/wp-content\/uploads\/2025\/03\/IMG_20231221_164026-768x645-aeropuerto-590x410.jpg",590,410,true]},"author_info":{"display_name":"Hal","author_link":"https:\/\/opinionpublica.com.ar\/index\/author\/hal\/"},"category_info":"<a href=\"https:\/\/opinionpublica.com.ar\/index\/category\/nacionales\/\" rel=\"category tag\">Nacionales<\/a>","tag_info":"Nacionales","comment_count":"0","_links":{"self":[{"href":"https:\/\/opinionpublica.com.ar\/index\/wp-json\/wp\/v2\/posts\/14442","targetHints":{"allow":["GET"]}}],"collection":[{"href":"https:\/\/opinionpublica.com.ar\/index\/wp-json\/wp\/v2\/posts"}],"about":[{"href":"https:\/\/opinionpublica.com.ar\/index\/wp-json\/wp\/v2\/types\/post"}],"author":[{"embeddable":true,"href":"https:\/\/opinionpublica.com.ar\/index\/wp-json\/wp\/v2\/users\/5"}],"replies":[{"embeddable":true,"href":"https:\/\/opinionpublica.com.ar\/index\/wp-json\/wp\/v2\/comments?post=14442"}],"version-history":[{"count":1,"href":"https:\/\/opinionpublica.com.ar\/index\/wp-json\/wp\/v2\/posts\/14442\/revisions"}],"predecessor-version":[{"id":14444,"href":"https:\/\/opinionpublica.com.ar\/index\/wp-json\/wp\/v2\/posts\/14442\/revisions\/14444"}],"wp:featuredmedia":[{"embeddable":true,"href":"https:\/\/opinionpublica.com.ar\/index\/wp-json\/wp\/v2\/media\/9028"}],"wp:attachment":[{"href":"https:\/\/opinionpublica.com.ar\/index\/wp-json\/wp\/v2\/media?parent=14442"}],"wp:term":[{"taxonomy":"category","embeddable":true,"href":"https:\/\/opinionpublica.com.ar\/index\/wp-json\/wp\/v2\/categories?post=14442"},{"taxonomy":"post_tag","embeddable":true,"href":"https:\/\/opinionpublica.com.ar\/index\/wp-json\/wp\/v2\/tags?post=14442"}],"curies":[{"name":"wp","href":"https:\/\/api.w.org\/{rel}","templated":true}]}}