{"id":14447,"date":"2026-09-03T11:51:40","date_gmt":"2026-09-03T14:51:40","guid":{"rendered":"https:\/\/opinionpublica.com.ar\/index\/?p=14447"},"modified":"2026-09-03T11:51:40","modified_gmt":"2026-09-03T14:51:40","slug":"concejo-deliberante-aprobo-camping-municipal-de-casas-rodantes","status":"publish","type":"post","link":"https:\/\/opinionpublica.com.ar\/index\/concejo-deliberante-aprobo-camping-municipal-de-casas-rodantes\/","title":{"rendered":"CONCEJO DELIBERANTE APROB\u00d3 CAMPING MUNICIPAL DE CASAS RODANTES"},"content":{"rendered":"<h3>CONCEJO DELIBERANTE APROB\u00d3 CAMPING MUNICIPAL DE CASAS RODANTES<\/h3>\n<p><a href=\"https:\/\/opinionpublica.com.ar\/index\/wp-content\/uploads\/2024\/03\/consejo-deliberante-Rio-Grande.jpg\"><img fetchpriority=\"high\" decoding=\"async\" class=\"alignnone size-full wp-image-820\" src=\"https:\/\/opinionpublica.com.ar\/index\/wp-content\/uploads\/2024\/03\/consejo-deliberante-Rio-Grande.jpg\" alt=\"\" width=\"801\" height=\"481\" srcset=\"https:\/\/opinionpublica.com.ar\/index\/wp-content\/uploads\/2024\/03\/consejo-deliberante-Rio-Grande.jpg 801w, https:\/\/opinionpublica.com.ar\/index\/wp-content\/uploads\/2024\/03\/consejo-deliberante-Rio-Grande-300x180.jpg 300w, https:\/\/opinionpublica.com.ar\/index\/wp-content\/uploads\/2024\/03\/consejo-deliberante-Rio-Grande-768x461.jpg 768w\" sizes=\"(max-width: 801px) 100vw, 801px\" \/><\/a><\/p>\n<p>El Concejo Deliberante aprob\u00f3 el proyecto interbloque impulsado por los concejales Florencia Vargas y Maximiliano Ybars que crea el Camping Municipal de Casas Rodantes, Motorhomes, Campers, Trailers y veh\u00edculos similares, una iniciativa destinada a fortalecer la infraestructura tur\u00edstica de R\u00edo Grande y consolidar a la ciudad como un destino preparado para recibir a quienes eligen recorrer el pa\u00eds con este tipo de veh\u00edculos, apostando al crecimiento del sector y la atracci\u00f3n de visitantes externos.<\/p>\n","protected":false},"excerpt":{"rendered":"<p>CONCEJO DELIBERANTE APROB\u00d3 CAMPING MUNICIPAL DE CASAS RODANTES El Concejo Deliberante aprob\u00f3 el proyecto interbloque impulsado por los<\/p>\n","protected":false},"author":5,"featured_media":820,"comment_status":"open","ping_status":"open","sticky":false,"template":"","format":"standard","meta":{"footnotes":""},"categories":[25],"tags":[],"class_list":["post-14447","post","type-post","status-publish","format-standard","has-post-thumbnail","hentry","category-rio-grande"],"featured_image_urls":{"full":["https:\/\/opinionpublica.com.ar\/index\/wp-content\/uploads\/2024\/03\/consejo-deliberante-Rio-Grande.jpg",801,481,false],"thumbnail":["https:\/\/opinionpublica.com.ar\/index\/wp-content\/uploads\/2024\/03\/consejo-deliberante-Rio-Grande-150x150.jpg",150,150,true],"medium":["https:\/\/opinionpublica.com.ar\/index\/wp-content\/uploads\/2024\/03\/consejo-deliberante-Rio-Grande-300x180.jpg",300,180,true],"medium_large":["https:\/\/opinionpublica.com.ar\/index\/wp-content\/uploads\/2024\/03\/consejo-deliberante-Rio-Grande-768x461.jpg",640,384,true],"large":["https:\/\/opinionpublica.com.ar\/index\/wp-content\/uploads\/2024\/03\/consejo-deliberante-Rio-Grande.jpg",640,384,false],"1536x1536":["https:\/\/opinionpublica.com.ar\/index\/wp-content\/uploads\/2024\/03\/consejo-deliberante-Rio-Grande.jpg",801,481,false],"2048x2048":["https:\/\/opinionpublica.com.ar\/index\/wp-content\/uploads\/2024\/03\/consejo-deliberante-Rio-Grande.jpg",801,481,false],"morenews-large":["https:\/\/opinionpublica.com.ar\/index\/wp-content\/uploads\/2024\/03\/consejo-deliberante-Rio-Grande.jpg",801,481,false],"morenews-medium":["https:\/\/opinionpublica.com.ar\/index\/wp-content\/uploads\/2024\/03\/consejo-deliberante-Rio-Grande-590x410.jpg",590,410,true]},"author_info":{"display_name":"Hal","author_link":"https:\/\/opinionpublica.com.ar\/index\/author\/hal\/"},"category_info":"<a href=\"https:\/\/opinionpublica.com.ar\/index\/category\/rio-grande\/\" rel=\"category tag\">Rio Grande<\/a>","tag_info":"Rio Grande","comment_count":"0","_links":{"self":[{"href":"https:\/\/opinionpublica.com.ar\/index\/wp-json\/wp\/v2\/posts\/14447","targetHints":{"allow":["GET"]}}],"collection":[{"href":"https:\/\/opinionpublica.com.ar\/index\/wp-json\/wp\/v2\/posts"}],"about":[{"href":"https:\/\/opinionpublica.com.ar\/index\/wp-json\/wp\/v2\/types\/post"}],"author":[{"embeddable":true,"href":"https:\/\/opinionpublica.com.ar\/index\/wp-json\/wp\/v2\/users\/5"}],"replies":[{"embeddable":true,"href":"https:\/\/opinionpublica.com.ar\/index\/wp-json\/wp\/v2\/comments?post=14447"}],"version-history":[{"count":1,"href":"https:\/\/opinionpublica.com.ar\/index\/wp-json\/wp\/v2\/posts\/14447\/revisions"}],"predecessor-version":[{"id":14448,"href":"https:\/\/opinionpublica.com.ar\/index\/wp-json\/wp\/v2\/posts\/14447\/revisions\/14448"}],"wp:featuredmedia":[{"embeddable":true,"href":"https:\/\/opinionpublica.com.ar\/index\/wp-json\/wp\/v2\/media\/820"}],"wp:attachment":[{"href":"https:\/\/opinionpublica.com.ar\/index\/wp-json\/wp\/v2\/media?parent=14447"}],"wp:term":[{"taxonomy":"category","embeddable":true,"href":"https:\/\/opinionpublica.com.ar\/index\/wp-json\/wp\/v2\/categories?post=14447"},{"taxonomy":"post_tag","embeddable":true,"href":"https:\/\/opinionpublica.com.ar\/index\/wp-json\/wp\/v2\/tags?post=14447"}],"curies":[{"name":"wp","href":"https:\/\/api.w.org\/{rel}","templated":true}]}}