{"id":14450,"date":"2026-09-03T12:01:44","date_gmt":"2026-09-03T15:01:44","guid":{"rendered":"https:\/\/opinionpublica.com.ar\/index\/?p=14450"},"modified":"2026-09-03T12:01:44","modified_gmt":"2026-09-03T15:01:44","slug":"nuevos-valores-tarifarios-energeticos","status":"publish","type":"post","link":"https:\/\/opinionpublica.com.ar\/index\/nuevos-valores-tarifarios-energeticos\/","title":{"rendered":"NUEVOS VALORES TARIFARIOS ENERG\u00c9TICOS"},"content":{"rendered":"<h3>NUEVOS VALORES TARIFARIOS ENERG\u00c9TICOS<br \/>\n<a href=\"https:\/\/opinionpublica.com.ar\/index\/wp-content\/uploads\/2025\/02\/tarifas_001-luz.jpg\"><img fetchpriority=\"high\" decoding=\"async\" class=\"alignnone size-full wp-image-8786\" src=\"https:\/\/opinionpublica.com.ar\/index\/wp-content\/uploads\/2025\/02\/tarifas_001-luz.jpg\" alt=\"\" width=\"1024\" height=\"768\" srcset=\"https:\/\/opinionpublica.com.ar\/index\/wp-content\/uploads\/2025\/02\/tarifas_001-luz.jpg 1024w, https:\/\/opinionpublica.com.ar\/index\/wp-content\/uploads\/2025\/02\/tarifas_001-luz-300x225.jpg 300w, https:\/\/opinionpublica.com.ar\/index\/wp-content\/uploads\/2025\/02\/tarifas_001-luz-768x576.jpg 768w\" sizes=\"(max-width: 1024px) 100vw, 1024px\" \/><\/a><\/h3>\n<p>La Direcci\u00f3n Provincial de Energ\u00eda actualiz\u00f3 el cuadro tarifario: nuevos valores regir\u00e1n desde septiembre.<\/p>\n<p>De acuerdo con la Resoluci\u00f3n DPE N\u00b0 531\/26, esta actualizaci\u00f3n responde a la necesidad de adecuar el componente correspondiente al costo de la energ\u00eda.<\/p>\n<p>El nuevo esquema tarifario comenzar\u00e1 a aplicarse con la facturaci\u00f3n con vencimiento en septiembre de 2026, impactando directamente sobre el bolsillo de los usuarios fueguinos.<\/p>\n","protected":false},"excerpt":{"rendered":"<p>NUEVOS VALORES TARIFARIOS ENERG\u00c9TICOS La Direcci\u00f3n Provincial de Energ\u00eda actualiz\u00f3 el cuadro tarifario: nuevos valores regir\u00e1n desde septiembre.<\/p>\n","protected":false},"author":5,"featured_media":8786,"comment_status":"open","ping_status":"open","sticky":false,"template":"","format":"standard","meta":{"footnotes":""},"categories":[2],"tags":[],"class_list":["post-14450","post","type-post","status-publish","format-standard","has-post-thumbnail","hentry","category-tierra-del-fuego"],"featured_image_urls":{"full":["https:\/\/opinionpublica.com.ar\/index\/wp-content\/uploads\/2025\/02\/tarifas_001-luz.jpg",1024,768,false],"thumbnail":["https:\/\/opinionpublica.com.ar\/index\/wp-content\/uploads\/2025\/02\/tarifas_001-luz-150x150.jpg",150,150,true],"medium":["https:\/\/opinionpublica.com.ar\/index\/wp-content\/uploads\/2025\/02\/tarifas_001-luz-300x225.jpg",300,225,true],"medium_large":["https:\/\/opinionpublica.com.ar\/index\/wp-content\/uploads\/2025\/02\/tarifas_001-luz-768x576.jpg",640,480,true],"large":["https:\/\/opinionpublica.com.ar\/index\/wp-content\/uploads\/2025\/02\/tarifas_001-luz.jpg",640,480,false],"1536x1536":["https:\/\/opinionpublica.com.ar\/index\/wp-content\/uploads\/2025\/02\/tarifas_001-luz.jpg",1024,768,false],"2048x2048":["https:\/\/opinionpublica.com.ar\/index\/wp-content\/uploads\/2025\/02\/tarifas_001-luz.jpg",1024,768,false],"morenews-large":["https:\/\/opinionpublica.com.ar\/index\/wp-content\/uploads\/2025\/02\/tarifas_001-luz-825x575.jpg",825,575,true],"morenews-medium":["https:\/\/opinionpublica.com.ar\/index\/wp-content\/uploads\/2025\/02\/tarifas_001-luz-590x410.jpg",590,410,true]},"author_info":{"display_name":"Hal","author_link":"https:\/\/opinionpublica.com.ar\/index\/author\/hal\/"},"category_info":"<a href=\"https:\/\/opinionpublica.com.ar\/index\/category\/tierra-del-fuego\/\" rel=\"category tag\">Tierra del Fuego<\/a>","tag_info":"Tierra del Fuego","comment_count":"0","_links":{"self":[{"href":"https:\/\/opinionpublica.com.ar\/index\/wp-json\/wp\/v2\/posts\/14450","targetHints":{"allow":["GET"]}}],"collection":[{"href":"https:\/\/opinionpublica.com.ar\/index\/wp-json\/wp\/v2\/posts"}],"about":[{"href":"https:\/\/opinionpublica.com.ar\/index\/wp-json\/wp\/v2\/types\/post"}],"author":[{"embeddable":true,"href":"https:\/\/opinionpublica.com.ar\/index\/wp-json\/wp\/v2\/users\/5"}],"replies":[{"embeddable":true,"href":"https:\/\/opinionpublica.com.ar\/index\/wp-json\/wp\/v2\/comments?post=14450"}],"version-history":[{"count":1,"href":"https:\/\/opinionpublica.com.ar\/index\/wp-json\/wp\/v2\/posts\/14450\/revisions"}],"predecessor-version":[{"id":14451,"href":"https:\/\/opinionpublica.com.ar\/index\/wp-json\/wp\/v2\/posts\/14450\/revisions\/14451"}],"wp:featuredmedia":[{"embeddable":true,"href":"https:\/\/opinionpublica.com.ar\/index\/wp-json\/wp\/v2\/media\/8786"}],"wp:attachment":[{"href":"https:\/\/opinionpublica.com.ar\/index\/wp-json\/wp\/v2\/media?parent=14450"}],"wp:term":[{"taxonomy":"category","embeddable":true,"href":"https:\/\/opinionpublica.com.ar\/index\/wp-json\/wp\/v2\/categories?post=14450"},{"taxonomy":"post_tag","embeddable":true,"href":"https:\/\/opinionpublica.com.ar\/index\/wp-json\/wp\/v2\/tags?post=14450"}],"curies":[{"name":"wp","href":"https:\/\/api.w.org\/{rel}","templated":true}]}}