{"id":14455,"date":"2026-09-03T16:30:16","date_gmt":"2026-09-03T19:30:16","guid":{"rendered":"https:\/\/opinionpublica.com.ar\/index\/?p=14455"},"modified":"2026-09-03T16:30:16","modified_gmt":"2026-09-03T19:30:16","slug":"ventura-contra-el-impuestazo-del-gobierno","status":"publish","type":"post","link":"https:\/\/opinionpublica.com.ar\/index\/ventura-contra-el-impuestazo-del-gobierno\/","title":{"rendered":"VENTURA, CONTRA EL IMPUESTAZO DEL GOBIERNO"},"content":{"rendered":"<h3>VENTURA, CONTRA EL IMPUESTAZO DEL GOBIERNO: \u201cNO SE PUEDE SALIR DE LA CRISIS HACI\u00c9NDOLE PAGAR LA FIESTA DE LA POL\u00cdTICA A LA GENTE\u201d<\/h3>\n<p><a href=\"https:\/\/opinionpublica.com.ar\/index\/wp-content\/uploads\/2026\/09\/IMG-20260903-WA0012.jpg\"><img fetchpriority=\"high\" decoding=\"async\" class=\"alignnone size-full wp-image-14454\" src=\"https:\/\/opinionpublica.com.ar\/index\/wp-content\/uploads\/2026\/09\/IMG-20260903-WA0012.jpg\" alt=\"\" width=\"1125\" height=\"750\" srcset=\"https:\/\/opinionpublica.com.ar\/index\/wp-content\/uploads\/2026\/09\/IMG-20260903-WA0012.jpg 1125w, https:\/\/opinionpublica.com.ar\/index\/wp-content\/uploads\/2026\/09\/IMG-20260903-WA0012-300x200.jpg 300w, https:\/\/opinionpublica.com.ar\/index\/wp-content\/uploads\/2026\/09\/IMG-20260903-WA0012-1024x683.jpg 1024w, https:\/\/opinionpublica.com.ar\/index\/wp-content\/uploads\/2026\/09\/IMG-20260903-WA0012-768x512.jpg 768w\" sizes=\"(max-width: 1125px) 100vw, 1125px\" \/><\/a><\/p>\n<p>Gustavo Ventura, en las \u00faltimas horas cuestion\u00f3 con dureza el proyecto de Presupuesto 2027 presentado por el Gobierno provincial y advirti\u00f3 que Tierra del Fuego no puede pretender resolver sus problemas fiscales aumentando la carga sobre quienes producen, trabajan, consumen e invierten.<\/p>\n<p>Ventura puso el foco en lo que defini\u00f3 como un \u201cimpuestazo generalizado\u201d, que combina aumentos de Ingresos Brutos con modificaciones al Impuesto de Sellos que alcanzan operaciones cotidianas de los fueguinos.<\/p>\n<p>\u201cNo se puede salir de la crisis cobr\u00e1ndole m\u00e1s a los mismos de siempre. La salida es con m\u00e1s empresas, m\u00e1s inversi\u00f3n y m\u00e1s empleo\u201d, afirm\u00f3.<\/p>\n<p>El proyecto de modificaci\u00f3n tributaria establece, entre otras medidas, una al\u00edcuota del 12 por mil \u20141,2%\u2014 sobre las liquidaciones o res\u00famenes peri\u00f3dicos de tarjetas de cr\u00e9dito o compra.<\/p>\n<p>\u201cEstamos hablando de un impuesto que puede llegar directamente al resumen de la tarjeta de una familia. En un momento donde a las familias les cuesta llegar a fin de mes, poner m\u00e1s impuestos sobre el consumo es exactamente el camino contrario al que Tierra del Fuego necesita, parece prop\u00f3sito, no nos tiran en un centro, ni desde naci\u00f3n, ni desde provincia,\u201d, sostuvo Ventura.<\/p>\n<p>\u201cNo alcanza con aumentar Ingresos Brutos: ahora tambi\u00e9n quieren cobrarle al consumo\u201d<\/p>\n<p>Para Ventura, la discusi\u00f3n sobre el Presupuesto 2027 no puede reducirse a una cuesti\u00f3n de n\u00fameros contables.<\/p>\n<p>\u201cSi una persona compra un electrodom\u00e9stico, paga un servicio, utiliza su tarjeta o realiza una operaci\u00f3n econ\u00f3mica, el Estado no puede aparecer permanentemente para cobrarle un poco m\u00e1s. El problema no es que los fueguinos paguen pocos impuestos. El problema es que tenemos una econom\u00eda demasiado chica para sostener el tama\u00f1o del Estado que tenemos\u201d, se\u00f1al\u00f3.<\/p>\n<p>El proyecto tambi\u00e9n establece al\u00edcuotas para diferentes operaciones alcanzadas por el Impuesto de Sellos. Entre ellas, contempla 12\u2030 para determinadas operaciones monetarias y bancarias, 25\u2030 para la compraventa de automotores y 20\u2030 para determinadas transferencias de dominio de inmuebles.<\/p>\n<p>En materia de alquileres, el proyecto mantiene en 0% las locaciones destinadas a vivienda \u00fanica, familiar y permanente, pero establece una al\u00edcuota del 15\u2030 para determinadas locaciones de inmuebles destinados a actividades comerciales, industriales o primarias cuando los locatarios no sean personas humanas o sucesiones indivisas.<\/p>\n<p>\u201cCada nuevo impuesto tiene una consecuencia. Si encarecemos alquilar un local, comprar un veh\u00edculo, invertir o consumir, hacemos m\u00e1s dif\u00edcil que una empresa se instale, que un comerciante crezca o que una familia pueda progresar\u201d, afirm\u00f3 Ventura.<\/p>\n<p>391 actividades con aumentos de Ingresos Brutos<\/p>\n<p>El candidato tambi\u00e9n cuestion\u00f3 la modificaci\u00f3n de las al\u00edcuotas de Ingresos Brutos prevista en el paquete tributario.<\/p>\n<p>Seg\u00fan el an\u00e1lisis difundido sobre el proyecto, 391 actividades tendr\u00edan aumentos de al\u00edcuotas, sin contemplarse reducciones para las actividades alcanzadas por la modificaci\u00f3n.<\/p>\n<p>\u201cNo hay que cobrarle m\u00e1s a los mismos. Hay que lograr que sean muchos m\u00e1s los que produzcan y aporten todo al rev\u00e9s de lo que plantean hoy\u201d, remarc\u00f3 Ventura.<\/p>\n<p><strong>Y agreg\u00f3:<\/strong><\/p>\n<p>\u201cCuando una provincia necesita m\u00e1s recursos, hay dos caminos: puede aumentarle la carga a los que ya est\u00e1n o puede hacer crecer la cantidad de empresas, inversiones, trabajadores y actividades econ\u00f3micas que generan riqueza. Nosotros vamos a elegir el segundo camino\u201d.<\/p>\n<p>\u201c44 de cada 100 pesos dependen de decisiones que se toman afuera\u201d<\/p>\n<p>Ventura tambi\u00e9n cuestion\u00f3 la estructura de financiamiento provincial.<\/p>\n<p>Seg\u00fan los n\u00fameros difundidos del Presupuesto 2027, aproximadamente 44 de cada 100 pesos de los recursos proyectados corresponden a recursos de origen nacional.<\/p>\n<p>\u201cNo podemos construir una provincia verdaderamente aut\u00f3noma si casi 44 de cada 100 pesos dependen de decisiones que se toman en Buenos Aires. Pero la soluci\u00f3n tampoco es reemplazar esa dependencia por m\u00e1s impuestos a los fueguinos\u201d, sostuvo.<\/p>\n<p>Para Ventura, la verdadera autonom\u00eda econ\u00f3mica se construye ampliando la base productiva.<\/p>\n<p>\u201cTenemos que generar nuestra propia riqueza. Tenemos que atraer inversiones, desarrollar nuevas empresas, fortalecer el turismo, la industria, la energ\u00eda, los hidrocarburos, la econom\u00eda del conocimiento, la log\u00edstica y la econom\u00eda ant\u00e1rtica\u201d, afirm\u00f3.<\/p>\n<p><strong>Salud y educaci\u00f3n:<\/strong> \u201cEl problema no es solamente cu\u00e1nto se presupuesta, sino cu\u00e1nto se hace\u201d<\/p>\n<p>El candidato tambi\u00e9n puso el foco en dos \u00e1reas que consider\u00f3 centrales: salud y educaci\u00f3n.<\/p>\n<p>\u201cNo podemos pedirle m\u00e1s esfuerzo a los fueguinos mientras nuestras escuelas est\u00e1n literalmente cerradas, mientras la salud necesita respuestas y mientras los trabajadores del Estado pierden poder adquisitivo\u201d, se\u00f1al\u00f3.<\/p>\n<p>Ventura sostuvo que el objetivo de una administraci\u00f3n provincial debe ser recuperar la capacidad del Estado para brindar servicios de calidad y mejorar las condiciones laborales de quienes trabajan en \u00e9l.<\/p>\n<p>\u201cQueremos un Estado que pague mejores salarios, que tenga hospitales funcionando, escuelas en condiciones y trabajadores reconocidos. Pero para eso necesitamos primero una econom\u00eda que genere los recursos para sostenerlo, sea ordenado y busque equilibrio fiscal\u201d, afirm\u00f3.<\/p>\n<p>\u201cEl Estado no puede ser el principal precarizador laboral\u201d<\/p>\n<p>Ventura tambi\u00e9n cuestion\u00f3 la situaci\u00f3n del empleo estatal y sostuvo que existe una contradicci\u00f3n que debe ser corregida.<\/p>\n<p>\u201cEl Estado no puede hablar de empleo digno mientras mantiene trabajadores en condiciones precarias. Si queremos terminar con el empleo en negro, tenemos que empezar por casa\u201d, afirm\u00f3.<\/p>\n<p><strong>Y fue contundente:<\/strong><\/p>\n<p>\u201cEl Estado tiene que ser el primer ejemplo de cumplimiento laboral, no el primer precarizador\u201d.<\/p>\n<p>La propuesta de Ventura: bajar impuestos para hacer crecer la econom\u00eda<\/p>\n<p>Frente al esquema planteado por el Ejecutivo provincial, Ventura present\u00f3 una alternativa basada en crecimiento econ\u00f3mico y ampliaci\u00f3n de la base tributaria.<\/p>\n<p>\u201cNuestro camino es muy sencillo de entender: menos presi\u00f3n tributaria, m\u00e1s inversiones; m\u00e1s inversiones, m\u00e1s empresas; m\u00e1s empresas, m\u00e1s trabajo; m\u00e1s trabajo, m\u00e1s consumo y una base de contribuyentes m\u00e1s grande. Y una base m\u00e1s grande significa m\u00e1s recaudaci\u00f3n sin necesidad de aumentar los impuestos\u201d, explic\u00f3.<\/p>\n<p>Para el candidato, ese cambio permitir\u00eda utilizar los recursos p\u00fablicos de otra manera.<\/p>\n<p>\u201cQuiero que la plata que hoy se busca conseguir aumentando impuestos pueda generarse porque tenemos una provincia que produce m\u00e1s. Y esos recursos tienen que volver a la gente en forma de mejores salarios, salud, educaci\u00f3n, seguridad e infraestructura\u201d, sostuvo.<\/p>\n<p>Ventura insisti\u00f3 en que el debate del Presupuesto 2027 representa una discusi\u00f3n de fondo sobre el futuro de Tierra del Fuego.<\/p>\n<p>\u201cNo quiero una provincia que todos los a\u00f1os discuta c\u00f3mo cobrarle m\u00e1s a los mismos. Quiero una provincia donde cada a\u00f1o tengamos m\u00e1s empresas, m\u00e1s inversiones, m\u00e1s trabajadores registrados y m\u00e1s fueguinos produciendo\u201d.<\/p>\n<p>&nbsp;<\/p>\n","protected":false},"excerpt":{"rendered":"<p>VENTURA, CONTRA EL IMPUESTAZO DEL GOBIERNO: \u201cNO SE PUEDE SALIR DE LA CRISIS HACI\u00c9NDOLE PAGAR LA FIESTA DE<\/p>\n","protected":false},"author":5,"featured_media":14454,"comment_status":"open","ping_status":"open","sticky":false,"template":"","format":"standard","meta":{"footnotes":""},"categories":[1096,27],"tags":[144,35,5],"class_list":["post-14455","post","type-post","status-publish","format-standard","has-post-thumbnail","hentry","category-destacada","category-politica","tag-gustavo-ventura","tag-politica","tag-tierra-del-fuego"],"featured_image_urls":{"full":["https:\/\/opinionpublica.com.ar\/index\/wp-content\/uploads\/2026\/09\/IMG-20260903-WA0012.jpg",1125,750,false],"thumbnail":["https:\/\/opinionpublica.com.ar\/index\/wp-content\/uploads\/2026\/09\/IMG-20260903-WA0012-150x150.jpg",150,150,true],"medium":["https:\/\/opinionpublica.com.ar\/index\/wp-content\/uploads\/2026\/09\/IMG-20260903-WA0012-300x200.jpg",300,200,true],"medium_large":["https:\/\/opinionpublica.com.ar\/index\/wp-content\/uploads\/2026\/09\/IMG-20260903-WA0012-768x512.jpg",640,427,true],"large":["https:\/\/opinionpublica.com.ar\/index\/wp-content\/uploads\/2026\/09\/IMG-20260903-WA0012-1024x683.jpg",640,427,true],"1536x1536":["https:\/\/opinionpublica.com.ar\/index\/wp-content\/uploads\/2026\/09\/IMG-20260903-WA0012.jpg",1125,750,false],"2048x2048":["https:\/\/opinionpublica.com.ar\/index\/wp-content\/uploads\/2026\/09\/IMG-20260903-WA0012.jpg",1125,750,false],"morenews-large":["https:\/\/opinionpublica.com.ar\/index\/wp-content\/uploads\/2026\/09\/IMG-20260903-WA0012-825x575.jpg",825,575,true],"morenews-medium":["https:\/\/opinionpublica.com.ar\/index\/wp-content\/uploads\/2026\/09\/IMG-20260903-WA0012-590x410.jpg",590,410,true]},"author_info":{"display_name":"Hal","author_link":"https:\/\/opinionpublica.com.ar\/index\/author\/hal\/"},"category_info":"<a href=\"https:\/\/opinionpublica.com.ar\/index\/category\/destacada\/\" rel=\"category tag\">Destacada<\/a> <a href=\"https:\/\/opinionpublica.com.ar\/index\/category\/politica\/\" rel=\"category tag\">Politica<\/a>","tag_info":"Politica","comment_count":"0","_links":{"self":[{"href":"https:\/\/opinionpublica.com.ar\/index\/wp-json\/wp\/v2\/posts\/14455","targetHints":{"allow":["GET"]}}],"collection":[{"href":"https:\/\/opinionpublica.com.ar\/index\/wp-json\/wp\/v2\/posts"}],"about":[{"href":"https:\/\/opinionpublica.com.ar\/index\/wp-json\/wp\/v2\/types\/post"}],"author":[{"embeddable":true,"href":"https:\/\/opinionpublica.com.ar\/index\/wp-json\/wp\/v2\/users\/5"}],"replies":[{"embeddable":true,"href":"https:\/\/opinionpublica.com.ar\/index\/wp-json\/wp\/v2\/comments?post=14455"}],"version-history":[{"count":1,"href":"https:\/\/opinionpublica.com.ar\/index\/wp-json\/wp\/v2\/posts\/14455\/revisions"}],"predecessor-version":[{"id":14456,"href":"https:\/\/opinionpublica.com.ar\/index\/wp-json\/wp\/v2\/posts\/14455\/revisions\/14456"}],"wp:featuredmedia":[{"embeddable":true,"href":"https:\/\/opinionpublica.com.ar\/index\/wp-json\/wp\/v2\/media\/14454"}],"wp:attachment":[{"href":"https:\/\/opinionpublica.com.ar\/index\/wp-json\/wp\/v2\/media?parent=14455"}],"wp:term":[{"taxonomy":"category","embeddable":true,"href":"https:\/\/opinionpublica.com.ar\/index\/wp-json\/wp\/v2\/categories?post=14455"},{"taxonomy":"post_tag","embeddable":true,"href":"https:\/\/opinionpublica.com.ar\/index\/wp-json\/wp\/v2\/tags?post=14455"}],"curies":[{"name":"wp","href":"https:\/\/api.w.org\/{rel}","templated":true}]}}