{"id":14459,"date":"2026-09-04T08:41:01","date_gmt":"2026-09-04T11:41:01","guid":{"rendered":"https:\/\/opinionpublica.com.ar\/index\/?p=14459"},"modified":"2026-09-04T08:41:01","modified_gmt":"2026-09-04T11:41:01","slug":"milei-confirma-la-construccion-de-la-base-naval-integrada-en-ushuaia","status":"publish","type":"post","link":"https:\/\/opinionpublica.com.ar\/index\/milei-confirma-la-construccion-de-la-base-naval-integrada-en-ushuaia\/","title":{"rendered":"Milei confirma la construcci\u00f3n de la Base Naval Integrada en Ushuaia"},"content":{"rendered":"<h3>Milei confirma por cadena nacional la construcci\u00f3n de la Base Naval Integrada en Ushuaia en defensa de la soberan\u00eda<\/h3>\n<p><a href=\"https:\/\/opinionpublica.com.ar\/index\/wp-content\/uploads\/2026\/09\/f608x342-146783_176506_0.jpg\"><img fetchpriority=\"high\" decoding=\"async\" class=\"alignnone size-full wp-image-14458\" src=\"https:\/\/opinionpublica.com.ar\/index\/wp-content\/uploads\/2026\/09\/f608x342-146783_176506_0.jpg\" alt=\"\" width=\"608\" height=\"342\" srcset=\"https:\/\/opinionpublica.com.ar\/index\/wp-content\/uploads\/2026\/09\/f608x342-146783_176506_0.jpg 608w, https:\/\/opinionpublica.com.ar\/index\/wp-content\/uploads\/2026\/09\/f608x342-146783_176506_0-300x169.jpg 300w\" sizes=\"(max-width: 608px) 100vw, 608px\" \/><\/a><\/p>\n<p>El Presidente anunci\u00f3 un DNU para ampliar los recursos del Ministerio de Defensa y avanzar con la construcci\u00f3n de una base naval integrada en la capital fueguina; afirm\u00f3 que el objetivo ser\u00e1 convertir a la provincia en un polo log\u00edstico estrat\u00e9gico para el Atl\u00e1ntico Sur y fortalecer la proyecci\u00f3n geopol\u00edtica argentina, en el marco de nuevas medidas contra empresas vinculadas con actividades no autorizadas en las Islas Malvinas.<\/p>\n<p>&nbsp;<\/p>\n<p>El presidente de la Rep\u00fablica Javier Milei anunci\u00f3 este jueves una serie de medidas destinadas a reforzar la posici\u00f3n argentina frente a las actividades desarrolladas en las Islas Malvinas y fortalecer las capacidades de defensa y vigilancia en el Atl\u00e1ntico Sur. Entre las principales, confirm\u00f3 la decisi\u00f3n de avanzar con la construcci\u00f3n de una Base Naval Integrada en Tierra del Fuego, proyecto con Ushuaia como punto estrat\u00e9gico.<\/p>\n<p>&nbsp;<\/p>\n<p>Durante su discurso por cadena nacional desde la Casa Rosada, el mandatario se\u00f1al\u00f3 que el Gobierno desplegar\u00e1 \u00abherramientas diplom\u00e1ticas, econ\u00f3micas, judiciales y legales\u00bb para desalentar las actividades vinculadas con la explotaci\u00f3n de recursos naturales en las islas, que la Argentina considera parte de su territorio y se encuentran bajo ocupaci\u00f3n brit\u00e1nica.<\/p>\n<p>&nbsp;<\/p>\n<p>\u00abProcederemos a inhabilitar de operar en territorio argentino a las empresas involucradas directa o indirectamente en proyectos en las Islas Malvinas sin autorizaci\u00f3n argentina\u00bb, afirm\u00f3 Milei.<\/p>\n<p>&nbsp;<\/p>\n<p>El Presidente plante\u00f3 adem\u00e1s que las compa\u00f1\u00edas deber\u00e1n optar entre participar de proyectos en las islas o desarrollar actividades en la Argentina, bajo un marco que defini\u00f3 como de \u00abreglas claras y previsibilidad\u00bb.<\/p>\n<p>&nbsp;<\/p>\n<p><strong>BASE NAVAL INTEGRADA EN USHUAIA<\/strong><\/p>\n<p>En paralelo con las medidas vinculadas directamente con la cuesti\u00f3n Malvinas, Milei anunci\u00f3 la firma de un Decreto de Necesidad y Urgencia (DNU) para ampliar los recursos destinados al Ministerio de Defensa. El objetivo prioritario ser\u00e1 construir una Base Naval Integrada en Tierra del Fuego e incrementar las capacidades argentinas en materia de telecomunicaciones.<\/p>\n<p>&nbsp;<\/p>\n<p>\u00abEsta base nos convertir\u00e1 en el polo log\u00edstico m\u00e1s importante del Atl\u00e1ntico Sur y ser\u00e1 fundamental para la proyecci\u00f3n geopol\u00edtica de la Argentina\u00bb, afirm\u00f3 el Presidente durante su discurso.<\/p>\n<p>&nbsp;<\/p>\n<p>El anuncio implica, de concretarse, un fortalecimiento de la infraestructura militar y log\u00edstica existente en el extremo sur del pa\u00eds, con una mirada que excede la cuesti\u00f3n espec\u00edfica de las Islas Malvinas y alcanza a la presencia argentina en el Atl\u00e1ntico Sur.<\/p>\n<p>&nbsp;<\/p>\n<p><strong>Proyecto de ley para reforzar la soberan\u00eda<\/strong><\/p>\n<p>Milei adelant\u00f3 adem\u00e1s que enviar\u00e1 al Congreso, con car\u00e1cter urgente, un proyecto de ley de defensa de la soberan\u00eda nacional, que tendr\u00e1 entre sus principales objetivos modificar la Ley 26.659 para endurecer las sanciones y penas contra compa\u00f1\u00edas vinculadas con operaciones no autorizadas en las islas.<\/p>\n<p>&nbsp;<\/p>\n","protected":false},"excerpt":{"rendered":"<p>Milei confirma por cadena nacional la construcci\u00f3n de la Base Naval Integrada en Ushuaia en defensa de la<\/p>\n","protected":false},"author":5,"featured_media":14458,"comment_status":"open","ping_status":"open","sticky":false,"template":"","format":"standard","meta":{"footnotes":""},"categories":[3],"tags":[],"class_list":["post-14459","post","type-post","status-publish","format-standard","has-post-thumbnail","hentry","category-nacionales"],"featured_image_urls":{"full":["https:\/\/opinionpublica.com.ar\/index\/wp-content\/uploads\/2026\/09\/f608x342-146783_176506_0.jpg",608,342,false],"thumbnail":["https:\/\/opinionpublica.com.ar\/index\/wp-content\/uploads\/2026\/09\/f608x342-146783_176506_0-150x150.jpg",150,150,true],"medium":["https:\/\/opinionpublica.com.ar\/index\/wp-content\/uploads\/2026\/09\/f608x342-146783_176506_0-300x169.jpg",300,169,true],"medium_large":["https:\/\/opinionpublica.com.ar\/index\/wp-content\/uploads\/2026\/09\/f608x342-146783_176506_0.jpg",608,342,false],"large":["https:\/\/opinionpublica.com.ar\/index\/wp-content\/uploads\/2026\/09\/f608x342-146783_176506_0.jpg",608,342,false],"1536x1536":["https:\/\/opinionpublica.com.ar\/index\/wp-content\/uploads\/2026\/09\/f608x342-146783_176506_0.jpg",608,342,false],"2048x2048":["https:\/\/opinionpublica.com.ar\/index\/wp-content\/uploads\/2026\/09\/f608x342-146783_176506_0.jpg",608,342,false],"morenews-large":["https:\/\/opinionpublica.com.ar\/index\/wp-content\/uploads\/2026\/09\/f608x342-146783_176506_0.jpg",608,342,false],"morenews-medium":["https:\/\/opinionpublica.com.ar\/index\/wp-content\/uploads\/2026\/09\/f608x342-146783_176506_0-590x342.jpg",590,342,true]},"author_info":{"display_name":"Hal","author_link":"https:\/\/opinionpublica.com.ar\/index\/author\/hal\/"},"category_info":"<a href=\"https:\/\/opinionpublica.com.ar\/index\/category\/nacionales\/\" rel=\"category tag\">Nacionales<\/a>","tag_info":"Nacionales","comment_count":"0","_links":{"self":[{"href":"https:\/\/opinionpublica.com.ar\/index\/wp-json\/wp\/v2\/posts\/14459","targetHints":{"allow":["GET"]}}],"collection":[{"href":"https:\/\/opinionpublica.com.ar\/index\/wp-json\/wp\/v2\/posts"}],"about":[{"href":"https:\/\/opinionpublica.com.ar\/index\/wp-json\/wp\/v2\/types\/post"}],"author":[{"embeddable":true,"href":"https:\/\/opinionpublica.com.ar\/index\/wp-json\/wp\/v2\/users\/5"}],"replies":[{"embeddable":true,"href":"https:\/\/opinionpublica.com.ar\/index\/wp-json\/wp\/v2\/comments?post=14459"}],"version-history":[{"count":1,"href":"https:\/\/opinionpublica.com.ar\/index\/wp-json\/wp\/v2\/posts\/14459\/revisions"}],"predecessor-version":[{"id":14460,"href":"https:\/\/opinionpublica.com.ar\/index\/wp-json\/wp\/v2\/posts\/14459\/revisions\/14460"}],"wp:featuredmedia":[{"embeddable":true,"href":"https:\/\/opinionpublica.com.ar\/index\/wp-json\/wp\/v2\/media\/14458"}],"wp:attachment":[{"href":"https:\/\/opinionpublica.com.ar\/index\/wp-json\/wp\/v2\/media?parent=14459"}],"wp:term":[{"taxonomy":"category","embeddable":true,"href":"https:\/\/opinionpublica.com.ar\/index\/wp-json\/wp\/v2\/categories?post=14459"},{"taxonomy":"post_tag","embeddable":true,"href":"https:\/\/opinionpublica.com.ar\/index\/wp-json\/wp\/v2\/tags?post=14459"}],"curies":[{"name":"wp","href":"https:\/\/api.w.org\/{rel}","templated":true}]}}