{"id":14461,"date":"2026-09-04T08:51:07","date_gmt":"2026-09-04T11:51:07","guid":{"rendered":"https:\/\/opinionpublica.com.ar\/index\/?p=14461"},"modified":"2026-09-04T08:51:07","modified_gmt":"2026-09-04T11:51:07","slug":"melella-respaldo-el-nuevo-rumbo-de-nacion-sobre-malvinas-y-exige-participacion-fueguina","status":"publish","type":"post","link":"https:\/\/opinionpublica.com.ar\/index\/melella-respaldo-el-nuevo-rumbo-de-nacion-sobre-malvinas-y-exige-participacion-fueguina\/","title":{"rendered":"Melella respald\u00f3 el nuevo rumbo de Naci\u00f3n sobre Malvinas y exige participaci\u00f3n fueguina"},"content":{"rendered":"<h3>Melella respald\u00f3 el nuevo rumbo de Naci\u00f3n sobre Malvinas y exige participaci\u00f3n fueguina<\/h3>\n<p>El gobernador de la provincia celebr\u00f3 el cambio de postura del Gobierno nacional en la causa Malvinas, pero advirti\u00f3 que los anuncios deben traducirse en hechos concretos.<\/p>\n<p><a href=\"https:\/\/opinionpublica.com.ar\/index\/wp-content\/uploads\/2025\/09\/Melella.jpg\"><img fetchpriority=\"high\" decoding=\"async\" class=\"alignnone size-full wp-image-11017\" src=\"https:\/\/opinionpublica.com.ar\/index\/wp-content\/uploads\/2025\/09\/Melella.jpg\" alt=\"\" width=\"800\" height=\"533\" srcset=\"https:\/\/opinionpublica.com.ar\/index\/wp-content\/uploads\/2025\/09\/Melella.jpg 800w, https:\/\/opinionpublica.com.ar\/index\/wp-content\/uploads\/2025\/09\/Melella-300x200.jpg 300w, https:\/\/opinionpublica.com.ar\/index\/wp-content\/uploads\/2025\/09\/Melella-768x512.jpg 768w\" sizes=\"(max-width: 800px) 100vw, 800px\" \/><\/a><\/p>\n<p>Reclam\u00f3 presupuesto, plazos y una articulaci\u00f3n efectiva con Tierra del Fuego para la Base Naval Integrada. Adem\u00e1s, pidi\u00f3 que la provincia sea parte activa de cada decisi\u00f3n sobre el Atl\u00e1ntico Sur y los recursos naturales. Subray\u00f3 que Malvinas es una causa de Estado que une a todos los argentinos m\u00e1s all\u00e1 de las diferencias pol\u00edticas.<\/p>\n<p>&nbsp;<\/p>\n<p>En su mensaje, difundido a trav\u00e9s de las redes sociales, el Mandatario fueguino destac\u00f3 que \u201chay causas que est\u00e1n por encima de cualquier diferencia pol\u00edtica\u201d y que Malvinas es una de ellas, por lo que celebr\u00f3 la decisi\u00f3n de construir un frente unificado que supere las meras declaraciones.<\/p>\n<p>&nbsp;<\/p>\n<p>El titular del Poder Ejecutivo Provincial valor\u00f3 especialmente el avance hacia una Base Naval Integrada, ya que considera que fortalecer la presencia argentina en el Atl\u00e1ntico Sur y en la Ant\u00e1rtida confirma la importancia estrat\u00e9gica de su provincia y el car\u00e1cter bi continental del pa\u00eds.<\/p>\n<p>&nbsp;<\/p>\n<p>No obstante, advirti\u00f3 que para que ese proyecto sea real ser\u00e1 necesario fijar presupuesto, cronogramas y una coordinaci\u00f3n efectiva con el gobierno provincial, sin la cual cualquier iniciativa quedar\u00eda incompleta.<\/p>\n<p>&nbsp;<\/p>\n<p>Melella insisti\u00f3 en que la Argentina debe profundizar al mismo tiempo su ofensiva diplom\u00e1tica y jur\u00eddica en los foros internacionales, reactivar el Consejo Nacional de Malvinas y dotarlo de herramientas concretas para frenar la explotaci\u00f3n ilegal de los recursos naturales en el \u00e1rea.<\/p>\n<p>Adem\u00e1s observ\u00f3 que no se puede concebir una pol\u00edtica nacional sobre el archipi\u00e9lago que excluya a Tierra del Fuego, por lo que solicitar\u00e1n formalmente una mayor apertura al di\u00e1logo y participaci\u00f3n efectiva en cada instancia de decisi\u00f3n.<\/p>\n<p>&nbsp;<\/p>\n","protected":false},"excerpt":{"rendered":"<p>Melella respald\u00f3 el nuevo rumbo de Naci\u00f3n sobre Malvinas y exige participaci\u00f3n fueguina El gobernador de la provincia<\/p>\n","protected":false},"author":5,"featured_media":11017,"comment_status":"open","ping_status":"open","sticky":false,"template":"","format":"standard","meta":{"footnotes":""},"categories":[2],"tags":[],"class_list":["post-14461","post","type-post","status-publish","format-standard","has-post-thumbnail","hentry","category-tierra-del-fuego"],"featured_image_urls":{"full":["https:\/\/opinionpublica.com.ar\/index\/wp-content\/uploads\/2025\/09\/Melella.jpg",800,533,false],"thumbnail":["https:\/\/opinionpublica.com.ar\/index\/wp-content\/uploads\/2025\/09\/Melella-150x150.jpg",150,150,true],"medium":["https:\/\/opinionpublica.com.ar\/index\/wp-content\/uploads\/2025\/09\/Melella-300x200.jpg",300,200,true],"medium_large":["https:\/\/opinionpublica.com.ar\/index\/wp-content\/uploads\/2025\/09\/Melella-768x512.jpg",640,427,true],"large":["https:\/\/opinionpublica.com.ar\/index\/wp-content\/uploads\/2025\/09\/Melella.jpg",640,426,false],"1536x1536":["https:\/\/opinionpublica.com.ar\/index\/wp-content\/uploads\/2025\/09\/Melella.jpg",800,533,false],"2048x2048":["https:\/\/opinionpublica.com.ar\/index\/wp-content\/uploads\/2025\/09\/Melella.jpg",800,533,false],"morenews-large":["https:\/\/opinionpublica.com.ar\/index\/wp-content\/uploads\/2025\/09\/Melella.jpg",800,533,false],"morenews-medium":["https:\/\/opinionpublica.com.ar\/index\/wp-content\/uploads\/2025\/09\/Melella-590x410.jpg",590,410,true]},"author_info":{"display_name":"Hal","author_link":"https:\/\/opinionpublica.com.ar\/index\/author\/hal\/"},"category_info":"<a href=\"https:\/\/opinionpublica.com.ar\/index\/category\/tierra-del-fuego\/\" rel=\"category tag\">Tierra del Fuego<\/a>","tag_info":"Tierra del Fuego","comment_count":"0","_links":{"self":[{"href":"https:\/\/opinionpublica.com.ar\/index\/wp-json\/wp\/v2\/posts\/14461","targetHints":{"allow":["GET"]}}],"collection":[{"href":"https:\/\/opinionpublica.com.ar\/index\/wp-json\/wp\/v2\/posts"}],"about":[{"href":"https:\/\/opinionpublica.com.ar\/index\/wp-json\/wp\/v2\/types\/post"}],"author":[{"embeddable":true,"href":"https:\/\/opinionpublica.com.ar\/index\/wp-json\/wp\/v2\/users\/5"}],"replies":[{"embeddable":true,"href":"https:\/\/opinionpublica.com.ar\/index\/wp-json\/wp\/v2\/comments?post=14461"}],"version-history":[{"count":1,"href":"https:\/\/opinionpublica.com.ar\/index\/wp-json\/wp\/v2\/posts\/14461\/revisions"}],"predecessor-version":[{"id":14462,"href":"https:\/\/opinionpublica.com.ar\/index\/wp-json\/wp\/v2\/posts\/14461\/revisions\/14462"}],"wp:featuredmedia":[{"embeddable":true,"href":"https:\/\/opinionpublica.com.ar\/index\/wp-json\/wp\/v2\/media\/11017"}],"wp:attachment":[{"href":"https:\/\/opinionpublica.com.ar\/index\/wp-json\/wp\/v2\/media?parent=14461"}],"wp:term":[{"taxonomy":"category","embeddable":true,"href":"https:\/\/opinionpublica.com.ar\/index\/wp-json\/wp\/v2\/categories?post=14461"},{"taxonomy":"post_tag","embeddable":true,"href":"https:\/\/opinionpublica.com.ar\/index\/wp-json\/wp\/v2\/tags?post=14461"}],"curies":[{"name":"wp","href":"https:\/\/api.w.org\/{rel}","templated":true}]}}