{"id":14463,"date":"2026-09-04T09:03:21","date_gmt":"2026-09-04T12:03:21","guid":{"rendered":"https:\/\/opinionpublica.com.ar\/index\/?p=14463"},"modified":"2026-09-04T09:03:21","modified_gmt":"2026-09-04T12:03:21","slug":"acuerdo-para-fortalecer-el-sistema-publico-de-salud","status":"publish","type":"post","link":"https:\/\/opinionpublica.com.ar\/index\/acuerdo-para-fortalecer-el-sistema-publico-de-salud\/","title":{"rendered":"Acuerdo para fortalecer el sistema p\u00fablico de salud"},"content":{"rendered":"<h3>Acuerdo para fortalecer el sistema p\u00fablico de salud<\/h3>\n<p>La obra social y el Ministerio de Salud firmaron un nuevo convenio que comprende a los hospitales de Ushuaia, R\u00edo Grande y Tolhuin y prev\u00e9 la articulaci\u00f3n con los CAPS. El acuerdo busca agilizar la atenci\u00f3n de los afiliados y, al mismo tiempo, generar un mecanismo de financiamiento para los efectores p\u00fablicos.<\/p>\n<p><a href=\"https:\/\/opinionpublica.com.ar\/index\/wp-content\/uploads\/2024\/05\/hospital-de-ushuaia.jpg\"><img fetchpriority=\"high\" decoding=\"async\" class=\"alignnone size-full wp-image-3439\" src=\"https:\/\/opinionpublica.com.ar\/index\/wp-content\/uploads\/2024\/05\/hospital-de-ushuaia.jpg\" alt=\"\" width=\"1127\" height=\"750\" srcset=\"https:\/\/opinionpublica.com.ar\/index\/wp-content\/uploads\/2024\/05\/hospital-de-ushuaia.jpg 1127w, https:\/\/opinionpublica.com.ar\/index\/wp-content\/uploads\/2024\/05\/hospital-de-ushuaia-300x200.jpg 300w, https:\/\/opinionpublica.com.ar\/index\/wp-content\/uploads\/2024\/05\/hospital-de-ushuaia-1024x681.jpg 1024w, https:\/\/opinionpublica.com.ar\/index\/wp-content\/uploads\/2024\/05\/hospital-de-ushuaia-768x511.jpg 768w\" sizes=\"(max-width: 1127px) 100vw, 1127px\" \/><\/a><\/p>\n<p>El Ministerio de Salud y la Obra Social del Estado Fueguino (OSEF) firmaron un nuevo convenio marco que establece un esquema de financiamiento directo para las prestaciones que los efectores p\u00fablicos brindan a los afiliados de la obra social provincial.<\/p>\n<p>&nbsp;<\/p>\n<p>El acuerdo comprende a los hospitales p\u00fablicos de Ushuaia, R\u00edo Grande y Tolhuin y contempla adem\u00e1s la coordinaci\u00f3n con los Centros de Atenci\u00f3n Primaria de la Salud (CAPS).<\/p>\n<p>&nbsp;<\/p>\n<p>En t\u00e9rminos pr\u00e1cticos, el convenio apunta a ordenar la relaci\u00f3n entre dos componentes del mismo sistema estatal: por un lado, OSEF como financiadora de la cobertura de sus afiliados y, por otro, los establecimientos p\u00fablicos que efectivamente brindan parte de esas prestaciones.<\/p>\n<p>&nbsp;<\/p>\n<p>Seg\u00fan inform\u00f3 el Gobierno, el nuevo mecanismo permitir\u00e1 agilizar la gesti\u00f3n de prestaciones y coberturas y facilitar el acceso de los afiliados a los servicios sanitarios. Al mismo tiempo, los hospitales recibir\u00e1n financiamiento por la atenci\u00f3n proporcionada a beneficiarios de la obra social.<\/p>\n<p>&nbsp;<\/p>\n<p>El presidente de OSEF, Gustavo Garc\u00eda, destac\u00f3 que el convenio \u201cno solamente va a permitir financiar a los efectores, hospital de Ushuaia, R\u00edo Grande y Tolhuin, sino que tambi\u00e9n le da una herramienta fundamental a los afiliados a la hora de atenderse\u201d.<\/p>\n<p>&nbsp;<\/p>\n<p>Desde la obra social sostienen que el objetivo es avanzar hacia una mayor integraci\u00f3n con la red sanitaria provincial, en un contexto en el que tanto OSEF como el sistema p\u00fablico afrontan una fuerte demanda de prestaciones y recursos.<\/p>\n<p>&nbsp;<\/p>\n<p>\u201cBuscamos consolidar la integraci\u00f3n entre la obra social y la red sanitaria p\u00fablica provincial, garantizando la sostenibilidad de los centros de salud y mejorando la calidad de respuesta para toda la comunidad fueguina\u201d, afirm\u00f3 Garc\u00eda.<\/p>\n","protected":false},"excerpt":{"rendered":"<p>Acuerdo para fortalecer el sistema p\u00fablico de salud La obra social y el Ministerio de Salud firmaron un<\/p>\n","protected":false},"author":5,"featured_media":3439,"comment_status":"open","ping_status":"open","sticky":false,"template":"","format":"standard","meta":{"footnotes":""},"categories":[2],"tags":[],"class_list":["post-14463","post","type-post","status-publish","format-standard","has-post-thumbnail","hentry","category-tierra-del-fuego"],"featured_image_urls":{"full":["https:\/\/opinionpublica.com.ar\/index\/wp-content\/uploads\/2024\/05\/hospital-de-ushuaia.jpg",1127,750,false],"thumbnail":["https:\/\/opinionpublica.com.ar\/index\/wp-content\/uploads\/2024\/05\/hospital-de-ushuaia-150x150.jpg",150,150,true],"medium":["https:\/\/opinionpublica.com.ar\/index\/wp-content\/uploads\/2024\/05\/hospital-de-ushuaia-300x200.jpg",300,200,true],"medium_large":["https:\/\/opinionpublica.com.ar\/index\/wp-content\/uploads\/2024\/05\/hospital-de-ushuaia-768x511.jpg",640,426,true],"large":["https:\/\/opinionpublica.com.ar\/index\/wp-content\/uploads\/2024\/05\/hospital-de-ushuaia-1024x681.jpg",640,426,true],"1536x1536":["https:\/\/opinionpublica.com.ar\/index\/wp-content\/uploads\/2024\/05\/hospital-de-ushuaia.jpg",1127,750,false],"2048x2048":["https:\/\/opinionpublica.com.ar\/index\/wp-content\/uploads\/2024\/05\/hospital-de-ushuaia.jpg",1127,750,false],"morenews-large":["https:\/\/opinionpublica.com.ar\/index\/wp-content\/uploads\/2024\/05\/hospital-de-ushuaia-825x575.jpg",825,575,true],"morenews-medium":["https:\/\/opinionpublica.com.ar\/index\/wp-content\/uploads\/2024\/05\/hospital-de-ushuaia-590x410.jpg",590,410,true]},"author_info":{"display_name":"Hal","author_link":"https:\/\/opinionpublica.com.ar\/index\/author\/hal\/"},"category_info":"<a href=\"https:\/\/opinionpublica.com.ar\/index\/category\/tierra-del-fuego\/\" rel=\"category tag\">Tierra del Fuego<\/a>","tag_info":"Tierra del Fuego","comment_count":"0","_links":{"self":[{"href":"https:\/\/opinionpublica.com.ar\/index\/wp-json\/wp\/v2\/posts\/14463","targetHints":{"allow":["GET"]}}],"collection":[{"href":"https:\/\/opinionpublica.com.ar\/index\/wp-json\/wp\/v2\/posts"}],"about":[{"href":"https:\/\/opinionpublica.com.ar\/index\/wp-json\/wp\/v2\/types\/post"}],"author":[{"embeddable":true,"href":"https:\/\/opinionpublica.com.ar\/index\/wp-json\/wp\/v2\/users\/5"}],"replies":[{"embeddable":true,"href":"https:\/\/opinionpublica.com.ar\/index\/wp-json\/wp\/v2\/comments?post=14463"}],"version-history":[{"count":1,"href":"https:\/\/opinionpublica.com.ar\/index\/wp-json\/wp\/v2\/posts\/14463\/revisions"}],"predecessor-version":[{"id":14464,"href":"https:\/\/opinionpublica.com.ar\/index\/wp-json\/wp\/v2\/posts\/14463\/revisions\/14464"}],"wp:featuredmedia":[{"embeddable":true,"href":"https:\/\/opinionpublica.com.ar\/index\/wp-json\/wp\/v2\/media\/3439"}],"wp:attachment":[{"href":"https:\/\/opinionpublica.com.ar\/index\/wp-json\/wp\/v2\/media?parent=14463"}],"wp:term":[{"taxonomy":"category","embeddable":true,"href":"https:\/\/opinionpublica.com.ar\/index\/wp-json\/wp\/v2\/categories?post=14463"},{"taxonomy":"post_tag","embeddable":true,"href":"https:\/\/opinionpublica.com.ar\/index\/wp-json\/wp\/v2\/tags?post=14463"}],"curies":[{"name":"wp","href":"https:\/\/api.w.org\/{rel}","templated":true}]}}