{"id":14465,"date":"2026-09-04T09:13:25","date_gmt":"2026-09-04T12:13:25","guid":{"rendered":"https:\/\/opinionpublica.com.ar\/index\/?p=14465"},"modified":"2026-09-04T09:13:25","modified_gmt":"2026-09-04T12:13:25","slug":"punta-arenas-busca-abastecer-a-malvinas","status":"publish","type":"post","link":"https:\/\/opinionpublica.com.ar\/index\/punta-arenas-busca-abastecer-a-malvinas\/","title":{"rendered":"Punta Arenas busca abastecer a Malvinas"},"content":{"rendered":"<h3 class=\"titulo_individual_noticia\">Punta Arenas busca abastecer a Malvinas<\/h3>\n<div class=\"copete_individual_noticia\">La iniciativa busca convertir a la ciudad chilena en un nuevo punto de abastecimiento de las islas ocupadas por Reino Unido. La operaci\u00f3n mar\u00edtima busca reducir costos log\u00edsticos y utilizar\u00e1 una embarcaci\u00f3n que no enarbolar\u00e1 la bandera de las islas alcanzada por la declaraci\u00f3n regional de 2011.<\/div>\n<div><a href=\"https:\/\/opinionpublica.com.ar\/index\/wp-content\/uploads\/2024\/05\/malvinas-argentina-postal.jpg\"><img fetchpriority=\"high\" decoding=\"async\" class=\"alignnone size-full wp-image-2682\" src=\"https:\/\/opinionpublica.com.ar\/index\/wp-content\/uploads\/2024\/05\/malvinas-argentina-postal.jpg\" alt=\"\" width=\"960\" height=\"540\" srcset=\"https:\/\/opinionpublica.com.ar\/index\/wp-content\/uploads\/2024\/05\/malvinas-argentina-postal.jpg 960w, https:\/\/opinionpublica.com.ar\/index\/wp-content\/uploads\/2024\/05\/malvinas-argentina-postal-300x169.jpg 300w, https:\/\/opinionpublica.com.ar\/index\/wp-content\/uploads\/2024\/05\/malvinas-argentina-postal-768x432.jpg 768w\" sizes=\"(max-width: 960px) 100vw, 960px\" \/><\/a><\/div>\n<div class=\"clear_both\"><\/div>\n<div class=\"contenido_individual_noticia\">\n<div class=\"contenedor_primera_letra_individual_noticia\">El primer viaje por v\u00eda mar\u00edtima entre Punta Arenas y las Islas Malvinas est\u00e1 previsto para noviembre. La nueva ruta permitir\u00e1 transportar mercader\u00eda desde el sur de Chile y reducir casi a la mitad la distancia que actualmente recorren los cargamentos que llegan al archipi\u00e9lago desde Montevideo.<\/div>\n<p>El alcalde de Punta Arenas, Claudio Radonich, confirm\u00f3 que la naviera chilena Easter Island cerr\u00f3 un contrato con la Falkland Islands Development Corporation, organismo financiado por la administraci\u00f3n brit\u00e1nica de las islas. El objetivo es establecer una conexi\u00f3n comercial estable y abaratar el abastecimiento del territorio argentino ocupado por Reino Unido.<\/p>\n<p>Como parte de esas gestiones, los d\u00edas 28 y 29 de septiembre viajar\u00e1 a Punta Arenas una delegaci\u00f3n de 25 empresarios que desarrollan actividades en Malvinas para reunirse con proveedores chilenos. Buscan adquirir alimentos, frutas y verduras, vinos, materiales de construcci\u00f3n, gas licuado y repuestos. Radonich estim\u00f3 que ese mercado representa alrededor de 20 millones de d\u00f3lares por a\u00f1o.<\/p>\n<p>La nueva ruta tiene un antecedente directo en 2011. Ese a\u00f1o, Chile acompa\u00f1\u00f3 a los pa\u00edses del Mercosur y Estados asociados en el compromiso de impedir el ingreso a sus puertos de barcos que enarbolaran la bandera ilegal de las Islas Malvinas. Radonich sostuvo que el nuevo servicio no violar\u00e1 ese acuerdo porque la embarcaci\u00f3n contratada navegar\u00e1 con otra bandera.<\/p>\n<p>El alcalde se\u00f1al\u00f3 adem\u00e1s que la regi\u00f3n de Magallanes perdi\u00f3 unos 300 millones de d\u00f3lares en negocios desde aquella decisi\u00f3n y present\u00f3 la nueva conexi\u00f3n como una oportunidad para recuperar ese intercambio. De concretarse, Punta Arenas pasar\u00e1 a competir con Montevideo como v\u00eda de ingreso de mercader\u00edas hacia las islas.<\/p>\n<p>La iniciativa contrasta con la posici\u00f3n diplom\u00e1tica que Chile mantiene sobre la soberan\u00eda. En abril de este a\u00f1o, el presidente Jos\u00e9 Antonio Kast reiter\u00f3 oficialmente el respaldo de su pa\u00eds a los \u201cleg\u00edtimos derechos de soberan\u00eda\u201d de Argentina sobre Malvinas, Georgias del Sur, Sandwich del Sur y los espacios mar\u00edtimos circundantes. Tambi\u00e9n volvi\u00f3 a reclamar que Argentina y Reino Unido reanuden las negociaciones.<\/p>\n<p>La relaci\u00f3n entre Chile y la cuesti\u00f3n Malvinas tiene adem\u00e1s un antecedente especialmente sensible para Argentina. Durante la guerra de 1982, y pocos a\u00f1os despu\u00e9s de la crisis lim\u00edtrofe por el canal de Beagle, la dictadura de Augusto Pinochet colabor\u00f3 con Reino Unido. El entonces jefe de la Fuerza A\u00e9rea chilena, Fernando Matthei, reconoci\u00f3 a\u00f1os despu\u00e9s que Chile facilit\u00f3 informaci\u00f3n de inteligencia a los brit\u00e1nicos durante el conflicto.<\/p>\n<p>Con el retorno de la democracia, la posici\u00f3n chilena cambi\u00f3 y Santiago pas\u00f3 a respaldar de manera sostenida el reclamo argentino en los organismos regionales. La decisi\u00f3n de 2011 de cerrar los puertos a los buques con bandera ilegal de Malvinas fue parte de ese acompa\u00f1amiento. Ahora, la ruta impulsada desde Punta Arenas busca retomar el comercio sin utilizar esa bandera y facilitar el abastecimiento de las islas bajo ocupaci\u00f3n brit\u00e1nica.<\/p>\n<\/div>\n","protected":false},"excerpt":{"rendered":"<p>Punta Arenas busca abastecer a Malvinas La iniciativa busca convertir a la ciudad chilena en un nuevo punto<\/p>\n","protected":false},"author":5,"featured_media":1300,"comment_status":"open","ping_status":"open","sticky":false,"template":"","format":"standard","meta":{"footnotes":""},"categories":[3],"tags":[],"class_list":["post-14465","post","type-post","status-publish","format-standard","has-post-thumbnail","hentry","category-nacionales"],"featured_image_urls":{"full":["https:\/\/opinionpublica.com.ar\/index\/wp-content\/uploads\/2024\/03\/puerto-malvinas.jpg",760,507,false],"thumbnail":["https:\/\/opinionpublica.com.ar\/index\/wp-content\/uploads\/2024\/03\/puerto-malvinas-150x150.jpg",150,150,true],"medium":["https:\/\/opinionpublica.com.ar\/index\/wp-content\/uploads\/2024\/03\/puerto-malvinas-300x200.jpg",300,200,true],"medium_large":["https:\/\/opinionpublica.com.ar\/index\/wp-content\/uploads\/2024\/03\/puerto-malvinas.jpg",640,427,false],"large":["https:\/\/opinionpublica.com.ar\/index\/wp-content\/uploads\/2024\/03\/puerto-malvinas.jpg",640,427,false],"1536x1536":["https:\/\/opinionpublica.com.ar\/index\/wp-content\/uploads\/2024\/03\/puerto-malvinas.jpg",760,507,false],"2048x2048":["https:\/\/opinionpublica.com.ar\/index\/wp-content\/uploads\/2024\/03\/puerto-malvinas.jpg",760,507,false],"morenews-large":["https:\/\/opinionpublica.com.ar\/index\/wp-content\/uploads\/2024\/03\/puerto-malvinas.jpg",760,507,false],"morenews-medium":["https:\/\/opinionpublica.com.ar\/index\/wp-content\/uploads\/2024\/03\/puerto-malvinas-590x410.jpg",590,410,true]},"author_info":{"display_name":"Hal","author_link":"https:\/\/opinionpublica.com.ar\/index\/author\/hal\/"},"category_info":"<a href=\"https:\/\/opinionpublica.com.ar\/index\/category\/nacionales\/\" rel=\"category tag\">Nacionales<\/a>","tag_info":"Nacionales","comment_count":"0","_links":{"self":[{"href":"https:\/\/opinionpublica.com.ar\/index\/wp-json\/wp\/v2\/posts\/14465","targetHints":{"allow":["GET"]}}],"collection":[{"href":"https:\/\/opinionpublica.com.ar\/index\/wp-json\/wp\/v2\/posts"}],"about":[{"href":"https:\/\/opinionpublica.com.ar\/index\/wp-json\/wp\/v2\/types\/post"}],"author":[{"embeddable":true,"href":"https:\/\/opinionpublica.com.ar\/index\/wp-json\/wp\/v2\/users\/5"}],"replies":[{"embeddable":true,"href":"https:\/\/opinionpublica.com.ar\/index\/wp-json\/wp\/v2\/comments?post=14465"}],"version-history":[{"count":1,"href":"https:\/\/opinionpublica.com.ar\/index\/wp-json\/wp\/v2\/posts\/14465\/revisions"}],"predecessor-version":[{"id":14466,"href":"https:\/\/opinionpublica.com.ar\/index\/wp-json\/wp\/v2\/posts\/14465\/revisions\/14466"}],"wp:featuredmedia":[{"embeddable":true,"href":"https:\/\/opinionpublica.com.ar\/index\/wp-json\/wp\/v2\/media\/1300"}],"wp:attachment":[{"href":"https:\/\/opinionpublica.com.ar\/index\/wp-json\/wp\/v2\/media?parent=14465"}],"wp:term":[{"taxonomy":"category","embeddable":true,"href":"https:\/\/opinionpublica.com.ar\/index\/wp-json\/wp\/v2\/categories?post=14465"},{"taxonomy":"post_tag","embeddable":true,"href":"https:\/\/opinionpublica.com.ar\/index\/wp-json\/wp\/v2\/tags?post=14465"}],"curies":[{"name":"wp","href":"https:\/\/api.w.org\/{rel}","templated":true}]}}