{"id":14469,"date":"2026-09-04T09:25:44","date_gmt":"2026-09-04T12:25:44","guid":{"rendered":"https:\/\/opinionpublica.com.ar\/index\/?p=14469"},"modified":"2026-09-04T09:25:44","modified_gmt":"2026-09-04T12:25:44","slug":"walter-vuoto-se-refirio-a-los-recientes-anuncios-del-gobierno-nacional-vinculados-a-la-cuestion-malvinas","status":"publish","type":"post","link":"https:\/\/opinionpublica.com.ar\/index\/walter-vuoto-se-refirio-a-los-recientes-anuncios-del-gobierno-nacional-vinculados-a-la-cuestion-malvinas\/","title":{"rendered":"Walter Vuoto se refiri\u00f3 a los recientes anuncios del Gobierno nacional vinculados a la cuesti\u00f3n Malvinas"},"content":{"rendered":"<h3>Lo que pedimos es coherencia: que las medidas de hoy no se contradigan ma\u00f1ana, y que el sur no sea solo escenograf\u00eda<\/h3>\n<p><a href=\"https:\/\/opinionpublica.com.ar\/index\/wp-content\/uploads\/2026\/04\/multimedia.normal.84d116717c805ec3.56756f746f5f6e6f726d616c2e6a7067.jpg\"><img fetchpriority=\"high\" decoding=\"async\" class=\"alignnone size-full wp-image-13073\" src=\"https:\/\/opinionpublica.com.ar\/index\/wp-content\/uploads\/2026\/04\/multimedia.normal.84d116717c805ec3.56756f746f5f6e6f726d616c2e6a7067.jpg\" alt=\"\" width=\"750\" height=\"500\" srcset=\"https:\/\/opinionpublica.com.ar\/index\/wp-content\/uploads\/2026\/04\/multimedia.normal.84d116717c805ec3.56756f746f5f6e6f726d616c2e6a7067.jpg 750w, https:\/\/opinionpublica.com.ar\/index\/wp-content\/uploads\/2026\/04\/multimedia.normal.84d116717c805ec3.56756f746f5f6e6f726d616c2e6a7067-300x200.jpg 300w\" sizes=\"(max-width: 750px) 100vw, 750px\" \/><\/a><\/p>\n<p>El intendente de Ushuaia Walter Vuoto, se refiri\u00f3 a los recientes anuncios del Gobierno nacional vinculados a la cuesti\u00f3n Malvinas. Si bien valor\u00f3 algunas de las medidas, cuestion\u00f3 la demora en su implementaci\u00f3n y record\u00f3 decisiones previas que consider\u00f3 contradictorias con el fortalecimiento de la soberan\u00eda en el Atl\u00e1ntico Sur.<\/p>\n<p>&nbsp;<\/p>\n<p>\u201cDesde la ciudad m\u00e1s austral del mundo, la capital de Malvinas. Ac\u00e1 la soberan\u00eda no es un tema de agenda: es la vida cotidiana. Por eso, despu\u00e9s de la cadena nacional del Presidente, quiero ser claro sobre lo que valoramos y lo que falta\u201d, expres\u00f3.<\/p>\n<p>&nbsp;<\/p>\n<p>Sobre las sanciones a empresas petroleras que operan sin autorizaci\u00f3n argentina, sostuvo: \u201cSancionar a las petroleras que operan en Malvinas sin autorizaci\u00f3n argentina est\u00e1 bien. Pero no es nuevo: es la Ley 26.659, sancionada en 2011. Que hoy se fortalezca y se aplique con decisi\u00f3n es una buena noticia. Que se haya tardado casi tres a\u00f1os, no\u201d.<\/p>\n<p>&nbsp;<\/p>\n<p>Tambi\u00e9n apunt\u00f3 a la situaci\u00f3n de la Base Naval Integrada de Ushuaia: \u201cSe anunci\u00f3 en 2022, junto a Jorge Taiana se puso la piedra fundacional, empez\u00f3 a construirse y entr\u00f3 en el Presupuesto nacional. En 2024 este mismo gobierno la fren\u00f3 y la ofreci\u00f3 a Estados Unidos como proyecto conjunto. Hoy la vuelve a anunciar como propia\u201d.<\/p>\n<p>&nbsp;<\/p>\n<p>En ese sentido, cuestion\u00f3 adem\u00e1s la venta de tierras de la Armada en Ushuaia: \u201cNo se puede hablar de presencia soberana en el Atl\u00e1ntico Sur y al mismo tiempo desprenderse del suelo que la sostiene\u201d.<\/p>\n<p>&nbsp;<\/p>\n<p>Vuoto vincul\u00f3 adem\u00e1s la soberan\u00eda con el desarrollo y el arraigo de la poblaci\u00f3n fueguina. \u201cTierra del Fuego hoy pelea los primeros puestos de p\u00e9rdida de empleo privado del pa\u00eds. Cada f\u00e1brica que cierra y cada familia que se va del sur es soberan\u00eda que se pierde\u201d, advirti\u00f3.<\/p>\n<p>&nbsp;<\/p>\n<p>Finalmente, reclam\u00f3 coherencia en las pol\u00edticas hacia la regi\u00f3n y afirm\u00f3: \u201cDefender Malvinas no es solo eso. Es poblar nuestras islas: que vivir en Tierra del Fuego sea posible, con trabajo, vivienda, conectividad y salud. La mejor pol\u00edtica de soberan\u00eda es un fueguino que decide quedarse\u201d.<\/p>\n","protected":false},"excerpt":{"rendered":"<p>Lo que pedimos es coherencia: que las medidas de hoy no se contradigan ma\u00f1ana, y que el sur<\/p>\n","protected":false},"author":5,"featured_media":13073,"comment_status":"open","ping_status":"open","sticky":false,"template":"","format":"standard","meta":{"footnotes":""},"categories":[21],"tags":[],"class_list":["post-14469","post","type-post","status-publish","format-standard","has-post-thumbnail","hentry","category-ushuaia"],"featured_image_urls":{"full":["https:\/\/opinionpublica.com.ar\/index\/wp-content\/uploads\/2026\/04\/multimedia.normal.84d116717c805ec3.56756f746f5f6e6f726d616c2e6a7067.jpg",750,500,false],"thumbnail":["https:\/\/opinionpublica.com.ar\/index\/wp-content\/uploads\/2026\/04\/multimedia.normal.84d116717c805ec3.56756f746f5f6e6f726d616c2e6a7067-150x150.jpg",150,150,true],"medium":["https:\/\/opinionpublica.com.ar\/index\/wp-content\/uploads\/2026\/04\/multimedia.normal.84d116717c805ec3.56756f746f5f6e6f726d616c2e6a7067-300x200.jpg",300,200,true],"medium_large":["https:\/\/opinionpublica.com.ar\/index\/wp-content\/uploads\/2026\/04\/multimedia.normal.84d116717c805ec3.56756f746f5f6e6f726d616c2e6a7067.jpg",640,427,false],"large":["https:\/\/opinionpublica.com.ar\/index\/wp-content\/uploads\/2026\/04\/multimedia.normal.84d116717c805ec3.56756f746f5f6e6f726d616c2e6a7067.jpg",640,427,false],"1536x1536":["https:\/\/opinionpublica.com.ar\/index\/wp-content\/uploads\/2026\/04\/multimedia.normal.84d116717c805ec3.56756f746f5f6e6f726d616c2e6a7067.jpg",750,500,false],"2048x2048":["https:\/\/opinionpublica.com.ar\/index\/wp-content\/uploads\/2026\/04\/multimedia.normal.84d116717c805ec3.56756f746f5f6e6f726d616c2e6a7067.jpg",750,500,false],"morenews-large":["https:\/\/opinionpublica.com.ar\/index\/wp-content\/uploads\/2026\/04\/multimedia.normal.84d116717c805ec3.56756f746f5f6e6f726d616c2e6a7067.jpg",750,500,false],"morenews-medium":["https:\/\/opinionpublica.com.ar\/index\/wp-content\/uploads\/2026\/04\/multimedia.normal.84d116717c805ec3.56756f746f5f6e6f726d616c2e6a7067-590x410.jpg",590,410,true]},"author_info":{"display_name":"Hal","author_link":"https:\/\/opinionpublica.com.ar\/index\/author\/hal\/"},"category_info":"<a href=\"https:\/\/opinionpublica.com.ar\/index\/category\/ushuaia\/\" rel=\"category tag\">Ushuaia<\/a>","tag_info":"Ushuaia","comment_count":"0","_links":{"self":[{"href":"https:\/\/opinionpublica.com.ar\/index\/wp-json\/wp\/v2\/posts\/14469","targetHints":{"allow":["GET"]}}],"collection":[{"href":"https:\/\/opinionpublica.com.ar\/index\/wp-json\/wp\/v2\/posts"}],"about":[{"href":"https:\/\/opinionpublica.com.ar\/index\/wp-json\/wp\/v2\/types\/post"}],"author":[{"embeddable":true,"href":"https:\/\/opinionpublica.com.ar\/index\/wp-json\/wp\/v2\/users\/5"}],"replies":[{"embeddable":true,"href":"https:\/\/opinionpublica.com.ar\/index\/wp-json\/wp\/v2\/comments?post=14469"}],"version-history":[{"count":1,"href":"https:\/\/opinionpublica.com.ar\/index\/wp-json\/wp\/v2\/posts\/14469\/revisions"}],"predecessor-version":[{"id":14470,"href":"https:\/\/opinionpublica.com.ar\/index\/wp-json\/wp\/v2\/posts\/14469\/revisions\/14470"}],"wp:featuredmedia":[{"embeddable":true,"href":"https:\/\/opinionpublica.com.ar\/index\/wp-json\/wp\/v2\/media\/13073"}],"wp:attachment":[{"href":"https:\/\/opinionpublica.com.ar\/index\/wp-json\/wp\/v2\/media?parent=14469"}],"wp:term":[{"taxonomy":"category","embeddable":true,"href":"https:\/\/opinionpublica.com.ar\/index\/wp-json\/wp\/v2\/categories?post=14469"},{"taxonomy":"post_tag","embeddable":true,"href":"https:\/\/opinionpublica.com.ar\/index\/wp-json\/wp\/v2\/tags?post=14469"}],"curies":[{"name":"wp","href":"https:\/\/api.w.org\/{rel}","templated":true}]}}