{"id":14471,"date":"2026-09-04T09:32:43","date_gmt":"2026-09-04T12:32:43","guid":{"rendered":"https:\/\/opinionpublica.com.ar\/index\/?p=14471"},"modified":"2026-09-04T09:32:43","modified_gmt":"2026-09-04T12:32:43","slug":"milei-intenta-tapar-su-entreguismo-hasta-que-termine-el-ciclo-electoral-de-2027","status":"publish","type":"post","link":"https:\/\/opinionpublica.com.ar\/index\/milei-intenta-tapar-su-entreguismo-hasta-que-termine-el-ciclo-electoral-de-2027\/","title":{"rendered":"\u201cMilei intenta tapar su entreguismo hasta que termine el ciclo electoral de 2027\u201d"},"content":{"rendered":"<h3>\u201cMilei intenta tapar su entreguismo hasta que termine el ciclo electoral de 2027\u201d<\/h3>\n<p><a href=\"https:\/\/opinionpublica.com.ar\/index\/wp-content\/uploads\/2024\/05\/martin-perez-2.jpg\"><img fetchpriority=\"high\" decoding=\"async\" class=\"alignnone size-full wp-image-3309\" src=\"https:\/\/opinionpublica.com.ar\/index\/wp-content\/uploads\/2024\/05\/martin-perez-2.jpg\" alt=\"\" width=\"1200\" height=\"675\" srcset=\"https:\/\/opinionpublica.com.ar\/index\/wp-content\/uploads\/2024\/05\/martin-perez-2.jpg 1200w, https:\/\/opinionpublica.com.ar\/index\/wp-content\/uploads\/2024\/05\/martin-perez-2-300x169.jpg 300w, https:\/\/opinionpublica.com.ar\/index\/wp-content\/uploads\/2024\/05\/martin-perez-2-1024x576.jpg 1024w, https:\/\/opinionpublica.com.ar\/index\/wp-content\/uploads\/2024\/05\/martin-perez-2-768x432.jpg 768w\" sizes=\"(max-width: 1200px) 100vw, 1200px\" \/><\/a><\/p>\n<p>El intendente de R\u00edo Grande, Mart\u00edn P\u00e9rez, cuestion\u00f3 duramente las pol\u00edticas del Gobierno nacional y advirti\u00f3 sobre las consecuencias que tienen para Tierra del Fuego, particularmente en materia de soberan\u00eda, desarrollo industrial y empleo.<\/p>\n<p>&nbsp;<\/p>\n<p>A trav\u00e9s de sus redes sociales, el jefe comunal se refiri\u00f3 a la reciente pol\u00e9mica vinculada a la Selecci\u00f3n Argentina y sostuvo que, a un a\u00f1o de las elecciones, el presidente Javier Milei intenta \u201ctapar su entreguismo hasta que termine el ciclo electoral de 2027\u201d.<\/p>\n<p>&nbsp;<\/p>\n<p>En ese sentido, P\u00e9rez expres\u00f3: \u201cDespu\u00e9s volver\u00e1 el Javier Milei de siempre, o peor: el que se desespera por una visita al Reino Unido, el admirador de la criminal de guerra Margaret Thatcher, el que obliga a nuestros militares a buscar un segundo empleo y el que remata terrenos estrat\u00e9gicos de las Fuerzas Armadas\u201d.<\/p>\n<p>&nbsp;<\/p>\n<p>El intendente tambi\u00e9n cuestion\u00f3 la paralizaci\u00f3n de proyectos estrat\u00e9gicos y record\u00f3 que durante la gesti\u00f3n nacional anterior se hab\u00edan producido avances en materia de infraestructura. \u201cDurante su Gobierno, Sea Lion tom\u00f3 la decisi\u00f3n final de inversi\u00f3n, cerr\u00f3 su financiamiento y avanz\u00f3 a la etapa de desarrollo. Nautica ya hab\u00eda sido declarada ilegal e inhabilitada por 20 a\u00f1os en 2022 por su participaci\u00f3n en el proyecto, y Rockhopper hab\u00eda recibido la misma sanci\u00f3n en 2013\u201d, se\u00f1al\u00f3.<\/p>\n<p>&nbsp;<\/p>\n<p>Asimismo, remarc\u00f3 que \u201cla Base Naval Integrada de Ushuaia comenz\u00f3 en 2022 y durante esta gesti\u00f3n qued\u00f3 paralizada\u201d.<\/p>\n<p>&nbsp;<\/p>\n<p><strong>La crisis industrial<\/strong><\/p>\n<p>P\u00e9rez puso especial \u00e9nfasis en la situaci\u00f3n que atraviesa el sector industrial fueguino y asegur\u00f3 que la p\u00e9rdida de puestos laborales representa uno de los principales problemas de la provincia.<\/p>\n<p>&nbsp;<\/p>\n<p>\u201cAl mismo tiempo, Tierra del Fuego atraviesa una profunda crisis industrial. En 2023 hab\u00eda 11.282 trabajadores industriales; en 2026 quedan 6.680. Son 4.602 puestos menos, una ca\u00edda del 40,8%\u201d, afirm\u00f3.<\/p>\n<p>&nbsp;<\/p>\n<p>Adem\u00e1s, vincul\u00f3 esta situaci\u00f3n con otras medidas econ\u00f3micas impulsadas a nivel nacional. \u201cA esto se sumaron el arancel cero para celulares importados y la reducci\u00f3n a cero de los aportes obligatorios al FAMP, afectando la producci\u00f3n y las herramientas para diversificar la matriz productiva fueguina\u201d, sostuvo.<\/p>\n<p>&nbsp;<\/p>\n<p>Finalmente, el intendente hizo referencia al impacto social de la p\u00e9rdida de empleo y defendi\u00f3 la necesidad de fortalecer el desarrollo y la presencia poblacional en la provincia.<\/p>\n<p>&nbsp;<\/p>\n<p>\u201cEn R\u00edo Grande, cada puesto de trabajo que se pierde afecta familias, proyectos de vida y arraigo. Tierra del Fuego necesita industria, trabajo, ciencia, infraestructura, log\u00edstica y poblaci\u00f3n permanente. El arraigo tambi\u00e9n forma parte de la soberan\u00eda\u201d, concluy\u00f3 P\u00e9rez.<\/p>\n<p>&nbsp;<\/p>\n","protected":false},"excerpt":{"rendered":"<p>\u201cMilei intenta tapar su entreguismo hasta que termine el ciclo electoral de 2027\u201d El intendente de R\u00edo Grande,<\/p>\n","protected":false},"author":5,"featured_media":3309,"comment_status":"open","ping_status":"open","sticky":false,"template":"","format":"standard","meta":{"footnotes":""},"categories":[25],"tags":[],"class_list":["post-14471","post","type-post","status-publish","format-standard","has-post-thumbnail","hentry","category-rio-grande"],"featured_image_urls":{"full":["https:\/\/opinionpublica.com.ar\/index\/wp-content\/uploads\/2024\/05\/martin-perez-2.jpg",1200,675,false],"thumbnail":["https:\/\/opinionpublica.com.ar\/index\/wp-content\/uploads\/2024\/05\/martin-perez-2-150x150.jpg",150,150,true],"medium":["https:\/\/opinionpublica.com.ar\/index\/wp-content\/uploads\/2024\/05\/martin-perez-2-300x169.jpg",300,169,true],"medium_large":["https:\/\/opinionpublica.com.ar\/index\/wp-content\/uploads\/2024\/05\/martin-perez-2-768x432.jpg",640,360,true],"large":["https:\/\/opinionpublica.com.ar\/index\/wp-content\/uploads\/2024\/05\/martin-perez-2-1024x576.jpg",640,360,true],"1536x1536":["https:\/\/opinionpublica.com.ar\/index\/wp-content\/uploads\/2024\/05\/martin-perez-2.jpg",1200,675,false],"2048x2048":["https:\/\/opinionpublica.com.ar\/index\/wp-content\/uploads\/2024\/05\/martin-perez-2.jpg",1200,675,false],"morenews-large":["https:\/\/opinionpublica.com.ar\/index\/wp-content\/uploads\/2024\/05\/martin-perez-2-825x575.jpg",825,575,true],"morenews-medium":["https:\/\/opinionpublica.com.ar\/index\/wp-content\/uploads\/2024\/05\/martin-perez-2-590x410.jpg",590,410,true]},"author_info":{"display_name":"Hal","author_link":"https:\/\/opinionpublica.com.ar\/index\/author\/hal\/"},"category_info":"<a href=\"https:\/\/opinionpublica.com.ar\/index\/category\/rio-grande\/\" rel=\"category tag\">Rio Grande<\/a>","tag_info":"Rio Grande","comment_count":"0","_links":{"self":[{"href":"https:\/\/opinionpublica.com.ar\/index\/wp-json\/wp\/v2\/posts\/14471","targetHints":{"allow":["GET"]}}],"collection":[{"href":"https:\/\/opinionpublica.com.ar\/index\/wp-json\/wp\/v2\/posts"}],"about":[{"href":"https:\/\/opinionpublica.com.ar\/index\/wp-json\/wp\/v2\/types\/post"}],"author":[{"embeddable":true,"href":"https:\/\/opinionpublica.com.ar\/index\/wp-json\/wp\/v2\/users\/5"}],"replies":[{"embeddable":true,"href":"https:\/\/opinionpublica.com.ar\/index\/wp-json\/wp\/v2\/comments?post=14471"}],"version-history":[{"count":1,"href":"https:\/\/opinionpublica.com.ar\/index\/wp-json\/wp\/v2\/posts\/14471\/revisions"}],"predecessor-version":[{"id":14472,"href":"https:\/\/opinionpublica.com.ar\/index\/wp-json\/wp\/v2\/posts\/14471\/revisions\/14472"}],"wp:featuredmedia":[{"embeddable":true,"href":"https:\/\/opinionpublica.com.ar\/index\/wp-json\/wp\/v2\/media\/3309"}],"wp:attachment":[{"href":"https:\/\/opinionpublica.com.ar\/index\/wp-json\/wp\/v2\/media?parent=14471"}],"wp:term":[{"taxonomy":"category","embeddable":true,"href":"https:\/\/opinionpublica.com.ar\/index\/wp-json\/wp\/v2\/categories?post=14471"},{"taxonomy":"post_tag","embeddable":true,"href":"https:\/\/opinionpublica.com.ar\/index\/wp-json\/wp\/v2\/tags?post=14471"}],"curies":[{"name":"wp","href":"https:\/\/api.w.org\/{rel}","templated":true}]}}